{"id":9619,"date":"2018-05-29T13:31:13","date_gmt":"2018-05-29T10:31:13","guid":{"rendered":"http:\/\/www.yeniterter.az\/?p=9619"},"modified":"2018-05-29T15:06:56","modified_gmt":"2018-05-29T12:06:56","slug":"%c9%99l-c%c9%99zir%c9%99-telekanalinin-t%c9%99msilcil%c9%99ri-rayonumuza-s%c9%99f%c9%99r-edib","status":"publish","type":"post","link":"https:\/\/yeniterter.az\/?p=9619","title":{"rendered":"\u201c\u018fL-C\u018fZ\u0130R\u018f\u201d TELEKANALININ T\u018fMS\u0130L\u00c7\u0130L\u018fR\u0130 RAYONUMUZA S\u018fF\u018fR ED\u0130B"},"content":{"rendered":"<p><img decoding=\"async\" loading=\"lazy\" class=\"wp-image-9620 alignright\" src=\"http:\/\/www.yeniterter.az\/wp-content\/uploads\/2T5A5163-\u041a\u043e\u043f\u0438\u0440\u043e\u0432\u0430\u0442\u044c-300x200.jpg\" alt=\"\" width=\"154\" height=\"102\" srcset=\"https:\/\/yeniterter.az\/wp-content\/uploads\/2T5A5163-\u041a\u043e\u043f\u0438\u0440\u043e\u0432\u0430\u0442\u044c-300x200.jpg 300w, https:\/\/yeniterter.az\/wp-content\/uploads\/2T5A5163-\u041a\u043e\u043f\u0438\u0440\u043e\u0432\u0430\u0442\u044c-768x512.jpg 768w, https:\/\/yeniterter.az\/wp-content\/uploads\/2T5A5163-\u041a\u043e\u043f\u0438\u0440\u043e\u0432\u0430\u0442\u044c.jpg 1024w\" sizes=\"(max-width: 154px) 100vw, 154px\" \/><img decoding=\"async\" loading=\"lazy\" class=\"wp-image-9652 alignleft\" src=\"http:\/\/www.yeniterter.az\/wp-content\/uploads\/2T5A5582-\u041a\u043e\u043f\u0438\u0440\u043e\u0432\u0430\u0442\u044c-300x200.jpg\" alt=\"\" width=\"149\" height=\"99\" srcset=\"https:\/\/yeniterter.az\/wp-content\/uploads\/2T5A5582-\u041a\u043e\u043f\u0438\u0440\u043e\u0432\u0430\u0442\u044c-300x200.jpg 300w, https:\/\/yeniterter.az\/wp-content\/uploads\/2T5A5582-\u041a\u043e\u043f\u0438\u0440\u043e\u0432\u0430\u0442\u044c-768x512.jpg 768w, https:\/\/yeniterter.az\/wp-content\/uploads\/2T5A5582-\u041a\u043e\u043f\u0438\u0440\u043e\u0432\u0430\u0442\u044c.jpg 1024w\" sizes=\"(max-width: 149px) 100vw, 149px\" \/>Beyn\u0259lxalq Avrasiya M\u0259tbuat Fondunun t\u0259\u015fkilat\u00e7\u0131l\u0131\u011f\u0131 il\u0259 \u201c\u018fl-C\u0259zir\u0259\u201d telekanal\u0131n\u0131n ba\u015f prod\u00fcsseri \u015ehafik Mandhai m\u00fcharib\u0259nin c\u0259bh\u0259 b\u00f6lg\u0259sind\u0259 ya\u015fayan insanlara vurdu\u011fu ziyan bar\u0259d\u0259 reportaj haz\u0131rlamaq m\u0259qs\u0259di il\u0259 T\u0259rt\u0259r rayonuna s\u0259f\u0259r edib.<br \/>\nS\u0259f\u0259r \u00e7\u0259r\u00e7iv\u0259sind\u0259 qonaq T\u0259rt\u0259r Rayon \u0130cra Hakimiyy\u0259tinin ba\u015f\u00e7\u0131s\u0131 M\u00fcst\u0259qim M\u0259mm\u0259dovla g\u00f6r\u00fc\u015f\u00fcb. \u0130cra ba\u015f\u00e7\u0131s\u0131 qona\u011fa rayon haqq\u0131nda \u0259trafl\u0131 m\u0259lumat verib.<br \/>\nG\u00f6r\u00fc\u015fd\u0259 media n\u00fcmay\u0259nd\u0259si \u015ehafik Mandhainini maraqland\u0131ran suallar cavabland\u0131r\u0131l\u0131b. Qonaq s\u0259mimi q\u0259bula v\u0259 \u0259trafl\u0131 m\u0259lumata g\u00f6r\u0259 rayon r\u0259hb\u0259rin\u0259 \u00f6z minn\u0259tdarl\u0131\u011f\u0131n\u0131 bildirib.<br \/>\n\u201c\u018fl-C\u0259zir\u0259\u201d telekanal\u0131n\u0131n n\u00fcmay\u0259nd\u0259si rayonun t\u0259mas x\u0259ttind\u0259 yerl\u0259\u015f\u0259n Qapanl\u0131, \u015e\u0131xarx, H\u0259s\u0259nqaya k\u0259ndl\u0259rind\u0259 sakinl\u0259rl\u0259 g\u00f6r\u00fc\u015f\u00fcb, m\u0259cburi k\u00f6\u00e7k\u00fcnl\u0259r \u00fc\u00e7\u00fcn in\u015fa edil\u0259n yeni ya\u015fay\u0131\u015f kompleksind\u0259 yarad\u0131lan \u015f\u0259raitl\u0259 tan\u0131\u015f olub, erm\u0259nil\u0259rin Qaraba\u011fa k\u00f6\u00e7\u00fcr\u00fclm\u0259sinin 150 illiyi m\u00fcnasib\u0259ti il\u0259 \u015e\u0131xarx q\u0259s\u0259b\u0259sind\u0259 \u00f6zl\u0259ri t\u0259r\u0259find\u0259n tikilmi\u015f \u201cMara\u011fa\u2013 150\u201d abid\u0259sinin qal\u0131qlar\u0131na bax\u0131bd\u0131r.<\/p>\n<p style=\"text-align: right;\"><strong>\u201cYeni T\u0259rt\u0259r\u201d<\/strong><\/p>\n","protected":false},"excerpt":{"rendered":"<p>Beyn\u0259lxalq Avrasiya M\u0259tbuat Fondunun t\u0259\u015fkilat\u00e7\u0131l\u0131\u011f\u0131 il\u0259 \u201c\u018fl-C\u0259zir\u0259\u201d telekanal\u0131n\u0131n ba\u015f prod\u00fcsseri \u015ehafik Mandhai m\u00fcharib\u0259nin c\u0259bh\u0259 b\u00f6lg\u0259sind\u0259 ya\u015fayan insanlara vurdu\u011fu ziyan bar\u0259d\u0259 reportaj haz\u0131rlamaq m\u0259qs\u0259di il\u0259 T\u0259rt\u0259r rayonuna s\u0259f\u0259r edib. S\u0259f\u0259r \u00e7\u0259r\u00e7iv\u0259sind\u0259 qonaq T\u0259rt\u0259r Rayon \u0130cra Hakimiyy\u0259tinin ba\u015f\u00e7\u0131s\u0131 M\u00fcst\u0259qim M\u0259mm\u0259dovla g\u00f6r\u00fc\u015f\u00fcb. \u0130cra ba\u015f\u00e7\u0131s\u0131 qona\u011fa rayon haqq\u0131nda \u0259trafl\u0131 m\u0259lumat verib. G\u00f6r\u00fc\u015fd\u0259 media n\u00fcmay\u0259nd\u0259si \u015ehafik Mandhainini maraqland\u0131ran suallar cavabland\u0131r\u0131l\u0131b. [&hellip;]<\/p>\n","protected":false},"author":2,"featured_media":0,"comment_status":"closed","ping_status":"closed","sticky":false,"template":"","format":"standard","meta":[],"categories":[1],"tags":[13],"_links":{"self":[{"href":"https:\/\/yeniterter.az\/index.php?rest_route=\/wp\/v2\/posts\/9619"}],"collection":[{"href":"https:\/\/yeniterter.az\/index.php?rest_route=\/wp\/v2\/posts"}],"about":[{"href":"https:\/\/yeniterter.az\/index.php?rest_route=\/wp\/v2\/types\/post"}],"author":[{"embeddable":true,"href":"https:\/\/yeniterter.az\/index.php?rest_route=\/wp\/v2\/users\/2"}],"replies":[{"embeddable":true,"href":"https:\/\/yeniterter.az\/index.php?rest_route=%2Fwp%2Fv2%2Fcomments&post=9619"}],"version-history":[{"count":0,"href":"https:\/\/yeniterter.az\/index.php?rest_route=\/wp\/v2\/posts\/9619\/revisions"}],"wp:attachment":[{"href":"https:\/\/yeniterter.az\/index.php?rest_route=%2Fwp%2Fv2%2Fmedia&parent=9619"}],"wp:term":[{"taxonomy":"category","embeddable":true,"href":"https:\/\/yeniterter.az\/index.php?rest_route=%2Fwp%2Fv2%2Fcategories&post=9619"},{"taxonomy":"post_tag","embeddable":true,"href":"https:\/\/yeniterter.az\/index.php?rest_route=%2Fwp%2Fv2%2Ftags&post=9619"}],"curies":[{"name":"wp","href":"https:\/\/api.w.org\/{rel}","templated":true}]}}