{"id":9539,"date":"2018-05-18T10:09:15","date_gmt":"2018-05-18T07:09:15","guid":{"rendered":"http:\/\/www.yeniterter.az\/?p=9539"},"modified":"2018-05-18T10:09:15","modified_gmt":"2018-05-18T07:09:15","slug":"susanin-isgali-gunu-yad-edildi","status":"publish","type":"post","link":"https:\/\/yeniterter.az\/?p=9539","title":{"rendered":"\u015eU\u015eANIN \u0130\u015e\u011eALI G\u00dcN\u00dc YAD ED\u0130LD\u0130"},"content":{"rendered":"<p><img decoding=\"async\" loading=\"lazy\" class=\" wp-image-9540 alignleft\" src=\"http:\/\/www.yeniterter.az\/wp-content\/uploads\/IMG-20180508-WA0003-300x225.jpg\" alt=\"\" width=\"135\" height=\"101\" srcset=\"https:\/\/yeniterter.az\/wp-content\/uploads\/IMG-20180508-WA0003-300x225.jpg 300w, https:\/\/yeniterter.az\/wp-content\/uploads\/IMG-20180508-WA0003-768x576.jpg 768w, https:\/\/yeniterter.az\/wp-content\/uploads\/IMG-20180508-WA0003-1024x768.jpg 1024w, https:\/\/yeniterter.az\/wp-content\/uploads\/IMG-20180508-WA0003.jpg 1280w\" sizes=\"(max-width: 135px) 100vw, 135px\" \/>Tarix-diyar\u015f\u00fcnasl\u0131q muzeyind\u0259 \u201c\u015eu\u015fas\u0131z \u015fu\u015fal\u0131lar\u201d adl\u0131 t\u0259dbir ke\u00e7irilib. T\u0259dbird\u0259 yeni q\u0259s\u0259b\u0259d\u0259 yerl\u0259\u015f\u0259n m\u0259kt\u0259bin m\u00fc\u0259llim v\u0259 \u015fagird kollektivi, Qaraba\u011f m\u00fcharib\u0259si veteranlar\u0131, ictimaiyy\u0259t n\u00fcmay\u0259nd\u0259l\u0259ri i\u015ftirak edibl\u0259r.<br \/>\nT\u0259dbiri giri\u015f s\u00f6z\u00fc il\u0259 muzeyin direktor \u0259v\u0259zi Ayb\u0259niz M\u0259mm\u0259dova a\u00e7araq m\u0259ruz\u0259 edib.<br \/>\nHeyd\u0259r \u018fliyev M\u0259rk\u0259zinin direktoru S\u0259lim\u0259 Yusibova, Qaraba\u011f sava\u015f\u0131n\u0131n d\u00f6y\u00fc\u015f\u00e7\u00fcs\u00fc \u018fkb\u0259r Mirz\u0259zad\u0259, muzeyin i\u015f\u00e7isi Ayb\u0259niz \u015eahbazi, Umudlu folklor evinin direktoru K\u00f6n\u00fcl Niftal\u0131yeva \u00e7\u0131x\u0131\u015f edibl\u0259r.<br \/>\nSonda i\u015ftirak\u00e7\u0131lar muzeyi ziyar\u0259t edib v\u0259 xatir\u0259 \u015f\u0259kli \u00e7\u0259kdiribl\u0259r.<\/p>\n","protected":false},"excerpt":{"rendered":"<p>Tarix-diyar\u015f\u00fcnasl\u0131q muzeyind\u0259 \u201c\u015eu\u015fas\u0131z \u015fu\u015fal\u0131lar\u201d adl\u0131 t\u0259dbir ke\u00e7irilib. T\u0259dbird\u0259 yeni q\u0259s\u0259b\u0259d\u0259 yerl\u0259\u015f\u0259n m\u0259kt\u0259bin m\u00fc\u0259llim v\u0259 \u015fagird kollektivi, Qaraba\u011f m\u00fcharib\u0259si veteranlar\u0131, ictimaiyy\u0259t n\u00fcmay\u0259nd\u0259l\u0259ri i\u015ftirak edibl\u0259r. T\u0259dbiri giri\u015f s\u00f6z\u00fc il\u0259 muzeyin direktor \u0259v\u0259zi Ayb\u0259niz M\u0259mm\u0259dova a\u00e7araq m\u0259ruz\u0259 edib. Heyd\u0259r \u018fliyev M\u0259rk\u0259zinin direktoru S\u0259lim\u0259 Yusibova, Qaraba\u011f sava\u015f\u0131n\u0131n d\u00f6y\u00fc\u015f\u00e7\u00fcs\u00fc \u018fkb\u0259r Mirz\u0259zad\u0259, muzeyin i\u015f\u00e7isi Ayb\u0259niz \u015eahbazi, Umudlu folklor evinin direktoru K\u00f6n\u00fcl [&hellip;]<\/p>\n","protected":false},"author":2,"featured_media":0,"comment_status":"closed","ping_status":"closed","sticky":false,"template":"","format":"standard","meta":[],"categories":[1],"tags":[13],"_links":{"self":[{"href":"https:\/\/yeniterter.az\/index.php?rest_route=\/wp\/v2\/posts\/9539"}],"collection":[{"href":"https:\/\/yeniterter.az\/index.php?rest_route=\/wp\/v2\/posts"}],"about":[{"href":"https:\/\/yeniterter.az\/index.php?rest_route=\/wp\/v2\/types\/post"}],"author":[{"embeddable":true,"href":"https:\/\/yeniterter.az\/index.php?rest_route=\/wp\/v2\/users\/2"}],"replies":[{"embeddable":true,"href":"https:\/\/yeniterter.az\/index.php?rest_route=%2Fwp%2Fv2%2Fcomments&post=9539"}],"version-history":[{"count":0,"href":"https:\/\/yeniterter.az\/index.php?rest_route=\/wp\/v2\/posts\/9539\/revisions"}],"wp:attachment":[{"href":"https:\/\/yeniterter.az\/index.php?rest_route=%2Fwp%2Fv2%2Fmedia&parent=9539"}],"wp:term":[{"taxonomy":"category","embeddable":true,"href":"https:\/\/yeniterter.az\/index.php?rest_route=%2Fwp%2Fv2%2Fcategories&post=9539"},{"taxonomy":"post_tag","embeddable":true,"href":"https:\/\/yeniterter.az\/index.php?rest_route=%2Fwp%2Fv2%2Ftags&post=9539"}],"curies":[{"name":"wp","href":"https:\/\/api.w.org\/{rel}","templated":true}]}}