{"id":9381,"date":"2018-04-27T10:32:40","date_gmt":"2018-04-27T07:32:40","guid":{"rendered":"http:\/\/www.yeniterter.az\/?p=9381"},"modified":"2018-04-27T10:33:21","modified_gmt":"2018-04-27T07:33:21","slug":"s%c9%99hidl%c9%99rimiz-7","status":"publish","type":"post","link":"https:\/\/yeniterter.az\/?p=9381","title":{"rendered":"\u015e\u018fH\u0130DL\u018fR\u0130M\u0130Z"},"content":{"rendered":"<p><strong><img decoding=\"async\" loading=\"lazy\" class=\" wp-image-9382 alignleft\" src=\"http:\/\/www.yeniterter.az\/wp-content\/uploads\/01111111111-173x300.jpg\" alt=\"\" width=\"90\" height=\"156\" srcset=\"https:\/\/yeniterter.az\/wp-content\/uploads\/01111111111-173x300.jpg 173w, https:\/\/yeniterter.az\/wp-content\/uploads\/01111111111.jpg 233w\" sizes=\"(max-width: 90px) 100vw, 90px\" \/>H\u018fM\u0130\u015e\u018f H\u00d6RM\u018fTL\u018f YAD ED\u0130L\u0130R<\/strong><\/p>\n<p>Torpaqlar\u0131m\u0131z\u0131n b\u00fct\u00f6vl\u00fcy\u00fc u\u011frunda canlar\u0131ndan ke\u00e7ib \u015f\u0259hidlik zirv\u0259sin\u0259 ucalan v\u0259t\u0259n o\u011fullar\u0131ndan biri d\u0259 H\u0259s\u0259nov Feyruz N\u0259bi o\u011fludur.<br \/>\nFeyruz 1962-ci ild\u0259 rayonumuzun Azadqaraqoyunlu k\u0259ndind\u0259 anadan olub. Orta t\u0259hsilini do\u011fuldu\u011fu k\u0259nd m\u0259kt\u0259bind\u0259 al\u0131b. Qohumlar\u0131, do\u011fmalar\u0131 t\u0259hsil ill\u0259rind\u0259 onun yax\u015f\u0131 oxumas\u0131ndan, n\u00fcmun\u0259vi \u015fagird olmas\u0131ndan h\u0259mi\u015f\u0259 dan\u0131\u015f\u0131rlar. Orta t\u0259hsilini ba\u015fa vurduqdan sonra o zamank\u0131 Sovet ordusu s\u0131ralar\u0131nda xidm\u0259t edib. Rayon polis \u015f\u00f6b\u0259sind\u0259 i\u015fl\u0259yib. \u00d6z \u00e7evikliyi, silahlardan yax\u015f\u0131 ba\u015f \u00e7\u0131xarmas\u0131 dostlar\u0131, yolda\u015flar\u0131 aras\u0131nda onun h\u00f6rm\u0259tini daha da art\u0131r\u0131b.<br \/>\nO ill\u0259rd\u0259 m\u0259nfur erm\u0259nil\u0259rin torpaqlar\u0131m\u0131za g\u00f6z dikm\u0259si h\u0259mya\u015f\u0131dlar\u0131 kimi bir polis n\u0259f\u0259ri olaraq Feyruzu da ciddi narahat edirdi. Erm\u0259nil\u0259r\u0259 qar\u015f\u0131 bir s\u0131ra d\u00f6y\u00fc\u015fl\u0259rd\u0259 yax\u0131ndan i\u015ftirak etdi. 1992-ci ilin aprel ay\u0131nda ke\u00e7mi\u015f A\u011fd\u0259r\u0259 rayonunun Marqu\u015fevan k\u0259ndi u\u011frunda ged\u0259n d\u00f6y\u00fc\u015fl\u0259rd\u0259 30 ya\u015f\u0131nda \u015f\u0259hid oldu.<!--more--><br \/>\nFeyruz ail\u0259li idi. K\u00f6n\u00fcl adl\u0131 bir q\u0131z\u0131 qal\u0131b. Ail\u0259lidir.<br \/>\nM\u0259rhumun h\u0259yat yolda\u015f\u0131 S\u00fclhiyy\u0259 H\u0259s\u0259nova is\u0259 Azadqaraqoyunlu k\u0259nd u\u015faq ba\u011f\u00e7as\u0131nda i\u015fl\u0259yir.<br \/>\n\u0130ndi d\u0259 k\u0259ndd\u0259 \u015f\u0259hidl\u0259rd\u0259n s\u00f6hb\u0259t d\u00fc\u015f\u0259nd\u0259 Feyruz H\u0259s\u0259nov haqq\u0131nda xo\u015f s\u00f6zl\u0259r deyilir. H\u00f6rm\u0259t v\u0259 ehtiramla yad edilir.<br \/>\n\u015e\u0259hidin q\u0259bri Azadqaraqoyunlu k\u0259nd q\u0259biristanl\u0131\u011f\u0131ndad\u0131r.<br \/>\nAllah b\u00fct\u00fcn \u015f\u0259hidl\u0259rimiz\u0259 r\u0259hm\u0259t el\u0259sin.<\/p>\n<p style=\"text-align: right;\"><strong>\u201cYeni T\u0259rt\u0259r\u201d<\/strong><\/p>\n","protected":false},"excerpt":{"rendered":"<p>H\u018fM\u0130\u015e\u018f H\u00d6RM\u018fTL\u018f YAD ED\u0130L\u0130R Torpaqlar\u0131m\u0131z\u0131n b\u00fct\u00f6vl\u00fcy\u00fc u\u011frunda canlar\u0131ndan ke\u00e7ib \u015f\u0259hidlik zirv\u0259sin\u0259 ucalan v\u0259t\u0259n o\u011fullar\u0131ndan biri d\u0259 H\u0259s\u0259nov Feyruz N\u0259bi o\u011fludur. Feyruz 1962-ci ild\u0259 rayonumuzun Azadqaraqoyunlu k\u0259ndind\u0259 anadan olub. Orta t\u0259hsilini do\u011fuldu\u011fu k\u0259nd m\u0259kt\u0259bind\u0259 al\u0131b. Qohumlar\u0131, do\u011fmalar\u0131 t\u0259hsil ill\u0259rind\u0259 onun yax\u015f\u0131 oxumas\u0131ndan, n\u00fcmun\u0259vi \u015fagird olmas\u0131ndan h\u0259mi\u015f\u0259 dan\u0131\u015f\u0131rlar. Orta t\u0259hsilini ba\u015fa vurduqdan sonra o zamank\u0131 Sovet ordusu [&hellip;]<\/p>\n","protected":false},"author":2,"featured_media":0,"comment_status":"closed","ping_status":"closed","sticky":false,"template":"","format":"standard","meta":[],"categories":[10],"tags":[20],"_links":{"self":[{"href":"https:\/\/yeniterter.az\/index.php?rest_route=\/wp\/v2\/posts\/9381"}],"collection":[{"href":"https:\/\/yeniterter.az\/index.php?rest_route=\/wp\/v2\/posts"}],"about":[{"href":"https:\/\/yeniterter.az\/index.php?rest_route=\/wp\/v2\/types\/post"}],"author":[{"embeddable":true,"href":"https:\/\/yeniterter.az\/index.php?rest_route=\/wp\/v2\/users\/2"}],"replies":[{"embeddable":true,"href":"https:\/\/yeniterter.az\/index.php?rest_route=%2Fwp%2Fv2%2Fcomments&post=9381"}],"version-history":[{"count":0,"href":"https:\/\/yeniterter.az\/index.php?rest_route=\/wp\/v2\/posts\/9381\/revisions"}],"wp:attachment":[{"href":"https:\/\/yeniterter.az\/index.php?rest_route=%2Fwp%2Fv2%2Fmedia&parent=9381"}],"wp:term":[{"taxonomy":"category","embeddable":true,"href":"https:\/\/yeniterter.az\/index.php?rest_route=%2Fwp%2Fv2%2Fcategories&post=9381"},{"taxonomy":"post_tag","embeddable":true,"href":"https:\/\/yeniterter.az\/index.php?rest_route=%2Fwp%2Fv2%2Ftags&post=9381"}],"curies":[{"name":"wp","href":"https:\/\/api.w.org\/{rel}","templated":true}]}}