{"id":9103,"date":"2018-03-29T10:21:56","date_gmt":"2018-03-29T07:21:56","guid":{"rendered":"http:\/\/www.yeniterter.az\/?p=9103"},"modified":"2018-03-29T10:21:56","modified_gmt":"2018-03-29T07:21:56","slug":"7-aprel-umumdunya-saglamliq-gunudur","status":"publish","type":"post","link":"https:\/\/yeniterter.az\/?p=9103","title":{"rendered":"7 APREL  \u00dcMUMD\u00dcNYA SA\u011eLAMLIQ G\u00dcN\u00dcD\u00dcR"},"content":{"rendered":"<p><img decoding=\"async\" loading=\"lazy\" class=\"wp-image-9104 alignleft\" src=\"http:\/\/www.yeniterter.az\/wp-content\/uploads\/481887-300x225.jpg\" alt=\"\" width=\"122\" height=\"91\" srcset=\"https:\/\/yeniterter.az\/wp-content\/uploads\/481887-300x225.jpg 300w, https:\/\/yeniterter.az\/wp-content\/uploads\/481887-768x576.jpg 768w, https:\/\/yeniterter.az\/wp-content\/uploads\/481887.jpg 800w\" sizes=\"(max-width: 122px) 100vw, 122px\" \/>1948-ci ild\u0259 birinci \u00dcmumd\u00fcnya S\u0259hiyy\u0259 Assambleyas\u0131, \u00dcmumd\u00fcnya S\u0259hiyy\u0259 T\u0259\u015fkilat\u0131n\u0131n yarad\u0131lmas\u0131n\u0131 qeyd etm\u0259k \u00fc\u00e7\u00fcn \u00dcmumd\u00fcnya Sa\u011flaml\u0131q G\u00fcn\u00fcn\u00fcn t\u0259sis edilm\u0259si t\u0259\u015f\u0259bb\u00fcs\u00fc il\u0259 \u00e7\u0131x\u0131\u015f etdi. H\u0259r il \u00dcmumd\u00fcnya Sa\u011flaml\u0131q G\u00fcn\u00fcn\u00fcn m\u00f6vzusu \u00dcST \u00fc\u00e7\u00fcn prioritet say\u0131lan bir problemi diqq\u0259t m\u0259rk\u0259zin\u0259 g\u0259tirir.<br \/>\n1950-ci ild\u0259n ba\u015flayaraq \u00dcmumd\u00fcnya Sa\u011flaml\u0131q G\u00fcn\u00fc h\u0259r il aprelin 7-d\u0259 m\u00fcxt\u0259lif m\u00f6vzular \u00fczr\u0259 qeyd edilir. Bu g\u00fcn\u00fcn m\u00f6vzusu D\u00fcnya S\u0259hiyy\u0259 T\u0259\u015fkilat\u0131 (DST) \u00fc\u00e7\u00fcn qar\u015f\u0131ya qoyulan Beyn\u0259lxalq \u0259h\u0259miyy\u0259tli m\u0259s\u0259l\u0259 kimi qiym\u0259tl\u0259ndirilir.<br \/>\n\u00dcmumd\u00fcnya Sa\u011flaml\u0131q G\u00fcn\u00fc diqq\u0259ti \u0259sas ictimai s\u0259hiyy\u0259 m\u0259s\u0259l\u0259l\u0259rin\u0259 y\u00f6n\u0259ltm\u0259k \u00fc\u00e7\u00fcn qlobal bir imkand\u0131r. DST-n\u0131n Avropa B\u00fcrosu x\u00fcsusi t\u0259dbirl\u0259r ke\u00e7irir, el\u0259c\u0259 d\u0259 siyas\u0259t\u00e7il\u0259r v\u0259 dig\u0259r t\u0259r\u0259fda\u015flar aras\u0131nda m\u00fczakir\u0259l\u0259r apar\u0131lmas\u0131na \u015f\u0259rait yarad\u0131r.<!--more--><br \/>\nAz\u0259rbaycan il\u0259 DST aras\u0131nda \u0259m\u0259kda\u015fl\u0131q u\u011furla inki\u015faf edir v\u0259 bu da s\u0259hiyy\u0259 sah\u0259sind\u0259 ke\u00e7iril\u0259n islahatlar bax\u0131m\u0131ndan \u0259h\u0259miyy\u0259tlidir. DST-n\u0131n Avropa Regional komit\u0259sinin sessiyas\u0131n\u0131n 2011-ci ild\u0259 \u00f6lk\u0259mizd\u0259 ke\u00e7irilm\u0259si bunu t\u0259sdiq edir. Bundan \u0259lav\u0259, \u00f6lk\u0259mizd\u0259 \u0259halinin sa\u011flaml\u0131\u011f\u0131n\u0131n t\u0259min olunmas\u0131 v\u0259 s\u0259hiyy\u0259 sisteminin maddi-texniki bazas\u0131n\u0131n m\u00f6hk\u0259ml\u0259ndirilm\u0259si istiqam\u0259tind\u0259 konkret t\u0259dbirl\u0259r g\u00f6r\u00fcl\u00fcr.<br \/>\n\u00dcmumd\u00fcnya S\u0259hiyy\u0259 T\u0259\u015fkilat\u0131 (\u00dcST) 2011-ci ild\u0259, \u00dcmumd\u00fcnya Sa\u011flaml\u0131q g\u00fcn\u00fcn\u00fc \u201cMikrob \u0259leyhin\u0259 d\u0259rmanlara qar\u015f\u0131 m\u00fcqavim\u0259t, bu g\u00fcn t\u0259dbir g\u00f6r\u00fclm\u0259s\u0259 sabah m\u00fcalic\u0259 m\u00fcmk\u00fcn olmayacaq\u201d devizi alt\u0131nda ke\u00e7irmi\u015fdir.<br \/>\nN\u0259z\u0259riniz\u0259 catd\u0131rmaq ist\u0259yir\u0259m ki, \u00dcST h\u0259r il 7 oktyabrda d\u00fcnyada b\u0259\u015f\u0259riyy\u0259t \u00fc\u00e7\u00fcn t\u0259hl\u00fck\u0259 ola bil\u0259c\u0259k m\u00f6vzular\u0131 aktualla\u015fd\u0131r\u0131r.<br \/>\n2015-ci ilin m\u00f6vzusu is\u0259 qida v\u0259 \u0259rzaq m\u0259hsullar\u0131n\u0131n t\u0259hl\u00fck\u0259sizliyi il\u0259 \u0259laq\u0259dar olmu\u015fdur.<br \/>\n\u00dcST-nin m\u0259lumat\u0131na g\u00f6r\u0259 h\u0259r g\u00fcn minl\u0259rl\u0259 insan qar\u015f\u0131s\u0131 al\u0131na bilinm\u0259y\u0259n qida m\u0259n\u015f\u0259li x\u0259st\u0259likl\u0259rd\u0259n d\u00fcnyas\u0131n\u0131 d\u0259yi\u015fir. Qida m\u0259hsullar\u0131ndan d\u00fczg\u00fcn istifad\u0259 qida m\u0259n\u015f\u0259li x\u0259st\u0259likl\u0259rin profilaktikas\u0131n\u0131n \u0259sas elementidir. Qida m\u0259hsullar\u0131 haz\u0131rlanma prosesinin ist\u0259nil\u0259n m\u0259rh\u0259l\u0259sind\u0259 t\u0259hl\u00fck\u0259li mikroorqanizml\u0259rl\u0259 \u00e7irkl\u0259n\u0259 bil\u0259r. Bu x\u0259st\u0259likl\u0259rin qar\u015f\u0131s\u0131n\u0131 sad\u0259 gigiyena qaydalar\u0131na riay\u0259t etm\u0259kl\u0259 almaq olar.<br \/>\nSon 10 ild\u0259 s\u0259hiyy\u0259y\u0259 ayr\u0131lan b\u00fcdc\u0259 v\u0259saiti respublikam\u0131zda 10 d\u0259f\u0259d\u0259n \u00e7ox art\u0131b. Bu m\u00fcdd\u0259t \u0259rzind\u0259 \u0259ks\u0259riyy\u0259ti respublikan\u0131n regionlar\u0131nda yerl\u0259\u015f\u0259n 500-d\u0259n \u00e7ox tibb m\u00fc\u0259ssis\u0259si in\u015fa edilib v\u0259 \u0259sasl\u0131 t\u0259mir olunub.<br \/>\nBu tibb m\u00fc\u0259ssis\u0259l\u0259ri aras\u0131nda T\u0259rt\u0259r rayon m\u0259rk\u0259zi x\u0259st\u0259xanas\u0131 da var. X\u0259st\u0259xanam\u0131z m\u00fcasir tibb avadanl\u0131\u011f\u0131 v\u0259 texnika il\u0259 t\u0259min olunub. T\u0259rt\u0259r Rayon \u0130cra Hakimiyy\u0259tinin ba\u015f\u00e7\u0131s\u0131 M\u00fcst\u0259qim M\u0259mm\u0259dovun k\u00f6m\u0259yi v\u0259 qay\u011f\u0131s\u0131n\u0131n n\u00fcmun\u0259si olaraq T\u0259rt\u0259r MRX-n\u0131n tibb kollektivi i\u015fini g\u00fcn\u00fcn t\u0259l\u0259bl\u0259ri s\u0259viyy\u0259sind\u0259 qurma\u011fa \u00e7al\u0131\u015f\u0131r.<br \/>\nBu g\u00fcnl\u0259r m\u00f6ht\u0259r\u0259m Prezidentimiz c\u0259nab \u0130lham \u018fliyevin tap\u015f\u0131r\u0131\u011f\u0131 il\u0259 ke\u00e7iril\u0259n pulsuz tibbi m\u00fcayin\u0259l\u0259r aksiyas\u0131 x\u0259st\u0259xanam\u0131zda u\u011furla davam edir.<\/p>\n<p style=\"text-align: right;\"><strong>Nadir R\u0259himli,<\/strong><br \/>\n<strong>T\u0259rt\u0259r MRX-n\u0131n terapevt h\u0259kimi<\/strong><\/p>\n","protected":false},"excerpt":{"rendered":"<p>1948-ci ild\u0259 birinci \u00dcmumd\u00fcnya S\u0259hiyy\u0259 Assambleyas\u0131, \u00dcmumd\u00fcnya S\u0259hiyy\u0259 T\u0259\u015fkilat\u0131n\u0131n yarad\u0131lmas\u0131n\u0131 qeyd etm\u0259k \u00fc\u00e7\u00fcn \u00dcmumd\u00fcnya Sa\u011flaml\u0131q G\u00fcn\u00fcn\u00fcn t\u0259sis edilm\u0259si t\u0259\u015f\u0259bb\u00fcs\u00fc il\u0259 \u00e7\u0131x\u0131\u015f etdi. H\u0259r il \u00dcmumd\u00fcnya Sa\u011flaml\u0131q G\u00fcn\u00fcn\u00fcn m\u00f6vzusu \u00dcST \u00fc\u00e7\u00fcn prioritet say\u0131lan bir problemi diqq\u0259t m\u0259rk\u0259zin\u0259 g\u0259tirir. 1950-ci ild\u0259n ba\u015flayaraq \u00dcmumd\u00fcnya Sa\u011flaml\u0131q G\u00fcn\u00fc h\u0259r il aprelin 7-d\u0259 m\u00fcxt\u0259lif m\u00f6vzular \u00fczr\u0259 qeyd edilir. Bu g\u00fcn\u00fcn m\u00f6vzusu [&hellip;]<\/p>\n","protected":false},"author":2,"featured_media":0,"comment_status":"closed","ping_status":"closed","sticky":false,"template":"","format":"standard","meta":[],"categories":[6],"tags":[16],"_links":{"self":[{"href":"https:\/\/yeniterter.az\/index.php?rest_route=\/wp\/v2\/posts\/9103"}],"collection":[{"href":"https:\/\/yeniterter.az\/index.php?rest_route=\/wp\/v2\/posts"}],"about":[{"href":"https:\/\/yeniterter.az\/index.php?rest_route=\/wp\/v2\/types\/post"}],"author":[{"embeddable":true,"href":"https:\/\/yeniterter.az\/index.php?rest_route=\/wp\/v2\/users\/2"}],"replies":[{"embeddable":true,"href":"https:\/\/yeniterter.az\/index.php?rest_route=%2Fwp%2Fv2%2Fcomments&post=9103"}],"version-history":[{"count":0,"href":"https:\/\/yeniterter.az\/index.php?rest_route=\/wp\/v2\/posts\/9103\/revisions"}],"wp:attachment":[{"href":"https:\/\/yeniterter.az\/index.php?rest_route=%2Fwp%2Fv2%2Fmedia&parent=9103"}],"wp:term":[{"taxonomy":"category","embeddable":true,"href":"https:\/\/yeniterter.az\/index.php?rest_route=%2Fwp%2Fv2%2Fcategories&post=9103"},{"taxonomy":"post_tag","embeddable":true,"href":"https:\/\/yeniterter.az\/index.php?rest_route=%2Fwp%2Fv2%2Ftags&post=9103"}],"curies":[{"name":"wp","href":"https:\/\/api.w.org\/{rel}","templated":true}]}}