{"id":8876,"date":"2018-02-23T15:45:44","date_gmt":"2018-02-23T12:45:44","guid":{"rendered":"http:\/\/www.yeniterter.az\/?p=8876"},"modified":"2018-02-23T15:45:44","modified_gmt":"2018-02-23T12:45:44","slug":"veteranlar-ilham-%c9%99liyevi-d%c9%99st%c9%99kl%c9%99yirl%c9%99r","status":"publish","type":"post","link":"https:\/\/yeniterter.az\/?p=8876","title":{"rendered":"VETERANLAR \u0130LHAM \u018fL\u0130YEV\u0130 D\u018fST\u018fKL\u018fY\u0130RL\u018fR"},"content":{"rendered":"<p>Qaraba\u011f M\u00fcharib\u0259si \u018flill\u0259ri, Veteranlar\u0131 v\u0259 \u015e\u0259hid Ail\u0259l\u0259ri \u0130ctimai Birliyi T\u0259rt\u0259r rayon t\u0259\u015fkilat\u0131n\u0131n s\u0259dri Suliddin Yusibov redaksiyam\u0131zda olark\u0259n bildirdi ki, m\u00fcharib\u0259 veteranlar\u0131 birm\u0259nal\u0131 olaraq YAP-\u0131n qurultay\u0131nda q\u0259bul edil\u0259n q\u0259rar\u0131 d\u0259st\u0259kl\u0259yirl\u0259r. C\u0259nab \u0130lham \u018fliyev m\u00fcharib\u0259 veteranlar\u0131na \u00e7ox h\u0259ssas, do\u011fma m\u00fcnasib\u0259t g\u00f6st\u0259rir, onlar\u0131n qay\u011f\u0131lar\u0131 il\u0259 yax\u0131ndan maraqlan\u0131r. Bu t\u0259b\u0259q\u0259d\u0259n olan insanlar \u00fc\u00e7\u00fcn m\u0259nzill\u0259r, f\u0259rdi evl\u0259r tikilib istifad\u0259y\u0259 verilir, onlar minik ma\u015f\u0131nlar\u0131 il\u0259 t\u0259min edilirl\u0259r. \u015e\u0259hid ail\u0259l\u0259ri, \u0259lill\u0259r d\u0259 bu qay\u011f\u0131dan k\u0259narda qalm\u0131rlar.<br \/>\nVeteranlar \u0259mindirl\u0259r ki, Prezident \u0130lham \u018fliyevin h\u0259yata ke\u00e7irdiyi d\u00fc\u015f\u00fcn\u00fclm\u00fc\u015f xarici siyas\u0259t n\u0259tic\u0259sind\u0259 i\u015f\u011fal alt\u0131nda olan torpaqlar\u0131m\u0131z azad edil\u0259c\u0259k, m\u0259cburi k\u00f6\u00e7k\u00fcn soyda\u015flar\u0131m\u0131z do\u011fma yurd-yuvalar\u0131na qay\u0131dacaqlar.<br \/>\nS\u00f6hb\u0259tinin sonunda Suliddin Yusibov dedi: \u201cBizim yegan\u0259 liderimiz c\u0259nab \u0130lham \u018fliyevdir\u201d.<\/p>\n<p style=\"text-align: right;\"><strong>\u201cYeni T\u0259rt\u0259r\u201d<\/strong><\/p>\n","protected":false},"excerpt":{"rendered":"<p>Qaraba\u011f M\u00fcharib\u0259si \u018flill\u0259ri, Veteranlar\u0131 v\u0259 \u015e\u0259hid Ail\u0259l\u0259ri \u0130ctimai Birliyi T\u0259rt\u0259r rayon t\u0259\u015fkilat\u0131n\u0131n s\u0259dri Suliddin Yusibov redaksiyam\u0131zda olark\u0259n bildirdi ki, m\u00fcharib\u0259 veteranlar\u0131 birm\u0259nal\u0131 olaraq YAP-\u0131n qurultay\u0131nda q\u0259bul edil\u0259n q\u0259rar\u0131 d\u0259st\u0259kl\u0259yirl\u0259r. C\u0259nab \u0130lham \u018fliyev m\u00fcharib\u0259 veteranlar\u0131na \u00e7ox h\u0259ssas, do\u011fma m\u00fcnasib\u0259t g\u00f6st\u0259rir, onlar\u0131n qay\u011f\u0131lar\u0131 il\u0259 yax\u0131ndan maraqlan\u0131r. Bu t\u0259b\u0259q\u0259d\u0259n olan insanlar \u00fc\u00e7\u00fcn m\u0259nzill\u0259r, f\u0259rdi evl\u0259r tikilib istifad\u0259y\u0259 verilir, [&hellip;]<\/p>\n","protected":false},"author":2,"featured_media":0,"comment_status":"closed","ping_status":"closed","sticky":false,"template":"","format":"standard","meta":[],"categories":[10],"tags":[20],"_links":{"self":[{"href":"https:\/\/yeniterter.az\/index.php?rest_route=\/wp\/v2\/posts\/8876"}],"collection":[{"href":"https:\/\/yeniterter.az\/index.php?rest_route=\/wp\/v2\/posts"}],"about":[{"href":"https:\/\/yeniterter.az\/index.php?rest_route=\/wp\/v2\/types\/post"}],"author":[{"embeddable":true,"href":"https:\/\/yeniterter.az\/index.php?rest_route=\/wp\/v2\/users\/2"}],"replies":[{"embeddable":true,"href":"https:\/\/yeniterter.az\/index.php?rest_route=%2Fwp%2Fv2%2Fcomments&post=8876"}],"version-history":[{"count":0,"href":"https:\/\/yeniterter.az\/index.php?rest_route=\/wp\/v2\/posts\/8876\/revisions"}],"wp:attachment":[{"href":"https:\/\/yeniterter.az\/index.php?rest_route=%2Fwp%2Fv2%2Fmedia&parent=8876"}],"wp:term":[{"taxonomy":"category","embeddable":true,"href":"https:\/\/yeniterter.az\/index.php?rest_route=%2Fwp%2Fv2%2Fcategories&post=8876"},{"taxonomy":"post_tag","embeddable":true,"href":"https:\/\/yeniterter.az\/index.php?rest_route=%2Fwp%2Fv2%2Ftags&post=8876"}],"curies":[{"name":"wp","href":"https:\/\/api.w.org\/{rel}","templated":true}]}}