{"id":8861,"date":"2018-02-23T15:36:57","date_gmt":"2018-02-23T12:36:57","guid":{"rendered":"http:\/\/www.yeniterter.az\/?p=8861"},"modified":"2018-02-23T15:44:07","modified_gmt":"2018-02-23T12:44:07","slug":"m%c9%99cburi-kockunl%c9%99r-g%c9%99l%c9%99c%c9%99y%c9%99-nikbin-baxirlar","status":"publish","type":"post","link":"https:\/\/yeniterter.az\/?p=8861","title":{"rendered":"M\u018fCBUR\u0130  K\u00d6\u00c7K\u00dcNL\u018fR G\u018fL\u018fC\u018fY\u018f N\u0130KB\u0130N BAXIRLAR"},"content":{"rendered":"<p>Erm\u0259ni vandallar\u0131n\u0131n t\u00f6r\u0259tdikl\u0259ri v\u0259h\u015filikl\u0259r n\u0259tic\u0259sind\u0259 \u00f6z do\u011fma yurd-yuvalar\u0131m\u0131z\u0131, isti ocaqlar\u0131m\u0131z\u0131 t\u0259rk edib m\u0259cburi k\u00f6\u00e7k\u00fcn h\u0259yat\u0131 s\u00fcrm\u0259y\u0259 m\u0259cburuq. Lakin bu, bizi ruhdan salm\u0131r. \u00c7\u00fcnki c\u0259nab \u0130lham \u018fliyev kimi Prezidentimiz var. D\u00fcnyan\u0131n \u0259n m\u00f6t\u0259b\u0259r tribunalar\u0131ndan o, Az\u0259rbaycan\u0131n haql\u0131 m\u00f6vqeyini s\u0259sl\u0259ndir\u0259r\u0259k, bu m\u0259s\u0259l\u0259nin tezlikl\u0259 h\u0259ll olunmas\u0131na \u00e7al\u0131\u015f\u0131r.<br \/>\nBiz Prezidentimizin f\u0259aliyy\u0259tini \u00fcr\u0259kd\u0259n b\u0259y\u0259nirik. Bu f\u0259aliyy\u0259tin m\u0259qs\u0259di xalq\u0131n xo\u015fb\u0259xtliyidir. \u00d6t\u0259n ilin sonunda \u015e\u0131xarda m\u0259cburi k\u00f6\u00e7k\u00fcnl\u0259r \u00fc\u00e7\u00fcn tikil\u0259n \u015f\u0259h\u0259rcikd\u0259 m\u0259n m\u00f6ht\u0259r\u0259m Prezidentimizl\u0259 g\u00f6r\u00fc\u015fd\u00fcm. \u0130lham \u018fliyev t\u0259k bir anan\u0131n, bir ail\u0259nin \u00f6vlad\u0131 deyil, o, bu xalq\u0131n b\u00f6y\u00fck v\u0259 q\u00fcdr\u0259tli o\u011fludur. Qar\u015f\u0131dak\u0131 prezident se\u00e7kil\u0259rind\u0259 biz m\u0259cburi k\u00f6\u00e7k\u00fcnl\u0259r c\u0259nab \u0130lham \u018fliyev\u0259 s\u0259s ver\u0259c\u0259yik.<\/p>\n<p style=\"text-align: right;\"><strong>Pakiz\u0259 M\u018fMM\u018fDOVA,<\/strong><br \/>\n<strong>A\u011fdam rayonundan m\u0259cburi k\u00f6\u00e7k\u00fcn<\/strong><\/p>\n","protected":false},"excerpt":{"rendered":"<p>Erm\u0259ni vandallar\u0131n\u0131n t\u00f6r\u0259tdikl\u0259ri v\u0259h\u015filikl\u0259r n\u0259tic\u0259sind\u0259 \u00f6z do\u011fma yurd-yuvalar\u0131m\u0131z\u0131, isti ocaqlar\u0131m\u0131z\u0131 t\u0259rk edib m\u0259cburi k\u00f6\u00e7k\u00fcn h\u0259yat\u0131 s\u00fcrm\u0259y\u0259 m\u0259cburuq. Lakin bu, bizi ruhdan salm\u0131r. \u00c7\u00fcnki c\u0259nab \u0130lham \u018fliyev kimi Prezidentimiz var. D\u00fcnyan\u0131n \u0259n m\u00f6t\u0259b\u0259r tribunalar\u0131ndan o, Az\u0259rbaycan\u0131n haql\u0131 m\u00f6vqeyini s\u0259sl\u0259ndir\u0259r\u0259k, bu m\u0259s\u0259l\u0259nin tezlikl\u0259 h\u0259ll olunmas\u0131na \u00e7al\u0131\u015f\u0131r. Biz Prezidentimizin f\u0259aliyy\u0259tini \u00fcr\u0259kd\u0259n b\u0259y\u0259nirik. Bu f\u0259aliyy\u0259tin m\u0259qs\u0259di xalq\u0131n xo\u015fb\u0259xtliyidir. \u00d6t\u0259n [&hellip;]<\/p>\n","protected":false},"author":2,"featured_media":0,"comment_status":"closed","ping_status":"closed","sticky":false,"template":"","format":"standard","meta":[],"categories":[10],"tags":[20],"_links":{"self":[{"href":"https:\/\/yeniterter.az\/index.php?rest_route=\/wp\/v2\/posts\/8861"}],"collection":[{"href":"https:\/\/yeniterter.az\/index.php?rest_route=\/wp\/v2\/posts"}],"about":[{"href":"https:\/\/yeniterter.az\/index.php?rest_route=\/wp\/v2\/types\/post"}],"author":[{"embeddable":true,"href":"https:\/\/yeniterter.az\/index.php?rest_route=\/wp\/v2\/users\/2"}],"replies":[{"embeddable":true,"href":"https:\/\/yeniterter.az\/index.php?rest_route=%2Fwp%2Fv2%2Fcomments&post=8861"}],"version-history":[{"count":0,"href":"https:\/\/yeniterter.az\/index.php?rest_route=\/wp\/v2\/posts\/8861\/revisions"}],"wp:attachment":[{"href":"https:\/\/yeniterter.az\/index.php?rest_route=%2Fwp%2Fv2%2Fmedia&parent=8861"}],"wp:term":[{"taxonomy":"category","embeddable":true,"href":"https:\/\/yeniterter.az\/index.php?rest_route=%2Fwp%2Fv2%2Fcategories&post=8861"},{"taxonomy":"post_tag","embeddable":true,"href":"https:\/\/yeniterter.az\/index.php?rest_route=%2Fwp%2Fv2%2Ftags&post=8861"}],"curies":[{"name":"wp","href":"https:\/\/api.w.org\/{rel}","templated":true}]}}