{"id":8857,"date":"2018-02-23T15:31:20","date_gmt":"2018-02-23T12:31:20","guid":{"rendered":"http:\/\/www.yeniterter.az\/?p=8857"},"modified":"2018-02-23T15:31:20","modified_gmt":"2018-02-23T12:31:20","slug":"dun%c9%99nin-%c9%99yal%c9%99ti-bugunun-inkisaf-etmis-rayonudur","status":"publish","type":"post","link":"https:\/\/yeniterter.az\/?p=8857","title":{"rendered":"D\u00dcN\u018fN\u0130N  \u018fYAL\u018fT\u0130  BUG\u00dcN\u00dcN  \u0130NK\u0130\u015eAF  ETM\u0130\u015e  RAYONUDUR"},"content":{"rendered":"<p>1 milyon 500 min \u00fczv\u00fc v\u0259 16901 t\u0259\u015fkilat\u0131 \u00f6z\u00fcnd\u0259 birl\u0259\u015fdir\u0259n H\u0259mkarlar \u0130ttifaq\u0131 Konfederasiyas\u0131 v\u0259 700 mind\u0259n \u00e7ox \u00fczv\u00fc olan Yeni Az\u0259rbaycan Partiyas\u0131 \u0130lham \u018fliyevin Prezidentliy\u0259 namiz\u0259dliyini ir\u0259li s\u00fcr\u00fcbl\u0259r.<br \/>\nYaln\u0131z h\u0259min t\u0259\u015fkilatlar deyil, b\u00fct\u00fcn Az\u0259rbaycan xalq\u0131 qar\u015f\u0131dak\u0131 Prezident se\u00e7kil\u0259rind\u0259 c\u0259nab \u0130lham \u018fliyevi alternativsiz lider hesab edir. Bu is\u0259 xalq\u0131n \u00f6z Prezidentin\u0259, onun h\u0259yata ke\u00e7irdiyi siyas\u0259t\u0259 inam hissind\u0259n do\u011fur.<br \/>\n\u0130nsanlar ilk n\u00f6vb\u0259d\u0259 h\u0259yatda g\u00f6rd\u00fckl\u0259rin\u0259 inan\u0131rlar. Son 14 ild\u0259 Az\u0259rbaycanda g\u00f6r\u00fcl\u0259n i\u015fl\u0259ri is\u0259 t\u0259kc\u0259 biz \u00f6z\u00fcm\u00fcz deyil, b\u00fc-t\u00fcn d\u00fcnya g\u00f6r\u00fcr. Dostlar\u0131m\u0131z sevinir, d\u00fc\u015fm\u0259nl\u0259r is\u0259 dem\u0259y\u0259 s\u00f6z tapm\u0131rlar.<br \/>\nD\u00f6vl\u0259t ba\u015f\u00e7\u0131s\u0131n\u0131n r\u0259hb\u0259rliyi il\u0259 h\u0259yata ke\u00e7iril\u0259n regional inki\u015faf Proqramlar\u0131 regionlar\u0131m\u0131z\u0131n h\u0259yat\u0131n\u0131 tan\u0131nmaz d\u0259r\u0259c\u0259d\u0259 deyi\u015fib. Art\u0131q Az\u0259rbaycan\u0131n h\u0259r hans\u0131 bir n\u00f6qt\u0259sin\u0259 \u0259yal\u0259t dem\u0259y\u0259 insan\u0131n dili g\u0259lmir. \u00c7\u00fcnki c\u0259nab \u0130lham \u018fliyevin tap\u015f\u0131r\u0131qlar\u0131 \u0259sas\u0131nda real i\u015fl\u0259r\u0259 \u00e7evril\u0259n irimiqyasl\u0131 layih\u0259l\u0259r, Proqramlar n\u0259tic\u0259sind\u0259 indi iri \u015f\u0259h\u0259rl\u0259rimizl\u0259 rayon m\u0259rk\u0259zl\u0259ri aras\u0131ndak\u0131 f\u0259rq aradan g\u00f6t\u00fcr\u00fcl\u00fcb. Sosial infrastruktur layih\u0259l\u0259rin icras\u0131 n\u0259tic\u0259sind\u0259 b\u00f6lg\u0259l\u0259rd\u0259 ya\u015fayan insanlar da elektrik enerjisind\u0259n, mavi yanacaqdan, i\u00e7m\u0259li sudan, rabit\u0259 xidm\u0259tl\u0259rind\u0259n laz\u0131m\u0131nca istifad\u0259 edirl\u0259r.<!--more--><br \/>\n\u00d6lk\u0259 ba\u015f\u00e7\u0131s\u0131n\u0131n r\u0259hb\u0259rliyi alt\u0131nda regionlarda yol infastrukturunun yenid\u0259n qurulmas\u0131 prosesi m\u00fcv\u0259ff\u0259qiyy\u0259tl\u0259 davam edir. Son ill\u0259r T\u0259rt\u0259r rayonunda g\u00f6r\u00fcl\u0259n i\u015fl\u0259r bunun bariz n\u00fcmun\u0259sidir. T\u0259kc\u0259 \u00f6t\u0259n il \u201cAz\u0259ravtoyol\u201d ASC t\u0259r\u0259find\u0259n Sarov k\u0259ndi \u0259razisind\u0259 \u0130nc\u0259\u00e7ay \u00fcz\u0259rind\u0259 yeni k\u00f6rp\u00fc tikilib istifad\u0259y\u0259 verilmi\u015f, 24 min n\u0259f\u0259r \u0259halinin ya\u015fad\u0131\u011f\u0131 20 ya\u015fay\u0131\u015f m\u0259nt\u0259q\u0259sini birl\u0259\u015fdir\u0259n T\u0259rt\u0259r-Seydimli-Qarada\u011fl\u0131-Sarov yolunun yenid\u0259n qurulmas\u0131 i\u015fl\u0259ri ba\u015fa \u00e7atd\u0131r\u0131lm\u0131\u015fd\u0131r.<br \/>\nKovdad\u0131q-R\u0259c\u0259bli, T\u0259z\u0259k\u0259nd, Seydimli, S\u0259hlabad, Qara\u011fac\u0131 k\u0259nd yollar\u0131 t\u0259mir edilmi\u015fdir. Haz\u0131rda rayonda k\u0259nd yollar\u0131n\u0131n abadla\u015fd\u0131r\u0131lmas\u0131 i\u015fl\u0259rinin s\u00fcr\u0259ti daha da art\u0131b. Prezident \u0130lham \u018fliyev deyib: \u201c&#8230;yol infrastrukturu sad\u0259c\u0259 olaraq sosial layih\u0259 deyil&#8230; Biz g\u00f6r\u00fcr\u00fck ki, harada yeni yol \u00e7\u0259kilir, o b\u00f6lg\u0259d\u0259 canlanma daha s\u00fcr\u0259tl\u0259 gedir, k\u0259nd t\u0259s\u0259rr\u00fcfat\u0131 m\u0259hsullar\u0131 istehsal\u0131 daha da art\u0131r\u201d. Rayonumuzda k\u0259nd t\u0259s\u0259rr\u00fcfat\u0131n\u0131n unki\u015faf\u0131nda qazan\u0131lan u\u011furlar \u00f6lk\u0259 ba\u015f\u00e7\u0131s\u0131n\u0131n fikirl\u0259rinin t\u0259sdiqidir.<br \/>\n\u00d6t\u0259n m\u00fcdd\u0259t \u0259rzind\u0259 qeyri-neft sektorunun inki\u015faf\u0131 minl\u0259rl\u0259 yeni i\u015f yerinin a\u00e7\u0131lmas\u0131na v\u0259 \u00f6lk\u0259d\u0259 i\u015fsizlik probleminin m\u00fcv\u0259ff\u0259qiyy\u0259tl\u0259 h\u0259ll olunmas\u0131na k\u00f6m\u0259k etmi\u015fdir.<br \/>\nX\u00fcsusil\u0259 g\u0259ncl\u0259rin m\u0259\u015f\u011fulluq probleminin h\u0259lli d\u00f6vl\u0259timizin v\u0259 onun ba\u015f\u00e7\u0131s\u0131n\u0131n daimi diqq\u0259t m\u0259rk\u0259zind\u0259dir. \u00d6lk\u0259d\u0259 bilikli v\u0259 v\u0259t\u0259np\u0259rv\u0259r g\u0259ncl\u0259rin yeti\u015fdirilm\u0259si m\u0259qs\u0259di il\u0259 m\u00fcxt\u0259lif uzunm\u00fcdd\u0259tli proqramlar h\u0259yata ke\u00e7irilir ki, bunun da n\u0259tic\u0259sind\u0259 iqtisadi kapital\u0131n \u201cinsan kapital\u0131\u201dna \u00e7evrilm\u0259si prosesi u\u011furla davam edir.<br \/>\nD\u00f6vl\u0259t ba\u015f\u00e7\u0131s\u0131n\u0131n qay\u011f\u0131 il\u0259 yana\u015fd\u0131\u011f\u0131 m\u0259s\u0259l\u0259l\u0259rd\u0259n biri d\u0259 m\u0259cburi k\u00f6\u00e7k\u00fcn v\u0259 qa\u00e7q\u0131n v\u0259t\u0259nda\u015flar\u0131m\u0131z\u0131n ya\u015fay\u0131\u015f \u015f\u0259raitinin yax\u015f\u0131la\u015fd\u0131r\u0131lmas\u0131d\u0131r. \u00d6t\u0259n il \u015e\u0131xarx q\u0259s\u0259b\u0259sind\u0259 1170 m\u0259cburi k\u00f6\u00e7k\u00fcn ail\u0259si \u00fc\u00e7\u00fcn yeni q\u0259s\u0259b\u0259nin sal\u0131nmas\u0131, f\u0259rdi evl\u0259rin tikilm\u0259si b\u00f6y\u00fck r\u0259\u011fb\u0259tl\u0259 qar\u015f\u0131lan\u0131b.<br \/>\nH\u0259r bir v\u0259t\u0259nda\u015f\u0131n Prezidenti oldu\u011funu dey\u0259n d\u00f6vl\u0259t ba\u015f\u00e7\u0131s\u0131 bunu \u0259m\u0259li f\u0259aliyy\u0259ti il\u0259 s\u00fcbut edir. \u00d6mr\u00fcn\u00fcn ah\u0131l \u00e7a\u011f\u0131n\u0131 ya\u015fayan t\u0259qa\u00fcd\u00e7\u00fc, h\u0259l\u0259 m\u0259kt\u0259b partas\u0131 arxas\u0131nda \u0259yl\u0259\u015fib g\u0259l\u0259c\u0259y\u0259 b\u00f6y\u00fck \u00fcmidl\u0259rl\u0259 baxan yeniyetm\u0259, sahibkar, veteran, sad\u0259 z\u0259hm\u0259t adam\u0131, bir s\u00f6zl\u0259, h\u0259r k\u0259s \u00f6z g\u00fcnd\u0259lik h\u0259yat\u0131nda c\u0259nab \u0130lham \u018fliyevin diqq\u0259t v\u0259 qay\u011f\u0131s\u0131n\u0131 hiss edir v\u0259 xo\u015fb\u0259xt g\u0259l\u0259c\u0259yini m\u0259hz Prezidentin h\u0259yata ke\u00e7irdiyi siyas\u0259td\u0259 g\u00f6r\u00fcr.<\/p>\n<p style=\"text-align: right;\"><strong>Svetlana BA\u011eIROVA<\/strong><\/p>\n","protected":false},"excerpt":{"rendered":"<p>1 milyon 500 min \u00fczv\u00fc v\u0259 16901 t\u0259\u015fkilat\u0131 \u00f6z\u00fcnd\u0259 birl\u0259\u015fdir\u0259n H\u0259mkarlar \u0130ttifaq\u0131 Konfederasiyas\u0131 v\u0259 700 mind\u0259n \u00e7ox \u00fczv\u00fc olan Yeni Az\u0259rbaycan Partiyas\u0131 \u0130lham \u018fliyevin Prezidentliy\u0259 namiz\u0259dliyini ir\u0259li s\u00fcr\u00fcbl\u0259r. Yaln\u0131z h\u0259min t\u0259\u015fkilatlar deyil, b\u00fct\u00fcn Az\u0259rbaycan xalq\u0131 qar\u015f\u0131dak\u0131 Prezident se\u00e7kil\u0259rind\u0259 c\u0259nab \u0130lham \u018fliyevi alternativsiz lider hesab edir. Bu is\u0259 xalq\u0131n \u00f6z Prezidentin\u0259, onun h\u0259yata ke\u00e7irdiyi siyas\u0259t\u0259 inam [&hellip;]<\/p>\n","protected":false},"author":2,"featured_media":0,"comment_status":"closed","ping_status":"closed","sticky":false,"template":"","format":"standard","meta":[],"categories":[10],"tags":[20],"_links":{"self":[{"href":"https:\/\/yeniterter.az\/index.php?rest_route=\/wp\/v2\/posts\/8857"}],"collection":[{"href":"https:\/\/yeniterter.az\/index.php?rest_route=\/wp\/v2\/posts"}],"about":[{"href":"https:\/\/yeniterter.az\/index.php?rest_route=\/wp\/v2\/types\/post"}],"author":[{"embeddable":true,"href":"https:\/\/yeniterter.az\/index.php?rest_route=\/wp\/v2\/users\/2"}],"replies":[{"embeddable":true,"href":"https:\/\/yeniterter.az\/index.php?rest_route=%2Fwp%2Fv2%2Fcomments&post=8857"}],"version-history":[{"count":0,"href":"https:\/\/yeniterter.az\/index.php?rest_route=\/wp\/v2\/posts\/8857\/revisions"}],"wp:attachment":[{"href":"https:\/\/yeniterter.az\/index.php?rest_route=%2Fwp%2Fv2%2Fmedia&parent=8857"}],"wp:term":[{"taxonomy":"category","embeddable":true,"href":"https:\/\/yeniterter.az\/index.php?rest_route=%2Fwp%2Fv2%2Fcategories&post=8857"},{"taxonomy":"post_tag","embeddable":true,"href":"https:\/\/yeniterter.az\/index.php?rest_route=%2Fwp%2Fv2%2Ftags&post=8857"}],"curies":[{"name":"wp","href":"https:\/\/api.w.org\/{rel}","templated":true}]}}