{"id":8855,"date":"2018-02-23T15:20:28","date_gmt":"2018-02-23T12:20:28","guid":{"rendered":"http:\/\/www.yeniterter.az\/?p=8855"},"modified":"2018-02-23T15:20:28","modified_gmt":"2018-02-23T12:20:28","slug":"v%c9%99t%c9%99nin%c9%99-butun-varligi-il%c9%99-bagli-olan-lider","status":"publish","type":"post","link":"https:\/\/yeniterter.az\/?p=8855","title":{"rendered":"V\u018fT\u018fN\u0130N\u018f B\u00dcT\u00dcN VARLI\u011eI \u0130L\u018f BA\u011eLI OLAN L\u0130DER"},"content":{"rendered":"<p>\u018fb\u0259s yer\u0259 demirl\u0259r ki, yaz\u0131l\u0131 media \u00f6z\u00fcnd\u0259 tarixi ya\u015fad\u0131r. Bu, h\u0259qiq\u0259t\u0259n d\u0259 bel\u0259dir. Qar\u015f\u0131mda saralm\u0131\u015f bir q\u0259zet n\u00fcsx\u0259si var\u20136 noyabr 2003-c\u00fc il tarixli \u201cXalq q\u0259zeti\u201d. Burada m\u0259nim \u201cPrezident \u0130lham \u018fliyev hakimiyy\u0259t\u0259 \u00f6lk\u0259nin probleml\u0259rini h\u0259ll etm\u0259k \u00fc\u00e7\u00fcn g\u0259lib\u201d m\u0259qal\u0259m d\u0259rc olunub. O zaman m\u0259n Bak\u0131 elektron hesablay\u0131c\u0131 ma\u015f\u0131nlar zavodunun direktoru i\u015fl\u0259yirdim. Bu m\u0259qal\u0259ni oxuyark\u0259n bir daha xalq m\u00fcdrikliyinin \u015fahidi olursan. M\u0259qal\u0259d\u0259 deyilir: \u201cM\u0259n M\u0259rk\u0259zi Se\u00e7ki Komissiyas\u0131 t\u0259r\u0259find\u0259n prezident se\u00e7kil\u0259rind\u0259 m\u00fc\u015fahid\u0259\u00e7i kimi i\u015ftirak etdim. \u018fllid\u0259n \u00e7ox m\u0259nt\u0259q\u0259d\u0259 oldum. Xarici m\u00fc\u015fahid\u0259\u00e7il\u0259r d\u0259 \u00e7ox idi. S\u00f6z\u00fcn h\u0259qiqi m\u0259nas\u0131nda, heyr\u0259t edirdil\u0259r. Rusiyal\u0131 m\u00fc\u015fahid\u0259\u00e7il\u0259r ne\u00e7\u0259 d\u0259f\u0259 dil\u0259 g\u0259tirdil\u0259r ki, ka\u015f bizim \u00f6lk\u0259nin v\u0259t\u0259nda\u015flar\u0131 taley\u00fckl\u00fc m\u0259s\u0259l\u0259l\u0259rd\u0259 bel\u0259 f\u0259al olayd\u0131lar. Adamlar s\u0259s verm\u0259k \u00fc\u00e7\u00fcn n\u00f6vb\u0259y\u0259 durmu\u015fdular. S\u0259sverm\u0259 prosesi o q\u0259d\u0259r y\u00fcks\u0259k s\u0259viyy\u0259d\u0259 ke\u00e7irdi ki, kims\u0259 irad tutma\u011fa \u0259sas tapm\u0131rd\u0131\u201d.<br \/>\nM\u0259qal\u0259d\u0259 daha sonra bildirilir ki, \u00f6lk\u0259miz i\u015f\u0131ql\u0131 g\u0259l\u0259c\u0259k yolundad\u0131r. Bu yol Heyd\u0259r \u018fliyev yoludur. \u0130ndi xalq\u0131 bu yolla firavan g\u0259l\u0259c\u0259y\u0259 aparacaq \u015f\u0259xs \u0130lham \u018fliyevdir. Onu xalq se\u00e7ib, bu missiyan\u0131 da xalq ona h\u0259val\u0259 edib. <!--more-->Bilir ki, m\u00f6ht\u0259r\u0259m Heyd\u0259r \u018fliyevin xalq, v\u0259t\u0259n \u00fc\u00e7\u00fcn etm\u0259k ist\u0259dikl\u0259rini yaln\u0131z c\u0259nab \u0130lham \u018fliyev u\u011furla davam etdir\u0259 bil\u0259r. \u00c7\u00fcnki o, Heyd\u0259r \u018fliyev m\u0259kt\u0259binin \u0259n layiqli yetirm\u0259sidir, z\u0259kal\u0131d\u0131r, q\u0259tiyy\u0259tlidir, xalq\u0131na v\u0259 v\u0259t\u0259nin\u0259 b\u00fct\u00fcn varl\u0131\u011f\u0131 il\u0259 ba\u011fl\u0131d\u0131r. Xalq bunu bilir v\u0259 g\u00f6r\u00fcr.<br \/>\nM\u0259qal\u0259d\u0259 Az\u0259rbaycan\u0131n qar\u015f\u0131s\u0131nda duran taley\u00fckl\u00fc m\u0259s\u0259l\u0259l\u0259rd\u0259n, h\u0259llini g\u00f6zl\u0259y\u0259n probleml\u0259rd\u0259n d\u0259 dan\u0131\u015f\u0131l\u0131r. Bildirilir ki, Ulu \u00d6nd\u0259rin ba\u015flad\u0131\u011f\u0131 missiyan\u0131 c\u0259nab \u0130lham \u018fliyev u\u011furla davam etdir\u0259c\u0259k.<br \/>\n2003-c\u00fc ild\u0259ki Prezident se\u00e7kil\u0259rind\u0259n sonra \u0130lham \u018fliyev \u00e7\u0131x\u0131\u015flar\u0131n\u0131n birind\u0259 bel\u0259 demi\u015fdi: \u201cBiz az\u0259rbaycan\u0131 \u00e7ox q\u0131sa bir zamanda z\u0259ngin d\u00f6vl\u0259t\u0259 \u00e7evirm\u0259k niyy\u0259tind\u0259yik v\u0259 bunu ed\u0259c\u0259yik\u201d. Ba\u015fqa bir \u00e7\u0131x\u0131\u015f\u0131nda is\u0259 qeyd etmi\u015fdir: \u201cXalq\u0131n sosial probleml\u0259rinin h\u0259lli Az\u0259rbaycan d\u00f6vl\u0259tinin daim diqq\u0259t m\u0259rk\u0259zind\u0259dir\u201d.<br \/>\n14 il \u0259vv\u0259l yaz\u0131lm\u0131\u015f bu m\u0259qal\u0259ni oxuyark\u0259n bir daha \u0259min olursan ki, xalq \u00f6z se\u00e7imind\u0259 yan\u0131lmay\u0131b. \u0130nsanlar\u0131 narahat ed\u0259n probleml\u0259r h\u0259ll olunub. Az\u0259rbaycan g\u00fcn\u0259\u015f kimi parlayaraq d\u00fcnya d\u00f6vl\u0259tl\u0259ri s\u0131ras\u0131nda s\u00f6z v\u0259 n\u00fcfuz sahibin\u0259 \u00e7evrilib. B\u00fct\u00fcn bunlara g\u00f6r\u0259 Az\u0259rbaycan ziyal\u0131lar\u0131, o c\u00fcml\u0259d\u0259n c\u0259bh\u0259 b\u00f6lg\u0259si olan T\u0259rt\u0259rin ziyal\u0131lar\u0131, a\u011fsaqqallar\u0131 c\u0259nab \u0130lham \u018fliyevi d\u0259st\u0259kl\u0259yirl\u0259r v\u0259 n\u00f6vb\u0259ti prezident se\u00e7kil\u0259rind\u0259 yaln\u0131z ona s\u0259s ver\u0259c\u0259kl\u0259r.<\/p>\n<p style=\"text-align: right;\"><strong>Rauf H\u018fS\u018fNZAD\u018f, <\/strong><br \/>\n<strong>rayon A\u011fsaqqallar \u015euras\u0131n\u0131n \u00fczv\u00fc<\/strong><\/p>\n","protected":false},"excerpt":{"rendered":"<p>\u018fb\u0259s yer\u0259 demirl\u0259r ki, yaz\u0131l\u0131 media \u00f6z\u00fcnd\u0259 tarixi ya\u015fad\u0131r. Bu, h\u0259qiq\u0259t\u0259n d\u0259 bel\u0259dir. Qar\u015f\u0131mda saralm\u0131\u015f bir q\u0259zet n\u00fcsx\u0259si var\u20136 noyabr 2003-c\u00fc il tarixli \u201cXalq q\u0259zeti\u201d. Burada m\u0259nim \u201cPrezident \u0130lham \u018fliyev hakimiyy\u0259t\u0259 \u00f6lk\u0259nin probleml\u0259rini h\u0259ll etm\u0259k \u00fc\u00e7\u00fcn g\u0259lib\u201d m\u0259qal\u0259m d\u0259rc olunub. O zaman m\u0259n Bak\u0131 elektron hesablay\u0131c\u0131 ma\u015f\u0131nlar zavodunun direktoru i\u015fl\u0259yirdim. Bu m\u0259qal\u0259ni oxuyark\u0259n bir daha [&hellip;]<\/p>\n","protected":false},"author":2,"featured_media":0,"comment_status":"closed","ping_status":"closed","sticky":false,"template":"","format":"standard","meta":[],"categories":[10],"tags":[20],"_links":{"self":[{"href":"https:\/\/yeniterter.az\/index.php?rest_route=\/wp\/v2\/posts\/8855"}],"collection":[{"href":"https:\/\/yeniterter.az\/index.php?rest_route=\/wp\/v2\/posts"}],"about":[{"href":"https:\/\/yeniterter.az\/index.php?rest_route=\/wp\/v2\/types\/post"}],"author":[{"embeddable":true,"href":"https:\/\/yeniterter.az\/index.php?rest_route=\/wp\/v2\/users\/2"}],"replies":[{"embeddable":true,"href":"https:\/\/yeniterter.az\/index.php?rest_route=%2Fwp%2Fv2%2Fcomments&post=8855"}],"version-history":[{"count":0,"href":"https:\/\/yeniterter.az\/index.php?rest_route=\/wp\/v2\/posts\/8855\/revisions"}],"wp:attachment":[{"href":"https:\/\/yeniterter.az\/index.php?rest_route=%2Fwp%2Fv2%2Fmedia&parent=8855"}],"wp:term":[{"taxonomy":"category","embeddable":true,"href":"https:\/\/yeniterter.az\/index.php?rest_route=%2Fwp%2Fv2%2Fcategories&post=8855"},{"taxonomy":"post_tag","embeddable":true,"href":"https:\/\/yeniterter.az\/index.php?rest_route=%2Fwp%2Fv2%2Ftags&post=8855"}],"curies":[{"name":"wp","href":"https:\/\/api.w.org\/{rel}","templated":true}]}}