{"id":8672,"date":"2018-02-06T14:14:19","date_gmt":"2018-02-06T11:14:19","guid":{"rendered":"http:\/\/www.yeniterter.az\/?p=8672"},"modified":"2018-02-06T14:29:35","modified_gmt":"2018-02-06T11:29:35","slug":"t%c9%99rt%c9%99rin-qonaqlari-2","status":"publish","type":"post","link":"https:\/\/yeniterter.az\/?p=8672","title":{"rendered":"T\u018fRT\u018fR\u0130N QONAQLARI"},"content":{"rendered":"<p><strong>T\u018fRT\u018fR SAK\u0130NL\u018fR\u0130 Q\u018fHR\u018fMANDIRLAR . ONLAR BURADA -D\u00d6Y\u00dc\u015e B\u00d6LG\u018fS\u0130ND\u018f, D\u00dc\u015eM\u018fNL\u018f \u00dcZ-\u00dcZ\u018f M\u00d6HK\u018fM DAYANIBLAR <\/strong><br \/>\n<strong>V\u018f ATILAN, EVL\u018fR\u0130N\u018f D\u018fY\u018fN M\u018fRM\u0130L\u018fR ONLARIN \u0130RAD\u018fS\u0130N\u018f Z\u018fRR\u018f Q\u018fD\u018fR T\u018fS\u0130R ETM\u018fM\u0130\u015eD\u0130R.<\/strong><\/p>\n<p style=\"text-align: right;\"><strong>\u0130lham \u018fliyev, Az\u0259rbaycan Respublikas\u0131n\u0131n Prezidenti<\/strong><\/p>\n<p><img decoding=\"async\" loading=\"lazy\" class=\" wp-image-8673 alignleft\" src=\"http:\/\/www.yeniterter.az\/wp-content\/uploads\/1199-300x161.jpg\" alt=\"1199\" width=\"250\" height=\"134\" srcset=\"https:\/\/yeniterter.az\/wp-content\/uploads\/1199-300x161.jpg 300w, https:\/\/yeniterter.az\/wp-content\/uploads\/1199-768x413.jpg 768w, https:\/\/yeniterter.az\/wp-content\/uploads\/1199.jpg 1000w\" sizes=\"(max-width: 250px) 100vw, 250px\" \/><img decoding=\"async\" loading=\"lazy\" class=\" wp-image-8674 alignright\" src=\"http:\/\/www.yeniterter.az\/wp-content\/uploads\/01-29-300x151.jpg\" alt=\"01\" width=\"270\" height=\"136\" srcset=\"https:\/\/yeniterter.az\/wp-content\/uploads\/01-29-300x151.jpg 300w, https:\/\/yeniterter.az\/wp-content\/uploads\/01-29.jpg 579w\" sizes=\"(max-width: 270px) 100vw, 270px\" \/>M\u00f6ht\u0259r\u0259m Prezidentimiz c\u0259nab \u0130lham \u018fliyevin tap\u015f\u0131r\u0131\u011f\u0131na \u0259sas\u0259n b\u00fct\u00fcn \u00f6lk\u0259 v\u0259t\u0259nda\u015flar\u0131n\u0131n icbari tibbi m\u00fcayin\u0259d\u0259n ke\u00e7irilm\u0259si il\u0259 ba\u011fl\u0131 tap\u015f\u0131r\u0131\u011f\u0131na rayonumuzda y\u00fcks\u0259k s\u0259viyy\u0259d\u0259 \u0259m\u0259l olunmu\u015fdur. 2017-ci ilin fevral ay\u0131n\u0131n 15-d\u0259n may ay\u0131n\u0131n 15-d\u0259k rayon \u0259halisinin 57 min 845 n\u0259f\u0259ri tibbi m\u00fcayin\u0259d\u0259n ke\u00e7irilmi\u015f, onlardan 3658 n\u0259f\u0259ri ambulator, 47 n\u0259f\u0259r stasionar m\u00fcalic\u0259y\u0259 c\u0259lb olunmu\u015fdur.<br \/>\nD\u00f6vr \u0259rzind\u0259 nikaha daxil olan 266 c\u00fctl\u00fck qan m\u00fcayin\u0259sind\u0259n ke\u00e7irilmi\u015f, 6 n\u0259f\u0259r is\u0259 t\u0259k yoxlan\u0131lm\u0131\u015fd\u0131r. Bunlar\u0131n 16 n\u0259f\u0259rind\u0259 talassemiya da\u015f\u0131y\u0131c\u0131l\u0131\u011f\u0131, 6 n\u0259f\u0259r patoloji hemoqolibin C, 1 n\u0259f\u0259rind\u0259 sifilis a\u015fkar olunmu\u015fdur.<!--more--><br \/>\n<img decoding=\"async\" loading=\"lazy\" class=\" wp-image-8675 alignleft\" src=\"http:\/\/www.yeniterter.az\/wp-content\/uploads\/097-300x200.jpg\" alt=\"097\" width=\"219\" height=\"146\" srcset=\"https:\/\/yeniterter.az\/wp-content\/uploads\/097-300x200.jpg 300w, https:\/\/yeniterter.az\/wp-content\/uploads\/097-768x512.jpg 768w, https:\/\/yeniterter.az\/wp-content\/uploads\/097-1024x683.jpg 1024w, https:\/\/yeniterter.az\/wp-content\/uploads\/097.jpg 1500w\" sizes=\"(max-width: 219px) 100vw, 219px\" \/><img decoding=\"async\" loading=\"lazy\" class=\" wp-image-8676 alignright\" src=\"http:\/\/www.yeniterter.az\/wp-content\/uploads\/\u0418\u0437\u043e\u0431\u0440\u0430\u0436\u0435\u043d\u0438\u0435-127-1-300x201.jpg\" alt=\"\u0418\u0437\u043e\u0431\u0440\u0430\u0436\u0435\u043d\u0438\u0435 127\" width=\"227\" height=\"152\" srcset=\"https:\/\/yeniterter.az\/wp-content\/uploads\/\u0418\u0437\u043e\u0431\u0440\u0430\u0436\u0435\u043d\u0438\u0435-127-1-300x201.jpg 300w, https:\/\/yeniterter.az\/wp-content\/uploads\/\u0418\u0437\u043e\u0431\u0440\u0430\u0436\u0435\u043d\u0438\u0435-127-1-768x514.jpg 768w, https:\/\/yeniterter.az\/wp-content\/uploads\/\u0418\u0437\u043e\u0431\u0440\u0430\u0436\u0435\u043d\u0438\u0435-127-1-1024x685.jpg 1024w, https:\/\/yeniterter.az\/wp-content\/uploads\/\u0418\u0437\u043e\u0431\u0440\u0430\u0436\u0435\u043d\u0438\u0435-127-1.jpg 1500w\" sizes=\"(max-width: 227px) 100vw, 227px\" \/>Rayonda s\u0259hiyy\u0259 xidm\u0259ti sah\u0259sind\u0259 n\u00f6qsanlar, \u00e7at\u0131\u015fmazl\u0131qlar qalmaqda davam edir. Bel\u0259 ki, M\u0259rk\u0259zi rayon x\u0259st\u0259xanas\u0131nda 38 n\u0259f\u0259r ixtisasl\u0131 h\u0259kim\u0259 ciddi ehtiyac vard\u0131r. T\u0259\u0259ss\u00fcf do\u011furan hald\u0131r ki, M\u0259rk\u0259zi rayon x\u0259st\u0259xanas\u0131nda anestezioloq-reanimatoloqa, h\u0259kim-c\u0259rrahlara v\u0259 h\u0259kim travmatoloqlara ehtiyac vard\u0131r. Bu s\u0259b\u0259bd\u0259n d\u0259 x\u0259st\u0259l\u0259r respublikam\u0131z\u0131n dig\u0259r klinik x\u0259st\u0259xanalar\u0131nda m\u00fcayin\u0259 v\u0259 m\u00fcalic\u0259 olunma\u011fa m\u0259cburdurlar. \u015e\u00f6b\u0259d\u0259 v\u0259r\u0259m, \u015f\u0259k\u0259rli diabet v\u0259 b\u0259d-xass\u0259li t\u00f6r\u0259m\u0259 x\u0259st\u0259l\u0259rinin ilb\u0259il artmas\u0131 da ciddi narahatl\u0131q yaratmaqdad\u0131r.<br \/>\nHesabat d\u00f6vr\u00fcnd\u0259 sanitar-gigiyena v\u0259 epidemiya \u0259leyhin\u0259 m\u00fc\u0259yy\u0259n t\u0259dbirl\u0259r h\u0259yata ke\u00e7irils\u0259 d\u0259, ya\u015fay\u0131\u015f m\u0259nt\u0259q\u0259l\u0259rind\u0259 sanitar-epidemioloji \u015f\u0259raitin yax\u015f\u0131la\u015fd\u0131r\u0131lmas\u0131, \u0259traf m\u00fchitin qorunmas\u0131 v\u0259 ekoloji t\u0259hl\u00fck\u0259sizliyin t\u0259min edilm\u0259si istiqam\u0259tind\u0259 g\u00f6r\u00fcl\u0259n i\u015fl\u0259r laz\u0131mi s\u0259viyy\u0259y\u0259 \u00e7atd\u0131r\u0131lmam\u0131\u015fd\u0131r. Odur ki, Gigiyena v\u0259 Epidemiologiya <img decoding=\"async\" loading=\"lazy\" class=\" wp-image-8677 alignleft\" src=\"http:\/\/www.yeniterter.az\/wp-content\/uploads\/\u0418\u0437\u043e\u0431\u0440\u0430\u0436\u0435\u043d\u0438\u0435-103-3-300x201.jpg\" alt=\"\u0418\u0437\u043e\u0431\u0440\u0430\u0436\u0435\u043d\u0438\u0435 103\" width=\"232\" height=\"155\" srcset=\"https:\/\/yeniterter.az\/wp-content\/uploads\/\u0418\u0437\u043e\u0431\u0440\u0430\u0436\u0435\u043d\u0438\u0435-103-3-300x201.jpg 300w, https:\/\/yeniterter.az\/wp-content\/uploads\/\u0418\u0437\u043e\u0431\u0440\u0430\u0436\u0435\u043d\u0438\u0435-103-3-768x514.jpg 768w, https:\/\/yeniterter.az\/wp-content\/uploads\/\u0418\u0437\u043e\u0431\u0440\u0430\u0436\u0435\u043d\u0438\u0435-103-3-1024x685.jpg 1024w, https:\/\/yeniterter.az\/wp-content\/uploads\/\u0418\u0437\u043e\u0431\u0440\u0430\u0436\u0435\u043d\u0438\u0435-103-3.jpg 1500w\" sizes=\"(max-width: 232px) 100vw, 232px\" \/><img decoding=\"async\" loading=\"lazy\" class=\" wp-image-8678 alignright\" src=\"http:\/\/www.yeniterter.az\/wp-content\/uploads\/DSC_9529-\u041a\u043e\u043f\u0438\u0440\u043e\u0432\u0430\u0442\u044c-300x200.jpg\" alt=\"DSC_9529 (\u041a\u043e\u043f\u0438\u0440\u043e\u0432\u0430\u0442\u044c)\" width=\"228\" height=\"152\" srcset=\"https:\/\/yeniterter.az\/wp-content\/uploads\/DSC_9529-\u041a\u043e\u043f\u0438\u0440\u043e\u0432\u0430\u0442\u044c-300x200.jpg 300w, https:\/\/yeniterter.az\/wp-content\/uploads\/DSC_9529-\u041a\u043e\u043f\u0438\u0440\u043e\u0432\u0430\u0442\u044c-768x512.jpg 768w, https:\/\/yeniterter.az\/wp-content\/uploads\/DSC_9529-\u041a\u043e\u043f\u0438\u0440\u043e\u0432\u0430\u0442\u044c-1024x683.jpg 1024w, https:\/\/yeniterter.az\/wp-content\/uploads\/DSC_9529-\u041a\u043e\u043f\u0438\u0440\u043e\u0432\u0430\u0442\u044c.jpg 1500w\" sizes=\"(max-width: 228px) 100vw, 228px\" \/>M\u0259rk\u0259zinin direktoru Musa \u018fliyev deyil\u0259nl\u0259rd\u0259n n\u0259tic\u0259 \u00e7\u0131xarmal\u0131d\u0131r.<br \/>\nB\u0259rd\u0259 Regional M\u0259d\u0259niyy\u0259t v\u0259 Turizm \u0130dar\u0259sinin T\u0259rt\u0259r Rayon n\u00fcmay\u0259nd\u0259liyind\u0259 m\u00fc\u0259yy\u0259n i\u015fl\u0259r g\u00f6r\u00fcls\u0259 d\u0259, \u0259haliy\u0259 m\u0259d\u0259ni xidm\u0259t sah\u0259sind\u0259 ill\u0259rd\u0259n b\u0259ri y\u0131\u011f\u0131l\u0131b qalm\u0131\u015f xeyli n\u00f6qsan v\u0259 probleml\u0259r vard\u0131r. Bel\u0259 ki, rayon m\u0259d\u0259niyy\u0259t m\u0259rk\u0259zind\u0259n ba\u015fqa, rayon m\u0259rk\u0259zind\u0259, el\u0259c\u0259 d\u0259 k\u0259ndl\u0259rd\u0259 olan m\u0259d\u0259niyy\u0259t obyektl\u0259rinin b\u00f6y\u00fck \u0259ks\u0259riyy\u0259ti tamamil\u0259 yarars\u0131z v\u0259ziyy\u0259td\u0259dir. M\u00fc\u0259ssis\u0259l\u0259rin \u0259ks\u0259riyy\u0259tinin \u0259sasl\u0131 t\u0259mir\u0259, M\u0259rk\u0259zl\u0259\u015fmi\u015f Kitabxana Sistemi, musiqi m\u0259kt\u0259bi \u00fc\u00e7\u00fcn yeni binan\u0131n tikilm\u0259sin\u0259, m\u00fcasir inventar, avadanl\u0131qlarla t\u0259chiz olunmas\u0131na v\u0259 musiqi al\u0259tl\u0259rin\u0259 b\u00f6y\u00fck ehtiyac vard\u0131r. \u0130dar\u0259nin r\u0259hb\u0259rliyi t\u0259r\u0259find\u0259n rayonda \u0259haliy\u0259 m\u0259d\u0259ni-xidm\u0259tin g\u00fcn\u00fcn t\u0259l\u0259bl\u0259ri s\u0259viyy\u0259sin\u0259 \u00e7atd\u0131r\u0131lmas\u0131 \u00fc\u00e7\u00fcn aidiyy\u0259ti t\u0259\u015fkilatlar qar\u015f\u0131s\u0131nda m\u0259s\u0259l\u0259 qald\u0131r\u0131lmal\u0131d\u0131r.<br \/>\nRayon G\u0259ncl\u0259r v\u0259 idman idar\u0259si t\u0259r\u0259find\u0259n \u00f6t\u0259n ild\u0259 t\u0259dbirl\u0259r Plan\u0131na uy\u011fun olaraq idman\u0131n m\u00fcxt\u0259lif n\u00f6vl\u0259ri \u00fczr\u0259 54 yar\u0131\u015f ke\u00e7irilmi\u015f, yar\u0131\u015flarda 7930 n\u0259f\u0259r i\u015ftirak etmi\u015fdir. G\u0259ncl\u0259r sah\u0259si \u00fczr\u0259 52, idman \u00fczr\u0259 48 t\u0259dbir ke\u00e7irilmi\u015fdir.<br \/>\nG\u00f6r\u00fcl\u0259n i\u015fl\u0259r\u0259 m\u00fcasir d\u00f6vr\u00fcn t\u0259l\u0259bl\u0259ri s\u0259viyy\u0259sind\u0259 yana\u015fd\u0131qda g\u00f6r\u00fcr\u00fck ki, burada h\u0259yata ke\u00e7irilmi\u015f t\u0259dbirl\u0259r laz\u0131mi s\u0259viyy\u0259y\u0259 \u00e7atd\u0131r\u0131lmam\u0131\u015fd\u0131r. Odur ki, idar\u0259nin r\u0259isi Emin P\u0259nahov g\u0259ncl\u0259rin ideya-siyasi t\u0259rbiy\u0259 i\u015fini, idman\u0131n s\u0259viyy\u0259sni y\u00fcks\u0259ltm\u0259k v\u0259 g\u0259ncl\u0259rin asud\u0259 vaxt\u0131n\u0131n s\u0259m\u0259r\u0259li ke\u00e7irm\u0259sini daha da yax\u015f\u0131la\u015fd\u0131rmaq \u00fc\u00e7\u00fcn imkanlardan maksimum istifad\u0259 etm\u0259lidir.<br \/>\n<strong>\u0130deoloji i\u015fin t\u0259\u015fkili, ictimai-siyasi v\u0259ziyy\u0259t<\/strong><br \/>\n<img decoding=\"async\" loading=\"lazy\" class=\" wp-image-8679 alignleft\" src=\"http:\/\/www.yeniterter.az\/wp-content\/uploads\/756-300x200.jpg\" alt=\"756\" width=\"234\" height=\"156\" srcset=\"https:\/\/yeniterter.az\/wp-content\/uploads\/756-300x200.jpg 300w, https:\/\/yeniterter.az\/wp-content\/uploads\/756-768x512.jpg 768w, https:\/\/yeniterter.az\/wp-content\/uploads\/756-1024x683.jpg 1024w, https:\/\/yeniterter.az\/wp-content\/uploads\/756.jpg 1500w\" sizes=\"(max-width: 234px) 100vw, 234px\" \/><img decoding=\"async\" loading=\"lazy\" class=\" wp-image-8680 alignright\" src=\"http:\/\/www.yeniterter.az\/wp-content\/uploads\/15130056094494823332_1000x669-1-300x199.jpg\" alt=\"15130056094494823332_1000x669\" width=\"234\" height=\"156\" srcset=\"https:\/\/yeniterter.az\/wp-content\/uploads\/15130056094494823332_1000x669-1-300x199.jpg 300w, https:\/\/yeniterter.az\/wp-content\/uploads\/15130056094494823332_1000x669-1-768x508.jpg 768w, https:\/\/yeniterter.az\/wp-content\/uploads\/15130056094494823332_1000x669-1.jpg 1000w\" sizes=\"(max-width: 234px) 100vw, 234px\" \/>Rayonda apar\u0131lan ideoloji i\u015fin ba\u015fl\u0131ca istiqam\u0259tini \u00fcmummilli lider Heyd\u0259r \u018fliyev irsinin \u00f6yr\u0259nilm\u0259si t\u0259\u015fkil etmi\u015fdir. Rayonda bu istiqam\u0259td\u0259 i\u015fl\u0259ri daha da yax\u015f\u0131la\u015fd\u0131rmaq m\u0259qs\u0259di il\u0259 laz\u0131mi t\u0259dbirl\u0259r haz\u0131rlan\u0131b h\u0259yata ke\u00e7irilmi\u015fdir.<br \/>\nHesabat ilind\u0259 rayonda ictimaiyy\u0259tin n\u00fcmay\u0259nd\u0259l\u0259ri, siyasi partiyalar v\u0259 ictimai birlikl\u0259rin i\u015ftirak\u0131 il\u0259 58 \u00fcmumrayon toplant\u0131s\u0131 ke\u00e7irilmi\u015fdir. Az\u0259rbaycan Respublikas\u0131n\u0131n Prezidenti c\u0259nab \u0130lham \u018fliyevin m\u0259ruz\u0259 v\u0259 nitql\u0259rind\u0259 \u00f6lk\u0259nin ictimai-siyasi h\u0259yat\u0131nda ba\u015f ver\u0259n hadis\u0259l\u0259rl\u0259 ba\u011fl\u0131 fikirl\u0259rin, sosial- iqtisadi inki\u015faf v\u0259 h\u0259yata ke\u00e7iril\u0259n geni\u015fmiqyasl\u0131 layih\u0259l\u0259r haqq\u0131nda analitik materiallar\u0131n operativ qaydada \u0259haliy\u0259 \u00e7atd\u0131r\u0131lmas\u0131 m\u0259qs\u0259dil\u0259 5 t\u0259\u015fviqat qrupu t\u0259r\u0259find\u0259n 1155 g\u00f6r\u00fc\u015f ke\u00e7irilmi\u015f, t\u0259dbirl\u0259rd\u0259 minl\u0259rl\u0259 adam i\u015ftirak etmi\u015fdir.<br \/>\nAz\u0259rbaycan Respublikas\u0131n\u0131n Prezidenti c\u0259nab \u0130lham \u018fliyevin s\u0259drliyi il\u0259 Nazirl\u0259r Kabinetind\u0259 ke\u00e7irilmi\u015f b\u00fct\u00fcn iclaslarda \u00f6lk\u0259 r\u0259hb\u0259rinin nitqi il\u0259 \u0259laq\u0259dar qar\u015f\u0131da duran v\u0259zif\u0259l\u0259r rayon f\u0259allar\u0131n\u0131n y\u0131\u011f\u0131ncaqlar\u0131nda geni\u015f m\u00fczakir\u0259 edil\u0259r\u0259k v\u0259zif\u0259l\u0259r m\u00fc\u0259yy\u0259nl\u0259\u015fdirilmi\u015f v\u0259 onlar\u0131n icras\u0131 t\u0259min edilmi\u015fdir.<br \/>\nHeyd\u0259r \u018fliyev M\u0259rk\u0259zinin f\u0259aliyy\u0259tinin t\u0259kmill\u0259\u015fdirilm\u0259si m\u0259qs\u0259dil\u0259, \u0259halinin b\u00fct\u00fcn t\u0259b\u0259q\u0259l\u0259rini c\u0259lb etm\u0259kl\u0259 yeti\u015fm\u0259kd\u0259 olan g\u0259nc n\u0259slin v\u0259t\u0259np\u0259rv\u0259rlik, d\u00f6vl\u0259t\u00e7ilik ruhunda formala\u015fmas\u0131 istiqam\u0259tind\u0259 36 t\u0259dbir ke\u00e7irilmi\u015f, t\u0259dbirl\u0259rd\u0259 1620 n\u0259f\u0259r i\u015ftirak etmi\u015f, ekskursiyalarda 7360 n\u0259f\u0259r i\u015ftirak etmi\u015fdir. \u00dcmumilikd\u0259 Heyd\u0259r \u018fliyev M\u0259rk\u0259zin\u0259 g\u0259l\u0259nl\u0259rin say\u0131 9620 n\u0259f\u0259r olmu\u015fdur. M\u0259rk\u0259z rayon ictimaiyy\u0259tinin \u0259sl ziyar\u0259tgah\u0131na \u00e7evrilmi\u015fdir.<br \/>\nHesabat d\u00f6vr\u00fcnd\u0259 rayonda 11 siyasi partiya f\u0259aliyy\u0259t g\u00f6st\u0259rmi\u015fdir. H\u0259min partiyalardan rayonun ictimai-siyasi h\u0259yat\u0131na yaln\u0131z Yeni Az\u0259rbaycan Partiyas\u0131n\u0131n yerli t\u0259\u015fkilat\u0131 t\u0259sir g\u00f6st\u0259rir. Yarad\u0131c\u0131s\u0131 Ulu \u00d6nd\u0259r Heyd\u0259r \u018fliyev, s\u0259dri m\u00f6ht\u0259r\u0259m Prezidentimiz c\u0259nab \u0130lham \u018fliyev olan Yeni Az\u0259rbaycan Partiyas\u0131na insanlar\u0131n \u00e7ox b\u00f6y\u00fck inam\u0131 vard\u0131r. Buna g\u00f6r\u0259dir ki, haz\u0131rda Yeni Az\u0259rbaycan Partiyas\u0131 rayon t\u0259\u015fkilat\u0131n\u0131n 6107 n\u0259f\u0259r \u00fczv\u00fc vard\u0131r ki, onlardan 3267 n\u0259f\u0259ri v\u0259 ya 53 faizini qad\u0131nlar,2840 n\u0259f\u0259ri v\u0259 ya 47 faizini is\u0259 ki\u015fil\u0259r t\u0259\u015fkil edir. T\u0259kc\u0259 hesabat ilind\u0259 rayonda m\u00fcxt\u0259lif z\u00fcmr\u0259l\u0259rd\u0259n olan, ictimaiyy\u0259tin h\u00f6rm\u0259t v\u0259 etimad\u0131n\u0131 qazanm\u0131\u015f, d\u00f6vl\u0259t\u0259 v\u0259 d\u00f6vl\u0259t\u00e7iliy\u0259, Heyd\u0259r \u018fliyev ideyalar\u0131na sadiq olan 253 n\u0259f\u0259r partiya s\u0131ralar\u0131na q\u0259bul olunmu\u015fdur. Onlardan 146 n\u0259f\u0259ri v\u0259 ya 57 faizini g\u0259ncl\u0259r t\u0259\u015fkil etmi\u015fdir.<br \/>\nRayonda olan dig\u0259r partiyalar\u0131n ilk t\u0259\u015fkilatlar\u0131n\u0131n is\u0259 he\u00e7 bir sosial bazas\u0131 yoxdur.<br \/>\n\u00d6t\u0259n il rayonda 4 qeyri-h\u00f6kum\u0259t t\u0259\u015fkilat\u0131 f\u0259aliyy\u0259t g\u00f6st\u0259rmi\u015fdir. M\u00fcdd\u0259t \u0259rzind\u0259 rayonumuzda ictimai-siyasi t\u0259\u015fkilatlar v\u0259 azt\u0259minatl\u0131 ail\u0259l\u0259r, \u015f\u0259hid ail\u0259l\u0259ri, Qaraba\u011f m\u00fcharib\u0259si \u0259lill\u0259ri v\u0259 m\u0259cburi k\u00f6\u00e7k\u00fcnl\u0259rl\u0259, k\u00fctl\u0259vi informasiya va-sit\u0259l\u0259ri il\u0259 s\u0259m\u0259r\u0259li i\u015f apar\u0131lm\u0131\u015fd\u0131r.<br \/>\n\u0130l \u0259rzind\u0259 rayon icra hakimiyy\u0259ti i\u015fini \u201cK\u00fctl\u0259vi \u0130nformasiya Vasit\u0259l\u0259ri haqq\u0131nda\u201d Az\u0259rbaycan Respublikas\u0131n\u0131n Qanununa uy\u011fun qurmu\u015fdur. D\u00f6vl\u0259t v\u0259 \u00f6z\u0259l televiziyalarda, m\u0259rk\u0259zi m\u0259tbuatda, o c\u00fcml\u0259d\u0259n, \u201cYeni T\u0259rt\u0259r\u201d q\u0259zetind\u0259 rayonun g\u00f6st\u0259ricil\u0259rini \u0259ks etdir\u0259n m\u00fcxt\u0259lif s\u0259pkili materiallar verilmi\u015fdir. Bununla yana\u015f\u0131, m\u00f6ht\u0259r\u0259m Prezidentimiz c\u0259nab \u0130lham \u018fliyevin h\u0259yata ke\u00e7irdiyi siyas\u0259tin, regionlarda sosial-iqtisadi inki\u015faf\u0131n konkret n\u0259tic\u0259l\u0259rinin i\u015f\u0131qland\u0131r\u0131lmas\u0131nda, milli-m\u0259n\u0259vi d\u0259y\u0259rl\u0259rin t\u0259bli\u011fi i\u015find\u0259 rayon q\u0259zetinin imkanlar\u0131ndan geni\u015f istifad\u0259 olunmu\u015fdur. Q\u0259zetin \u0259m\u0259kda\u015flar\u0131 t\u0259r\u0259find\u0259n m\u00fcxt\u0259lif m\u00f6vzularda yaz\u0131lan m\u0259qal\u0259l\u0259r daim oxucular t\u0259r\u0259find\u0259n maraqla qar\u015f\u0131lanm\u0131\u015fd\u0131r.<\/p>\n","protected":false},"excerpt":{"rendered":"<p>T\u018fRT\u018fR SAK\u0130NL\u018fR\u0130 Q\u018fHR\u018fMANDIRLAR . ONLAR BURADA -D\u00d6Y\u00dc\u015e B\u00d6LG\u018fS\u0130ND\u018f, D\u00dc\u015eM\u018fNL\u018f \u00dcZ-\u00dcZ\u018f M\u00d6HK\u018fM DAYANIBLAR V\u018f ATILAN, EVL\u018fR\u0130N\u018f D\u018fY\u018fN M\u018fRM\u0130L\u018fR ONLARIN \u0130RAD\u018fS\u0130N\u018f Z\u018fRR\u018f Q\u018fD\u018fR T\u018fS\u0130R ETM\u018fM\u0130\u015eD\u0130R. \u0130lham \u018fliyev, Az\u0259rbaycan Respublikas\u0131n\u0131n Prezidenti M\u00f6ht\u0259r\u0259m Prezidentimiz c\u0259nab \u0130lham \u018fliyevin tap\u015f\u0131r\u0131\u011f\u0131na \u0259sas\u0259n b\u00fct\u00fcn \u00f6lk\u0259 v\u0259t\u0259nda\u015flar\u0131n\u0131n icbari tibbi m\u00fcayin\u0259d\u0259n ke\u00e7irilm\u0259si il\u0259 ba\u011fl\u0131 tap\u015f\u0131r\u0131\u011f\u0131na rayonumuzda y\u00fcks\u0259k s\u0259viyy\u0259d\u0259 \u0259m\u0259l olunmu\u015fdur. 2017-ci ilin fevral ay\u0131n\u0131n 15-d\u0259n [&hellip;]<\/p>\n","protected":false},"author":2,"featured_media":0,"comment_status":"closed","ping_status":"closed","sticky":false,"template":"","format":"standard","meta":[],"categories":[2],"tags":[34],"_links":{"self":[{"href":"https:\/\/yeniterter.az\/index.php?rest_route=\/wp\/v2\/posts\/8672"}],"collection":[{"href":"https:\/\/yeniterter.az\/index.php?rest_route=\/wp\/v2\/posts"}],"about":[{"href":"https:\/\/yeniterter.az\/index.php?rest_route=\/wp\/v2\/types\/post"}],"author":[{"embeddable":true,"href":"https:\/\/yeniterter.az\/index.php?rest_route=\/wp\/v2\/users\/2"}],"replies":[{"embeddable":true,"href":"https:\/\/yeniterter.az\/index.php?rest_route=%2Fwp%2Fv2%2Fcomments&post=8672"}],"version-history":[{"count":0,"href":"https:\/\/yeniterter.az\/index.php?rest_route=\/wp\/v2\/posts\/8672\/revisions"}],"wp:attachment":[{"href":"https:\/\/yeniterter.az\/index.php?rest_route=%2Fwp%2Fv2%2Fmedia&parent=8672"}],"wp:term":[{"taxonomy":"category","embeddable":true,"href":"https:\/\/yeniterter.az\/index.php?rest_route=%2Fwp%2Fv2%2Fcategories&post=8672"},{"taxonomy":"post_tag","embeddable":true,"href":"https:\/\/yeniterter.az\/index.php?rest_route=%2Fwp%2Fv2%2Ftags&post=8672"}],"curies":[{"name":"wp","href":"https:\/\/api.w.org\/{rel}","templated":true}]}}