{"id":8586,"date":"2018-01-31T12:13:25","date_gmt":"2018-01-31T09:13:25","guid":{"rendered":"http:\/\/www.yeniterter.az\/?p=8586"},"modified":"2018-02-02T11:14:41","modified_gmt":"2018-02-02T08:14:41","slug":"%c9%99lill%c9%99r%c9%99-nec%c9%99-qaygi-gost%c9%99rilir","status":"publish","type":"post","link":"https:\/\/yeniterter.az\/?p=8586","title":{"rendered":"\u018flill\u0259r\u0259 nec\u0259 qay\u011f\u0131 g\u00f6st\u0259rilir"},"content":{"rendered":"<p><strong>B\u0130Z\u018f OLAN M\u00dcNAS\u0130B\u018fT \u00dcR\u018fY\u0130M\u0130ZC\u018fD\u0130R<\/strong><\/p>\n<p><img decoding=\"async\" loading=\"lazy\" class=\" wp-image-8587 alignleft\" src=\"http:\/\/www.yeniterter.az\/wp-content\/uploads\/00011-194x300.jpg\" alt=\"00011\" width=\"69\" height=\"106\" srcset=\"https:\/\/yeniterter.az\/wp-content\/uploads\/00011-194x300.jpg 194w, https:\/\/yeniterter.az\/wp-content\/uploads\/00011.jpg 768w, https:\/\/yeniterter.az\/wp-content\/uploads\/00011-663x1024.jpg 663w\" sizes=\"(max-width: 69px) 100vw, 69px\" \/>Yaran\u0131\u015fdan insan\u0131 qar\u015f\u0131da n\u0259l\u0259r g\u00f6zl\u0259diyind\u0259n bix\u0259b\u0259rdir. B\u0259lk\u0259 d\u0259 bilins\u0259ydi h\u0259yat\u0131n \u00f6z axar\u0131 maraqs\u0131z olard\u0131. Amma el\u0259 yollar var ki, az da olsa n\u0259l\u0259rin ba\u015f ver\u0259c\u0259yini anlayaraq k\u00f6n\u00fcll\u00fc olaraq \u00fcz tutursan, h\u0259r \u0259zab\u0131na qatla\u015f\u0131rsan. Ald\u0131\u011f\u0131n z\u0259rb\u0259l\u0259ri \u00f6z\u00fcn\u00fcn v\u0259t\u0259nda\u015fl\u0131q borcun kimi q\u0259bul edirs\u0259n. V\u0259t\u0259nimizin \u0259razi b\u00fct\u00f6vl\u00fcy\u00fc u\u011frunda yaralananlar v\u0259 \u015f\u0259hid olanlar kimi.<br \/>\nBu g\u00fcn \u0259traf\u0131m\u0131zda y\u00fczl\u0259rl\u0259 igidimiz Qaraba\u011f sava\u015f\u0131nda ald\u0131\u011f\u0131 yaralardan \u0259ziyy\u0259t \u00e7\u0259kir. Lakin bu a\u011fr\u0131lara s\u0259brl\u0259, t\u0259mkinl\u0259 tab g\u0259tirirl\u0259r. Bel\u0259 yaral\u0131 igidl\u0259rimizd\u0259n biri d\u0259 Qarada\u011fl\u0131 k\u0259ndind\u0259 ya\u015fayan H\u00fcseynov Habil \u018fhm\u0259d o\u011fludur. Habil \u00f6z\u00fcn\u00fcm\u00fcdafi\u0259 batalyonuna yaz\u0131landa ya\u015fad\u0131\u011f\u0131 do\u011fma k\u0259ndind\u0259 kolxoz i\u015fl\u0259rind\u0259 \u00e7al\u0131\u015f\u0131rd\u0131. V\u0259t\u0259nin dar g\u00fcn\u00fc idi. Camaat\u0131n ba\u015f\u0131na t\u00f6k\u00fcl\u0259n qrad q\u0259lp\u0259l\u0259ri, t\u00f6r\u0259dil\u0259n cinay\u0259tl\u0259r, ax\u0131d\u0131lan g\u00fcnahs\u0131z qanlar ham\u0131 kimi Habili d\u0259 narahat edirdi. \u00d6z\u00fc d\u0259 h\u0259rbi xidm\u0259tini Rusiyada ke\u00e7mi\u015fdi v\u0259 h\u0259rbi texnikadan anlay\u0131\u015f\u0131 vard\u0131. 1992-ci ilin noyabr ay\u0131nda V\u0259t\u0259nin qorxmaz bir o\u011flu kimi batalyonun t\u0259rkibind\u0259 sava\u015fa qo\u015fuldu. A\u011fd\u0259r\u0259 \u0259traf\u0131 d\u00f6y\u00fc\u015fl\u0259rd\u0259 i\u015ftirak etdi. El\u0259 h\u0259min ay da V\u0259ng u\u011frunda ged\u0259n d\u00f6y\u00fc\u015fd\u0259 a\u011f\u0131r yaraland\u0131. O d\u0259h\u015f\u0259tli g\u00fcn\u00fc xat\u0131rlayaraq d\u00f6y\u00fc\u015f yolda\u015f\u0131 R\u00f6v\u015f\u0259n M\u0259mm\u0259dov bel\u0259 deyir:<!--more--><br \/>\n\u2013Erm\u0259nil\u0259r \u00e7ox yax\u0131nl\u0131qda idil\u0259r. \u018fl qumbaras\u0131ndan istifad\u0259 edirdil\u0259r. Habil ir\u0259lid\u0259 gedirdi. O, biz\u0259 t\u0259r\u0259f at\u0131lan qumbaran\u0131n birincisini c\u0259ld g\u00f6t\u00fcr\u00fcb m\u0259nfurlara t\u0259r\u0259f atd\u0131. Ikincisini g\u00f6t\u00fcr\u0259 bilm\u0259diyind\u0259n \u00f6z\u00fcn\u00fc qumbaran\u0131n \u00fcst\u00fcn\u0259 atd\u0131 v\u0259 orada a\u011f\u0131r yaraland\u0131. Bu h\u0259r\u0259k\u0259ti il\u0259 bir nec\u0259 d\u00f6y\u00fc\u015f yolda\u015f\u0131n\u0131 \u00f6l\u00fcm\u00fcn \u0259lind\u0259n ald\u0131.<br \/>\n\u00d6z\u00fc is\u0259 o a\u011f\u0131r g\u00fcn\u00fc bel\u0259 t\u0259svir edir:<br \/>\n\u2013M\u0259n erm\u0259ninin atd\u0131\u011f\u0131 birinci qumbaran\u0131 geri atd\u0131qda ikincinin qar\u015f\u0131m\u0131za d\u00fc\u015fd\u00fcy\u00fcn\u00fc g\u00f6rd\u00fcm. Yolda\u015flar\u0131m\u0131 xilas etm\u0259k \u00fc\u00e7\u00fcn \u00f6z\u00fcm\u00fc qumbaran\u0131n \u00fcst\u00fcn\u0259 atd\u0131m, daha he\u00e7 n\u0259d\u0259n x\u0259b\u0259rim olmad\u0131. Ay\u0131landa sol aya\u011f\u0131m\u0131n k\u0259sildiyini bildim. Sa\u011f qolum da q\u0131r\u0131lm\u0131\u015fd\u0131. Ona \u015f\u00fckr etdim ki, yax\u015f\u0131 ki d\u00f6y\u00fc\u015f\u00e7\u00fc yolda\u015flar\u0131m m\u0259ni d\u00f6y\u00fc\u015f b\u00f6lg\u0259sind\u0259n uzaqla\u015fd\u0131r\u0131b. Bu g\u00fcn \u0259lil olsam da m\u0259ni xilas ed\u0259n d\u00f6y\u00fc\u015f\u00e7\u00fc yolda\u015flar\u0131ma v\u0259 m\u00fcalic\u0259 ed\u0259n h\u0259kiml\u0259r\u0259 minn\u0259tdaram.<br \/>\n\u00d6lk\u0259mizd\u0259 \u0259lill\u0259r\u0259 d\u00f6vl\u0259timiz t\u0259r\u0259find\u0259n b\u00f6y\u00fck qay\u011f\u0131 v\u0259 diqq\u0259t g\u00f6st\u0259rirl\u0259r. Bunu Qaraba\u011f m\u00fcharib\u0259si \u0259lili Habilin \u015f\u0259xsind\u0259 g\u00f6rm\u0259k olar. O, g\u00f6st\u0259ril\u0259n qay\u011f\u0131dan raz\u0131l\u0131q ed\u0259r\u0259k bildirdi:<br \/>\n\u2013M\u0259n h\u0259mi\u015f\u0259 d\u00f6vl\u0259t ba\u015f\u00e7\u0131m\u0131z\u0131n v\u0259 rayon r\u0259hb\u0259rliyinin qay\u011f\u0131s\u0131n\u0131 hiss etmi\u015f\u0259m. Xaricd\u0259n g\u0259tiril\u0259n protezl\u0259rl\u0259 vaxt\u0131nda t\u0259min olunmu\u015fam. Ild\u0259 2 d\u0259f\u0259 m\u00fcayin\u0259d\u0259n ke\u00e7ir\u0259m, m\u00fcalic\u0259 olunmaq \u00fc\u00e7\u00fcn \u0130ran Respublikas\u0131na g\u00f6nd\u0259rilmi\u015f\u0259m. Ma\u015f\u0131n v\u0259 evl\u0259, y\u00fcks\u0259k m\u0259bl\u0259\u011fd\u0259 pensiya il\u0259 t\u0259min olunmu\u015fam. \u201cV\u0259t\u0259n namin\u0259\u201d v\u0259 \u201cV\u0259t\u0259n-p\u0259rv\u0259rlik i\u015find\u0259 xidm\u0259tl\u0259rin\u0259 g\u00f6r\u0259\u201d medallar\u0131 il\u0259 t\u0259ltif edilmi\u015f\u0259m. Bunlar ham\u0131s\u0131 d\u00f6vl\u0259t qay\u011f\u0131s\u0131d\u0131r v\u0259 \u00fcr\u0259yimizc\u0259dir. B\u00fct\u00fcn bunlara g\u00f6r\u0259 Prezidentimiz\u0259 v\u0259 rayon r\u0259hb\u0259rliyin\u0259 sonsuz minn\u0259tdarl\u0131\u011f\u0131m\u0131 bildirir\u0259m.<\/p>\n<p style=\"text-align: right;\"><strong>Elfuz\u0259 V\u018fL\u0130YEVA<\/strong><\/p>\n","protected":false},"excerpt":{"rendered":"<p>B\u0130Z\u018f OLAN M\u00dcNAS\u0130B\u018fT \u00dcR\u018fY\u0130M\u0130ZC\u018fD\u0130R Yaran\u0131\u015fdan insan\u0131 qar\u015f\u0131da n\u0259l\u0259r g\u00f6zl\u0259diyind\u0259n bix\u0259b\u0259rdir. B\u0259lk\u0259 d\u0259 bilins\u0259ydi h\u0259yat\u0131n \u00f6z axar\u0131 maraqs\u0131z olard\u0131. Amma el\u0259 yollar var ki, az da olsa n\u0259l\u0259rin ba\u015f ver\u0259c\u0259yini anlayaraq k\u00f6n\u00fcll\u00fc olaraq \u00fcz tutursan, h\u0259r \u0259zab\u0131na qatla\u015f\u0131rsan. Ald\u0131\u011f\u0131n z\u0259rb\u0259l\u0259ri \u00f6z\u00fcn\u00fcn v\u0259t\u0259nda\u015fl\u0131q borcun kimi q\u0259bul edirs\u0259n. V\u0259t\u0259nimizin \u0259razi b\u00fct\u00f6vl\u00fcy\u00fc u\u011frunda yaralananlar v\u0259 \u015f\u0259hid olanlar kimi. Bu [&hellip;]<\/p>\n","protected":false},"author":2,"featured_media":0,"comment_status":"closed","ping_status":"closed","sticky":false,"template":"","format":"standard","meta":[],"categories":[10],"tags":[20],"_links":{"self":[{"href":"https:\/\/yeniterter.az\/index.php?rest_route=\/wp\/v2\/posts\/8586"}],"collection":[{"href":"https:\/\/yeniterter.az\/index.php?rest_route=\/wp\/v2\/posts"}],"about":[{"href":"https:\/\/yeniterter.az\/index.php?rest_route=\/wp\/v2\/types\/post"}],"author":[{"embeddable":true,"href":"https:\/\/yeniterter.az\/index.php?rest_route=\/wp\/v2\/users\/2"}],"replies":[{"embeddable":true,"href":"https:\/\/yeniterter.az\/index.php?rest_route=%2Fwp%2Fv2%2Fcomments&post=8586"}],"version-history":[{"count":0,"href":"https:\/\/yeniterter.az\/index.php?rest_route=\/wp\/v2\/posts\/8586\/revisions"}],"wp:attachment":[{"href":"https:\/\/yeniterter.az\/index.php?rest_route=%2Fwp%2Fv2%2Fmedia&parent=8586"}],"wp:term":[{"taxonomy":"category","embeddable":true,"href":"https:\/\/yeniterter.az\/index.php?rest_route=%2Fwp%2Fv2%2Fcategories&post=8586"},{"taxonomy":"post_tag","embeddable":true,"href":"https:\/\/yeniterter.az\/index.php?rest_route=%2Fwp%2Fv2%2Ftags&post=8586"}],"curies":[{"name":"wp","href":"https:\/\/api.w.org\/{rel}","templated":true}]}}