{"id":8570,"date":"2018-01-31T11:46:15","date_gmt":"2018-01-31T08:46:15","guid":{"rendered":"http:\/\/www.yeniterter.az\/?p=8570"},"modified":"2018-01-31T11:46:15","modified_gmt":"2018-01-31T08:46:15","slug":"tarix-unudulmur","status":"publish","type":"post","link":"https:\/\/yeniterter.az\/?p=8570","title":{"rendered":"TAR\u0130X UNUDULMUR"},"content":{"rendered":"<p><img decoding=\"async\" loading=\"lazy\" class=\" wp-image-8571 alignleft\" src=\"http:\/\/www.yeniterter.az\/wp-content\/uploads\/DSC_0956-300x199.jpg\" alt=\"DSC_0956\" width=\"158\" height=\"105\" srcset=\"https:\/\/yeniterter.az\/wp-content\/uploads\/DSC_0956-300x199.jpg 300w, https:\/\/yeniterter.az\/wp-content\/uploads\/DSC_0956-768x509.jpg 768w, https:\/\/yeniterter.az\/wp-content\/uploads\/DSC_0956-1024x679.jpg 1024w, https:\/\/yeniterter.az\/wp-content\/uploads\/DSC_0956.jpg 1500w\" sizes=\"(max-width: 158px) 100vw, 158px\" \/>Heyd\u0259r \u018fliyev M\u0259rk\u0259zind\u0259 rayondak\u0131 m\u0259d\u0259niyy\u0259t m\u00fc\u0259ssis\u0259l\u0259ri i\u015f\u00e7il\u0259rinin v\u0259 \u015f\u0259h\u0259r 5 sayl\u0131 tam orta m\u0259kt\u0259bi \u015fagirdl\u0259rinin i\u015ftirak\u0131 il\u0259 20 Yanvar faci\u0259sinin 28-ci ild\u00f6n\u00fcm\u00fcn\u0259 h\u0259sr olunmu\u015f \u201cTarix unudulmur\u201d adl\u0131 t\u0259dbir ke\u00e7irilib.<br \/>\n\u018fvv\u0259lc\u0259 elektron kitabxanan\u0131n haz\u0131rlad\u0131\u011f\u0131 kitab s\u0259rgisin\u0259 bax\u0131\u015f olub. Sonra t\u0259dbir \u201cD\u0259yirmi masa\u201d \u0259traf\u0131nda davam etdirilib. Heyd\u0259r \u018fliyev M\u0259rk\u0259zinin direktoru S\u0259lim\u0259 Yusibova Qanl\u0131 Yanvar faci\u0259sind\u0259n, onun ba\u015f verm\u0259 s\u0259b\u0259bl\u0259rind\u0259n dan\u0131\u015f\u0131b. Qeyd edib ki, 20 Yanvar t\u0259kc\u0259 mat\u0259m g\u00fcn\u00fc deyil, h\u0259m d\u0259 azadl\u0131q salnam\u0259mizin ba\u015flan\u011f\u0131c\u0131d\u0131r.<br \/>\nT\u0259dbird\u0259 m\u0259kt\u0259blil\u0259rin ifas\u0131nda 20 Yanvara h\u0259sr olunmu\u015f \u015feir v\u0259 kompozisiyalar s\u0259sl\u0259ndirilib.<\/p>\n<p style=\"text-align: right;\"><strong>Sevda M\u018fMM\u018fDOVA,<\/strong><br \/>\n<strong>\u015f\u0259h\u0259r 5 sayl\u0131 tam orta<\/strong><br \/>\n<strong>m\u0259kt\u0259bin m\u00fc\u0259llimi<\/strong><\/p>\n","protected":false},"excerpt":{"rendered":"<p>Heyd\u0259r \u018fliyev M\u0259rk\u0259zind\u0259 rayondak\u0131 m\u0259d\u0259niyy\u0259t m\u00fc\u0259ssis\u0259l\u0259ri i\u015f\u00e7il\u0259rinin v\u0259 \u015f\u0259h\u0259r 5 sayl\u0131 tam orta m\u0259kt\u0259bi \u015fagirdl\u0259rinin i\u015ftirak\u0131 il\u0259 20 Yanvar faci\u0259sinin 28-ci ild\u00f6n\u00fcm\u00fcn\u0259 h\u0259sr olunmu\u015f \u201cTarix unudulmur\u201d adl\u0131 t\u0259dbir ke\u00e7irilib. \u018fvv\u0259lc\u0259 elektron kitabxanan\u0131n haz\u0131rlad\u0131\u011f\u0131 kitab s\u0259rgisin\u0259 bax\u0131\u015f olub. Sonra t\u0259dbir \u201cD\u0259yirmi masa\u201d \u0259traf\u0131nda davam etdirilib. Heyd\u0259r \u018fliyev M\u0259rk\u0259zinin direktoru S\u0259lim\u0259 Yusibova Qanl\u0131 Yanvar faci\u0259sind\u0259n, onun ba\u015f [&hellip;]<\/p>\n","protected":false},"author":2,"featured_media":0,"comment_status":"closed","ping_status":"closed","sticky":false,"template":"","format":"standard","meta":[],"categories":[1],"tags":[13],"_links":{"self":[{"href":"https:\/\/yeniterter.az\/index.php?rest_route=\/wp\/v2\/posts\/8570"}],"collection":[{"href":"https:\/\/yeniterter.az\/index.php?rest_route=\/wp\/v2\/posts"}],"about":[{"href":"https:\/\/yeniterter.az\/index.php?rest_route=\/wp\/v2\/types\/post"}],"author":[{"embeddable":true,"href":"https:\/\/yeniterter.az\/index.php?rest_route=\/wp\/v2\/users\/2"}],"replies":[{"embeddable":true,"href":"https:\/\/yeniterter.az\/index.php?rest_route=%2Fwp%2Fv2%2Fcomments&post=8570"}],"version-history":[{"count":0,"href":"https:\/\/yeniterter.az\/index.php?rest_route=\/wp\/v2\/posts\/8570\/revisions"}],"wp:attachment":[{"href":"https:\/\/yeniterter.az\/index.php?rest_route=%2Fwp%2Fv2%2Fmedia&parent=8570"}],"wp:term":[{"taxonomy":"category","embeddable":true,"href":"https:\/\/yeniterter.az\/index.php?rest_route=%2Fwp%2Fv2%2Fcategories&post=8570"},{"taxonomy":"post_tag","embeddable":true,"href":"https:\/\/yeniterter.az\/index.php?rest_route=%2Fwp%2Fv2%2Ftags&post=8570"}],"curies":[{"name":"wp","href":"https:\/\/api.w.org\/{rel}","templated":true}]}}