{"id":8547,"date":"2018-01-19T14:53:56","date_gmt":"2018-01-19T11:53:56","guid":{"rendered":"http:\/\/www.yeniterter.az\/?p=8547"},"modified":"2018-01-19T14:53:56","modified_gmt":"2018-01-19T11:53:56","slug":"2018-ci-ilin-az%c9%99rbaycan-respublikasinda-az%c9%99rbaycan-xalq-cumhuriyy%c9%99ti-ili-elan-edilm%c9%99si-haqqinda-az%c9%99rbaycan-respublikasi-prezidentinin-s%c9%99r%c9%99ncami","status":"publish","type":"post","link":"https:\/\/yeniterter.az\/?p=8547","title":{"rendered":"2018-ci ilin Az\u0259rbaycan Respublikas\u0131nda \u201cAz\u0259rbaycan  Xalq C\u00fcmhuriyy\u0259ti \u0130li\u201d elan edilm\u0259si haqq\u0131nda Az\u0259rbaycan Respublikas\u0131 Prezidentinin  S\u018fR\u018fNCAMI"},"content":{"rendered":"<p>1918-ci il may\u0131n 28-d\u0259 Az\u0259rbaycan xalq\u0131n\u0131n h\u0259yat\u0131nda misilsiz hadis\u0259 ba\u015f vermi\u015f, M\u00fcs\u0259lman \u015e\u0259rqind\u0259 ilk parlamentli respublika olan Az\u0259rbaycan Xalq C\u00fcmhuriyy\u0259ti qurulmu\u015fdur. C\u0259mi iki il\u0259 yax\u0131n ya\u015fam\u0131\u015f Az\u0259rbaycan Xalq C\u00fcmhuriyy\u0259ti z\u0259ngin d\u00f6vl\u0259t quruculu\u011fu t\u0259cr\u00fcb\u0259si il\u0259 milli d\u00f6vl\u0259t\u00e7ilik tarixind\u0259 silinm\u0259z izl\u0259r qoymu\u015f, xalq\u0131n q\u0259lbind\u0259 azadl\u0131q v\u0259 istiqlal duy\u011fular\u0131n\u0131 g\u00fccl\u0259ndirm\u0259kl\u0259 respublikan\u0131n g\u0259l\u0259c\u0259k m\u00fcst\u0259qilliyi \u00fc\u00e7\u00fcn etibarl\u0131 z\u0259min haz\u0131rlam\u0131\u015fd\u0131r.<br \/>\n2018-ci ild\u0259 Az\u0259rbaycan Xalq C\u00fcmhuriyy\u0259tinin yaranmas\u0131n\u0131n 100-c\u00fc ild\u00f6n\u00fcm\u00fc tamam olur. Bu \u0259lam\u0259tdar hadis\u0259nin d\u00f6vl\u0259t s\u0259viyy\u0259sind\u0259 layiqinc\u0259 qeyd edilm\u0259si m\u0259qs\u0259dil\u0259 Az\u0259rbaycan Respublikas\u0131 Prezidentinin \u201cAz\u0259rbaycan Xalq C\u00fcmhuriyy\u0259tinin 100 illik yubileyi haqq\u0131nda\u201d 2017-ci il 16 may tarixli 2867 n\u00f6mr\u0259li S\u0259r\u0259ncam\u0131na \u0259sas\u0259n, Az\u0259rbaycan Respublikas\u0131n\u0131n Nazirl\u0259r Kabinetin\u0259 m\u00fcvafiq t\u0259dbirl\u0259r plan\u0131n\u0131n haz\u0131rlan\u0131b h\u0259yata ke\u00e7irilm\u0259si tap\u015f\u0131r\u0131lm\u0131\u015fd\u0131r. Bu t\u0259dbirl\u0259rl\u0259 yana\u015f\u0131, Az\u0259rbaycan Xalq C\u00fcmhuriyy\u0259tinin yaranmas\u0131n\u0131n 100-c\u00fc ild\u00f6n\u00fcm\u00fc il\u0259 \u0259laq\u0259dar \u00f6lk\u0259d\u0259 v\u0259 \u00f6lk\u0259 xaricind\u0259 silsil\u0259 t\u0259dbirl\u0259rin h\u0259yata ke\u00e7irilm\u0259si n\u0259z\u0259rd\u0259 tutulmu\u015fdur.<br \/>\nAz\u0259rbaycan Respublikas\u0131 Konstitusiyas\u0131n\u0131n 109-cu madd\u0259sinin 32-ci b\u0259ndini r\u0259hb\u0259r tutaraq q\u0259rara al\u0131ram:<br \/>\n2018-ci il Az\u0259rbaycan Respublikas\u0131nda \u201cAz\u0259rbaycan Xalq C\u00fcmhuriyy\u0259ti \u0130li\u201d elan edilsin.<\/p>\n<p style=\"text-align: right;\">\u0130lham \u018fliyev<br \/>\nAz\u0259rbaycan Respublikas\u0131n\u0131n Prezidenti<br \/>\nBak\u0131 \u015f\u0259h\u0259ri, 10 yanvar 2018-ci il.<\/p>\n","protected":false},"excerpt":{"rendered":"<p>1918-ci il may\u0131n 28-d\u0259 Az\u0259rbaycan xalq\u0131n\u0131n h\u0259yat\u0131nda misilsiz hadis\u0259 ba\u015f vermi\u015f, M\u00fcs\u0259lman \u015e\u0259rqind\u0259 ilk parlamentli respublika olan Az\u0259rbaycan Xalq C\u00fcmhuriyy\u0259ti qurulmu\u015fdur. C\u0259mi iki il\u0259 yax\u0131n ya\u015fam\u0131\u015f Az\u0259rbaycan Xalq C\u00fcmhuriyy\u0259ti z\u0259ngin d\u00f6vl\u0259t quruculu\u011fu t\u0259cr\u00fcb\u0259si il\u0259 milli d\u00f6vl\u0259t\u00e7ilik tarixind\u0259 silinm\u0259z izl\u0259r qoymu\u015f, xalq\u0131n q\u0259lbind\u0259 azadl\u0131q v\u0259 istiqlal duy\u011fular\u0131n\u0131 g\u00fccl\u0259ndirm\u0259kl\u0259 respublikan\u0131n g\u0259l\u0259c\u0259k m\u00fcst\u0259qilliyi \u00fc\u00e7\u00fcn etibarl\u0131 z\u0259min haz\u0131rlam\u0131\u015fd\u0131r. 2018-ci [&hellip;]<\/p>\n","protected":false},"author":2,"featured_media":0,"comment_status":"closed","ping_status":"closed","sticky":false,"template":"","format":"standard","meta":[],"categories":[10],"tags":[20],"_links":{"self":[{"href":"https:\/\/yeniterter.az\/index.php?rest_route=\/wp\/v2\/posts\/8547"}],"collection":[{"href":"https:\/\/yeniterter.az\/index.php?rest_route=\/wp\/v2\/posts"}],"about":[{"href":"https:\/\/yeniterter.az\/index.php?rest_route=\/wp\/v2\/types\/post"}],"author":[{"embeddable":true,"href":"https:\/\/yeniterter.az\/index.php?rest_route=\/wp\/v2\/users\/2"}],"replies":[{"embeddable":true,"href":"https:\/\/yeniterter.az\/index.php?rest_route=%2Fwp%2Fv2%2Fcomments&post=8547"}],"version-history":[{"count":0,"href":"https:\/\/yeniterter.az\/index.php?rest_route=\/wp\/v2\/posts\/8547\/revisions"}],"wp:attachment":[{"href":"https:\/\/yeniterter.az\/index.php?rest_route=%2Fwp%2Fv2%2Fmedia&parent=8547"}],"wp:term":[{"taxonomy":"category","embeddable":true,"href":"https:\/\/yeniterter.az\/index.php?rest_route=%2Fwp%2Fv2%2Fcategories&post=8547"},{"taxonomy":"post_tag","embeddable":true,"href":"https:\/\/yeniterter.az\/index.php?rest_route=%2Fwp%2Fv2%2Ftags&post=8547"}],"curies":[{"name":"wp","href":"https:\/\/api.w.org\/{rel}","templated":true}]}}