{"id":8543,"date":"2018-01-19T14:52:13","date_gmt":"2018-01-19T11:52:13","guid":{"rendered":"http:\/\/www.yeniterter.az\/?p=8543"},"modified":"2018-01-19T14:52:13","modified_gmt":"2018-01-19T11:52:13","slug":"2018-ci-ild%c9%99-az%c9%99rbaycanin-iqtisadi-qudr%c9%99ti-daha-da-artacaq","status":"publish","type":"post","link":"https:\/\/yeniterter.az\/?p=8543","title":{"rendered":"2018-ci \u0130LD\u018f AZ\u018fRBAYCANIN \u0130QT\u0130SAD\u0130 Q\u00dcDR\u018fT\u0130 DAHA DA ARTACAQ"},"content":{"rendered":"<p><img decoding=\"async\" loading=\"lazy\" class=\" wp-image-8544 alignleft\" src=\"http:\/\/www.yeniterter.az\/wp-content\/uploads\/prr_03-300x183.jpg\" alt=\"prr_03\" width=\"144\" height=\"88\" srcset=\"https:\/\/yeniterter.az\/wp-content\/uploads\/prr_03-300x183.jpg 300w, https:\/\/yeniterter.az\/wp-content\/uploads\/prr_03.jpg 711w\" sizes=\"(max-width: 144px) 100vw, 144px\" \/><img decoding=\"async\" loading=\"lazy\" class=\" wp-image-8545 alignright\" src=\"http:\/\/www.yeniterter.az\/wp-content\/uploads\/prr_012-300x185.jpg\" alt=\"prr_012\" width=\"146\" height=\"90\" srcset=\"https:\/\/yeniterter.az\/wp-content\/uploads\/prr_012-300x185.jpg 300w, https:\/\/yeniterter.az\/wp-content\/uploads\/prr_012.jpg 400w\" sizes=\"(max-width: 146px) 100vw, 146px\" \/>2017-ci il ba\u015fa \u00e7at\u0131b. Nazirl\u0259r Kabinetinin \u00f6t\u0259n ilin sosial-iqtisadi yekunlar\u0131na v\u0259 qar\u015f\u0131da duran v\u0259zif\u0259l\u0259r\u0259 h\u0259sr olunmu\u015f y\u0131\u011f\u0131nca\u011f\u0131nda Prezident \u0130lham \u018fliyevin dediyi kimi, 2017-ci ild\u0259 \u00f6lk\u0259miz s\u00fcr\u0259tl\u0259 v\u0259 u\u011furla inki\u015faf etmi\u015fdir. \u0130qtisadi sah\u0259d\u0259 \u00e7ox b\u00f6y\u00fck u\u011furlar \u0259ld\u0259 edilibdir. \u00d6lk\u0259d\u0259 d\u0259rin iqtisadi islahatlar h\u0259yata ke\u00e7irilib. \u018fn sevindirici hal ondan ibar\u0259tdir ki, qeyri-neft sektorumuz art\u0131b v\u0259 burada art\u0131m 2,5 faiz t\u0259\u015fkil edir. K\u0259nd t\u0259s\u0259rr\u00fcfat\u0131 4,1 faiz art\u0131bd\u0131r.<br \/>\nD\u00f6vl\u0259timizin ba\u015f\u00e7\u0131s\u0131 bildirib ki, \u00f6t\u0259n il \u00f6lk\u0259 iqtisadiyyat\u0131na 14,6 milyard dollar s\u0259rmay\u0259 qoyulub. Bu onu g\u00f6st\u0259rir ki, h\u0259m yerli v\u0259 h\u0259m d\u0259 xarici investorlar \u00f6lk\u0259miz\u0259 v\u0259sait qoymaqda maraql\u0131d\u0131rlar.<br \/>\nAz\u0259rbaycan\u0131n ixrac potensial\u0131 art\u0131b. 2017-ci ild\u0259 ixrac 19 faiz art\u0131b.<br \/>\nPrezident \u0130lham \u018fliyev iqtisadi sah\u0259d\u0259 qazan\u0131lan u\u011furlardan dan\u0131\u015fark\u0259n deyib: \u201cBir s\u00f6zl\u0259, iqtisadi sah\u0259nin \u0259sas g\u00f6st\u0259ricil\u0259ri \u00e7ox m\u00fcsb\u0259tdir. Hesab edir\u0259m ki, h\u0259r bir \u00f6lk\u0259 bel\u0259 n\u0259tic\u0259l\u0259rl\u0259 f\u0259xr ed\u0259 bil\u0259r. Biz d\u0259 f\u0259xr edirik ki, 2017-ci ili bel\u0259 g\u00f6z\u0259l n\u0259tic\u0259l\u0259rl\u0259 ba\u015fa vurmu\u015fuq.<!--more--><br \/>\nY\u0131\u011f\u0131ncaqda regionlar\u0131n inki\u015faf\u0131 geni\u015f t\u0259hlil olunmu\u015fdur. Bu bar\u0259d\u0259 dan\u0131\u015fan c\u0259nab Prezident g\u00f6st\u0259rib ki, ke\u00e7\u0259n il o, dem\u0259k olar ki, rayonlar\u0131n yar\u0131s\u0131nda olub. \u00d6lk\u0259 ba\u015f\u00e7\u0131s\u0131 deyib: \u201cBu, \u0259lb\u0259tt\u0259 ki, h\u0259m m\u0259nim \u00fc\u00e7\u00fcn \u00e7ox \u0259h\u0259miyy\u0259tlidir, \u00e7\u00fcnki m\u0259n yerl\u0259rd\u0259 v\u0259ziyy\u0259tl\u0259 tan\u0131\u015f oluram v\u0259 m\u00fcvafiq g\u00f6st\u0259ri\u015fl\u0259r verir\u0259m. Bilir\u0259m ki, bu, b\u00f6lg\u0259l\u0259rd\u0259 ya\u015fayan v\u0259t\u0259nda\u015flar \u00fc\u00e7\u00fcn d\u0259 \u00e7ox \u00f6n\u0259mlidir. \u018flb\u0259ttl\u0259 ki, bu, nizam-intizam\u0131n m\u00f6hk\u0259ml\u0259ndirilm\u0259si \u00fc\u00e7\u00fcn d\u0259 \u00e7ox \u00f6n\u0259mlidir. \u00c7\u00fcnki m\u0259n Az\u0259rbaycan\u0131n h\u0259r bir rayonunda d\u0259f\u0259l\u0259rl\u0259 olmu\u015fam v\u0259 veril\u0259n tap\u015f\u0131r\u0131qlar\u0131n yerin\u0259 yetirilm\u0259sini d\u0259 \u00f6z\u00fcm \u015f\u0259xs\u0259n n\u0259zar\u0259td\u0259 saxlay\u0131ram\u201d.<br \/>\nY\u0131\u011f\u0131ncaqda m\u0259cburi k\u00f6\u00e7k\u00fcnl\u0259rin probleml\u0259rinin h\u0259lli istiqam\u0259tind\u0259 \u00f6t\u0259n il g\u00f6r\u00fcl\u0259n i\u015fl\u0259rd\u0259n \u0259trafl\u0131 s\u00f6hb\u0259t gedib. Bildirilib ki, bu m\u0259s\u0259l\u0259 daim diqq\u0259t m\u0259rk\u0259zind\u0259 saxlan\u0131l\u0131r. Bel\u0259 ki, 2017-ci ild\u0259 2300 ail\u0259-12 mind\u0259n \u00e7ox k\u00f6\u00e7k\u00fcn yeni evl\u0259rl\u0259, m\u0259nzill\u0259rl\u0259 t\u0259min edilibdir. Cocuq M\u0259rcanl\u0131 k\u0259ndinin b\u0259rpas\u0131 tarixi nailiyy\u0259tdir.<br \/>\nEyni zamanda, \u00f6t\u0259n il \u015e\u0131xarx q\u0259s\u0259b\u0259sind\u0259 1170 ail\u0259 \u00fc\u00e7\u00fcn yeni \u015f\u0259h\u0259rcik sal\u0131n\u0131b. \u015e\u0131xarx q\u0259s\u0259b\u0259si vaxtil\u0259 i\u015f\u011fal alt\u0131nda olan \u0259razidir. Bu \u0259razi erm\u0259ni i\u015f\u011fal\u00e7\u0131lar\u0131ndan t\u0259mizl\u0259nmi\u015fdir. O yerd\u0259 yeni b\u00f6y\u00fck \u015f\u0259h\u0259rciyin sal\u0131nmas\u0131 bir daha onu g\u00f6st\u0259rir ki, Da\u011fl\u0131q Qaraba\u011f bizim \u0259z\u0259li torpa\u011f\u0131m\u0131zd\u0131r.<br \/>\nY\u0131\u011f\u0131ncaqdak\u0131 yekun nitqind\u0259 c\u0259nab Prezident qar\u015f\u0131da duran v\u0259zif\u0259l\u0259rd\u0259n dan\u0131\u015f\u0131b v\u0259 qeyd edib ki, 2018-ci il d\u0259 Az\u0259rbaycanda k\u0259nd t\u0259s\u0259rr\u00fcfat\u0131n\u0131n inki\u015faf\u0131 \u00fc\u00e7\u00fcn u\u011furlu olacaqd\u0131r. H\u0259m \u0259rzaq t\u0259hl\u00fck\u0259sizliyi m\u0259s\u0259l\u0259l\u0259ri h\u0259ll edil\u0259c\u0259k, h\u0259m d\u0259 k\u0259nd t\u0259s\u0259rr\u00fcfat\u0131n\u0131n \u0259n\u0259n\u0259vi olan texniki sah\u0259l\u0259ri inki\u015faf etdiril\u0259c\u0259k. D\u00f6vl\u0259t ba\u015f\u00e7\u0131s\u0131 deyib: \u201cKe\u00e7\u0259n il b\u00f6lg\u0259l\u0259rd\u0259 pamb\u0131q\u00e7\u0131l\u0131q, barama\u00e7\u0131l\u0131q, f\u0131nd\u0131q\u00e7\u0131l\u0131q, t\u00fct\u00fcn\u00e7\u00fcl\u00fck, \u00e7ay\u00e7\u0131l\u0131q, \u00e7\u0259ltik\u00e7ilik, sitrus\u00e7uluq \u00fczr\u0259 m\u00fc\u015favir\u0259l\u0259r ke\u00e7irilmi\u015fdir, bir ne\u00e7\u0259 d\u00f6vl\u0259t proqram\u0131 q\u0259bul edilmi\u015fdir. Biz g\u00f6r\u00fcr\u00fck ki, bu sah\u0259l\u0259rd\u0259 \u00e7ox b\u00f6y\u00fck inki\u015faf var. Bu sah\u0259l\u0259r\u0259 g\u00f6st\u0259ril\u0259n diq-q\u0259t h\u0259m i\u015f yerl\u0259rinin yarad\u0131lmas\u0131na g\u0259tirib \u00e7\u0131xar\u0131r, h\u0259m d\u0259 ixrac potensial\u0131m\u0131z\u0131 art\u0131r\u0131r\u201d.<br \/>\nC\u0259nab Prezident \u00f6z \u00e7\u0131x\u0131\u015f\u0131nda b\u00f6lg\u0259l\u0259rd\u0259 suvarma il\u0259 ba\u011fl\u0131 probleml\u0259r\u0259 d\u0259 toxunub. Bildirib ki, bu sah\u0259d\u0259 v\u0259t\u0259nda\u015flar t\u0259r\u0259find\u0259n qald\u0131r\u0131lm\u0131\u015f b\u00fct\u00fcn t\u0259klifl\u0259r d\u00f6vl\u0259t investisiya proqramlar\u0131nda n\u0259z\u0259r\u0259 al\u0131n\u0131b. Ona g\u00f6r\u0259 d\u0259 bu il bug\u00fcn\u0259 q\u0259d\u0259r suvar\u0131lmayan \u0259n az\u0131 y\u00fcz min hektar torpaqlara su g\u0259tiril\u0259c\u0259kdir. Bu il \u0259n az\u0131 300 subartezian quyusu qaz\u0131lacaq.<br \/>\n\u00c7\u0131x\u0131\u015f\u0131n\u0131n sonunda Prezident \u0130lham \u018fliyev bildirib ki, 2018-ci ili \u00f6lk\u0259mizd\u0259 \u201cAz\u0259rbaycan Xalq C\u00fcmhuriyy\u0259ti ili\u201d elan edir.<\/p>\n<p style=\"text-align: right;\"><strong>\u201cYeni <\/strong>T\u0259rt\u0259r\u201d<\/p>\n","protected":false},"excerpt":{"rendered":"<p>2017-ci il ba\u015fa \u00e7at\u0131b. Nazirl\u0259r Kabinetinin \u00f6t\u0259n ilin sosial-iqtisadi yekunlar\u0131na v\u0259 qar\u015f\u0131da duran v\u0259zif\u0259l\u0259r\u0259 h\u0259sr olunmu\u015f y\u0131\u011f\u0131nca\u011f\u0131nda Prezident \u0130lham \u018fliyevin dediyi kimi, 2017-ci ild\u0259 \u00f6lk\u0259miz s\u00fcr\u0259tl\u0259 v\u0259 u\u011furla inki\u015faf etmi\u015fdir. \u0130qtisadi sah\u0259d\u0259 \u00e7ox b\u00f6y\u00fck u\u011furlar \u0259ld\u0259 edilibdir. \u00d6lk\u0259d\u0259 d\u0259rin iqtisadi islahatlar h\u0259yata ke\u00e7irilib. \u018fn sevindirici hal ondan ibar\u0259tdir ki, qeyri-neft sektorumuz art\u0131b v\u0259 burada art\u0131m [&hellip;]<\/p>\n","protected":false},"author":2,"featured_media":0,"comment_status":"closed","ping_status":"closed","sticky":false,"template":"","format":"standard","meta":[],"categories":[10],"tags":[20],"_links":{"self":[{"href":"https:\/\/yeniterter.az\/index.php?rest_route=\/wp\/v2\/posts\/8543"}],"collection":[{"href":"https:\/\/yeniterter.az\/index.php?rest_route=\/wp\/v2\/posts"}],"about":[{"href":"https:\/\/yeniterter.az\/index.php?rest_route=\/wp\/v2\/types\/post"}],"author":[{"embeddable":true,"href":"https:\/\/yeniterter.az\/index.php?rest_route=\/wp\/v2\/users\/2"}],"replies":[{"embeddable":true,"href":"https:\/\/yeniterter.az\/index.php?rest_route=%2Fwp%2Fv2%2Fcomments&post=8543"}],"version-history":[{"count":0,"href":"https:\/\/yeniterter.az\/index.php?rest_route=\/wp\/v2\/posts\/8543\/revisions"}],"wp:attachment":[{"href":"https:\/\/yeniterter.az\/index.php?rest_route=%2Fwp%2Fv2%2Fmedia&parent=8543"}],"wp:term":[{"taxonomy":"category","embeddable":true,"href":"https:\/\/yeniterter.az\/index.php?rest_route=%2Fwp%2Fv2%2Fcategories&post=8543"},{"taxonomy":"post_tag","embeddable":true,"href":"https:\/\/yeniterter.az\/index.php?rest_route=%2Fwp%2Fv2%2Ftags&post=8543"}],"curies":[{"name":"wp","href":"https:\/\/api.w.org\/{rel}","templated":true}]}}