{"id":8529,"date":"2018-01-19T13:39:14","date_gmt":"2018-01-19T10:39:14","guid":{"rendered":"http:\/\/www.yeniterter.az\/?p=8529"},"modified":"2018-01-19T13:39:14","modified_gmt":"2018-01-19T10:39:14","slug":"s%c9%99hidl%c9%99r-konull%c9%99rimizd%c9%99-muq%c9%99dd%c9%99sl%c9%99sibl%c9%99r","status":"publish","type":"post","link":"https:\/\/yeniterter.az\/?p=8529","title":{"rendered":"\u015e\u018fH\u0130DL\u018fR  K\u00d6N\u00dcLL\u018fR\u0130M\u0130ZD\u018f M\u00dcQ\u018fDD\u018fSL\u018f\u015e\u0130BL\u018fR"},"content":{"rendered":"<p><img decoding=\"async\" loading=\"lazy\" class=\" wp-image-8530 alignleft\" src=\"http:\/\/www.yeniterter.az\/wp-content\/uploads\/20_yanvar_004-300x225.jpg\" alt=\"20_yanvar_004\" width=\"130\" height=\"98\" srcset=\"https:\/\/yeniterter.az\/wp-content\/uploads\/20_yanvar_004-300x225.jpg 300w, https:\/\/yeniterter.az\/wp-content\/uploads\/20_yanvar_004.jpg 500w\" sizes=\"(max-width: 130px) 100vw, 130px\" \/>Az\u0259rbaycan xalq\u0131n\u0131n tarixind\u0259 faci\u0259l\u0259rl\u0259 yaz\u0131lm\u0131\u015f Qanl\u0131 20 Yanvar! \u0130nsanl\u0131\u011fa qar\u015f\u0131 t\u00f6r\u0259dilmi\u015f \u0259n a\u011f\u0131r cinay\u0259tl\u0259rd\u0259n biri. B\u0259\u015f\u0259r tarixind\u0259 qara s\u0259hif\u0259 olaraq qalacaq terror akt\u0131. Bel\u0259likl\u0259 y\u00fczl\u0259rl\u0259 g\u00fcnahs\u0131z insan\u0131n q\u0259tl\u0259 yetirilm\u0259sin\u0259, yaralanmas\u0131na bais olan cinay\u0259tkar, totalitar sovet rejiminin \u015f\u00fcqutu. \u00d6z \u00f6lk\u0259sinin \u0259razi b\u00fct\u00f6vl\u00fcy\u00fc u\u011frunda m\u00fcbariz\u0259y\u0259 qalxm\u0131\u015f, milli azadl\u0131\u011f\u0131n\u0131n m\u00fcdafi\u0259\u00e7isin\u0259 \u00e7evrilmi\u015f dinc \u0259haliy\u0259 qar\u015f\u0131 t\u00f6r\u0259dil\u0259n cinay\u0259tin d\u00fcnyaya n\u00fcmayi\u015f etdirilm\u0259si&#8230;<br \/>\nO gec\u0259nin d\u0259h\u015f\u0259tini saf-\u00e7\u00fcr\u00fck ed\u0259nd\u0259 insan\u0131n damarlar\u0131nda qan\u0131 donur. \u018fliyal\u0131n, g\u00fcnahs\u0131z insanlar\u0131n \u00fcst\u00fcn\u0259 x\u00fcsusi q\u0259ddarl\u0131q v\u0259 v\u0259h\u015filikl\u0259 yeridilmi\u015f sovet ordusunun x\u00fcsusi t\u0259yinatl\u0131 b\u00f6lm\u0259l\u0259ri v\u0259 daxili qo\u015funlar\u0131n b\u00f6y\u00fck kontingentinin amans\u0131zl\u0131\u011f\u0131 hidd\u0259t do\u011furur. 20 Yanvar gec\u0259sind\u0259 Bak\u0131 riyakarl\u0131\u011f\u0131n, a\u011f yalan\u0131n qurban\u0131na \u00e7evrildi. F\u00f6vq\u0259lad\u0259 v\u0259ziyy\u0259tin elan edilm\u0259sind\u0259n x\u0259b\u0259ri olmayan \u015f\u0259h\u0259r\u0259 qo\u015fun yeridil\u0259r\u0259k \u0259haliy\u0259 divan tutuldu. \u0130nsanlar n\u0259inki k\u00fc\u00e7\u0259l\u0259rd\u0259, \u00f6z evl\u0259rind\u0259, oturduqlar\u0131 yerd\u0259 g\u00fcll\u0259l\u0259rin h\u0259d\u0259fin\u0259 \u00e7evrildil\u0259r.<!--more--> O gec\u0259 y\u00fczl\u0259rl\u0259 insan \u2013 qoca, cavan, h\u0259tta u\u015faqlar alqanlar\u0131na boyand\u0131lar, h\u0259yatlar\u0131na son qoyuldu. Bu q\u0259ddarl\u0131\u011f\u0131n n\u0259tic\u0259si he\u00e7 n\u0259 il\u0259 \u00f6l\u00e7\u00fcy\u0259 g\u0259l\u0259si deyil.<br \/>\n28 ildir Az\u0259rbaycan xalq\u0131 bu yaran\u0131n a\u011fr\u0131s\u0131 il\u0259 ya\u015fay\u0131r. Lakin bu a\u011fr\u0131 xroniki olmad\u0131. Onun \u00fcst\u00fc qaysaq ba\u011flad\u0131. \u0130tirdikl\u0259rimiz yad olunduqca m\u0259tinl\u0259\u015fdik, haqq\u0131m\u0131z\u0131n, m\u00fcst\u0259qiliyimizin sahibin\u0259 \u00e7evrildik. 28 il \u0259vv\u0259l q\u0131rm\u0131z\u0131 q\u0259r\u0259nfill\u0259r d\u00f6\u015f\u0259nmi\u015f Bak\u0131 k\u00fc\u00e7\u0259l\u0259ri \u00f6z sakinl\u0259rinin rahatl\u0131\u011f\u0131na, firavanl\u0131\u011f\u0131na cevrilib. Bug\u00fcn Az\u0259rbaycan\u0131n azadl\u0131\u011f\u0131 u\u011frunda can\u0131ndan ke\u00e7mi\u015f o\u011ful v\u0259 q\u0131zlar\u0131n\u0131n uyudu\u011fu \u015e\u0259hidl\u0259r xiyaban\u0131 m\u00fcq\u0259dd\u0259s m\u0259kan hesab olunur. \u015e\u0259hidl\u0259rin xatir\u0259si h\u0259r il etiramla yad edilir. Bu m\u0259kan h\u0259r bir v\u0259t\u0259nda\u015f\u0131m\u0131z\u0131n q\u00fcrur m\u0259nb\u0259yin\u0259 d\u00f6n\u00fcb. \u015e\u0259hidl\u0259r \u00f6lm\u00fcrl\u0259r, \u0259b\u0259di olaraq k\u00f6n\u00fcll\u0259rimizd\u0259 yer al\u0131blar, m\u00fcq\u0259dd\u0259sl\u0259\u015fibl\u0259r.<\/p>\n<p style=\"text-align: right;\"><strong>Elfuz\u0259 V\u018fL\u0130YEVA,<\/strong><\/p>\n","protected":false},"excerpt":{"rendered":"<p>Az\u0259rbaycan xalq\u0131n\u0131n tarixind\u0259 faci\u0259l\u0259rl\u0259 yaz\u0131lm\u0131\u015f Qanl\u0131 20 Yanvar! \u0130nsanl\u0131\u011fa qar\u015f\u0131 t\u00f6r\u0259dilmi\u015f \u0259n a\u011f\u0131r cinay\u0259tl\u0259rd\u0259n biri. B\u0259\u015f\u0259r tarixind\u0259 qara s\u0259hif\u0259 olaraq qalacaq terror akt\u0131. Bel\u0259likl\u0259 y\u00fczl\u0259rl\u0259 g\u00fcnahs\u0131z insan\u0131n q\u0259tl\u0259 yetirilm\u0259sin\u0259, yaralanmas\u0131na bais olan cinay\u0259tkar, totalitar sovet rejiminin \u015f\u00fcqutu. \u00d6z \u00f6lk\u0259sinin \u0259razi b\u00fct\u00f6vl\u00fcy\u00fc u\u011frunda m\u00fcbariz\u0259y\u0259 qalxm\u0131\u015f, milli azadl\u0131\u011f\u0131n\u0131n m\u00fcdafi\u0259\u00e7isin\u0259 \u00e7evrilmi\u015f dinc \u0259haliy\u0259 qar\u015f\u0131 t\u00f6r\u0259dil\u0259n cinay\u0259tin d\u00fcnyaya n\u00fcmayi\u015f [&hellip;]<\/p>\n","protected":false},"author":2,"featured_media":0,"comment_status":"closed","ping_status":"closed","sticky":false,"template":"","format":"standard","meta":[],"categories":[10],"tags":[20],"_links":{"self":[{"href":"https:\/\/yeniterter.az\/index.php?rest_route=\/wp\/v2\/posts\/8529"}],"collection":[{"href":"https:\/\/yeniterter.az\/index.php?rest_route=\/wp\/v2\/posts"}],"about":[{"href":"https:\/\/yeniterter.az\/index.php?rest_route=\/wp\/v2\/types\/post"}],"author":[{"embeddable":true,"href":"https:\/\/yeniterter.az\/index.php?rest_route=\/wp\/v2\/users\/2"}],"replies":[{"embeddable":true,"href":"https:\/\/yeniterter.az\/index.php?rest_route=%2Fwp%2Fv2%2Fcomments&post=8529"}],"version-history":[{"count":0,"href":"https:\/\/yeniterter.az\/index.php?rest_route=\/wp\/v2\/posts\/8529\/revisions"}],"wp:attachment":[{"href":"https:\/\/yeniterter.az\/index.php?rest_route=%2Fwp%2Fv2%2Fmedia&parent=8529"}],"wp:term":[{"taxonomy":"category","embeddable":true,"href":"https:\/\/yeniterter.az\/index.php?rest_route=%2Fwp%2Fv2%2Fcategories&post=8529"},{"taxonomy":"post_tag","embeddable":true,"href":"https:\/\/yeniterter.az\/index.php?rest_route=%2Fwp%2Fv2%2Ftags&post=8529"}],"curies":[{"name":"wp","href":"https:\/\/api.w.org\/{rel}","templated":true}]}}