{"id":8525,"date":"2018-01-19T13:35:44","date_gmt":"2018-01-19T10:35:44","guid":{"rendered":"http:\/\/www.yeniterter.az\/?p=8525"},"modified":"2018-01-19T13:35:56","modified_gmt":"2018-01-19T10:35:56","slug":"o-gun-olum-il%c9%99-h%c9%99yat-uzb%c9%99uz-idi","status":"publish","type":"post","link":"https:\/\/yeniterter.az\/?p=8525","title":{"rendered":"O G\u00dcN \u00d6L\u00dcM \u0130L\u018f H\u018fYAT \u00dcZB\u018f\u00dcZ  \u0130D\u0130"},"content":{"rendered":"<p><img decoding=\"async\" loading=\"lazy\" class=\" wp-image-8526 alignleft\" src=\"http:\/\/www.yeniterter.az\/wp-content\/uploads\/x1990-january-20-after-2721248182407210709-300x182.jpg\" alt=\"x1990-january-20-after-2721248182407210709\" width=\"133\" height=\"81\" srcset=\"https:\/\/yeniterter.az\/wp-content\/uploads\/x1990-january-20-after-2721248182407210709-300x182.jpg 300w, https:\/\/yeniterter.az\/wp-content\/uploads\/x1990-january-20-after-2721248182407210709.jpg 600w\" sizes=\"(max-width: 133px) 100vw, 133px\" \/>H\u0259min faci\u0259li g\u00fcnl\u0259rd\u0259 \u00f6z \u00f6lk\u0259sinin, xalq\u0131n\u0131n azadl\u0131\u011f\u0131n\u0131, \u015f\u0259r\u0259f v\u0259 l\u0259yaq\u0259tini h\u0259r \u015feyd\u0259n uca tutan m\u0259rd V\u0259-t\u0259n \u00f6vladlar\u0131 canlar\u0131ndan ke\u00e7\u0259r\u0259k \u015f\u0259hidlik zirv\u0259sin\u0259 ucald\u0131lar.<br \/>\nB\u00f6y\u00fck itkil\u0259rl\u0259, g\u00fcnahs\u0131z insanlar\u0131n q\u0259tli il\u0259 n\u0259tic\u0259l\u0259n\u0259n 20 Yanvar faci\u0259si Mixail Qorba\u00e7ov ba\u015fda olmaqla cinay\u0259tkar imperiya r\u0259hb\u0259rliyinin Az\u0259rbaycana qar\u015f\u0131 x\u0259yan\u0259tkar siyas\u0259tin\u0259 d\u00f6zm\u0259y\u0259n, \u00f6z azadl\u0131\u011f\u0131na, m\u00fcst\u0259qilliyin\u0259 can atan Az\u0259rbaycan xalq\u0131n\u0131n h\u0259m d\u0259 m\u00fcbarizliyini, \u0259yilm\u0259zliyini, m\u0259\u011frurlu\u011funu n\u00fcmayi\u015f etdirdi.<br \/>\n20 Yanvar v\u0259 Az\u0259rbaycan tarixind\u0259 ondan \u0259vv\u0259lki faci\u0259li hadis\u0259l\u0259r XX \u0259sr boyu xalq\u0131m\u0131za qar\u015f\u0131 yeridil\u0259n d\u00fc\u015f\u00fcn\u00fclm\u00fc\u015f siyas\u0259tin n\u00f6vb\u0259ti t\u0259zah\u00fcr\u00fc idi. Az\u0259rbaycan xalq\u0131na qar\u015f\u0131 soyq\u0131r\u0131m\u0131, sovet hakimiyy\u0259ti ill\u0259rind\u0259 Az\u0259rbaycan \u0259razil\u0259rinin t\u0259dric\u0259n ilhaq olunmas\u0131, n\u0259tic\u0259d\u0259 \u00f6lk\u0259nin \u0259razisinin 114 000 kv.km-d\u0259n 86 600 kv.km azalmas\u0131, sovet r\u0259hb\u0259rliyinin havadarl\u0131\u011f\u0131 il\u0259 ba\u015flayan Da\u011fl\u0131q Qaraba\u011f hadis\u0259l\u0259ri, az\u0259rbaycanl\u0131lar\u0131n Erm\u0259nistan \u0259razisind\u0259ki \u0259z\u0259li torpaqlar\u0131ndan qovulmas\u0131 bu siyas\u0259tin m\u0259rh\u0259l\u0259l\u0259ridir.<!--more--><br \/>\n1990-c\u0131 ilin yanvar q\u0131r\u011f\u0131n\u0131 n\u0259 q\u0259d\u0259r faci\u0259li olsa da, Az\u0259rbaycan xalq\u0131n\u0131n irad\u0259sini, milli azadl\u0131q u\u011frunda m\u00fcbariz\u0259 \u0259zmini q\u0131ra bilm\u0259di. H\u0259min m\u00fcdhi\u015f gec\u0259d\u0259 h\u0259lak olan v\u0259t\u0259n o\u011fullar\u0131 Az\u0259rbaycan\u0131n tarixin\u0259 parlaq s\u0259hif\u0259 yazd\u0131lar, xalq\u0131n milli azadl\u0131\u011f\u0131, m\u00fcst\u0259qilliyi \u00fc\u00e7\u00fcn yol a\u00e7d\u0131lar.<\/p>\n<p style=\"text-align: right;\"><strong>Orxan MUSTAFAZAD\u018f,<\/strong><br \/>\n<strong>\u015f\u0259h\u0259r 5 sayl\u0131 tam orta m\u0259kt\u0259bin X sinif \u015fagirdi<\/strong><\/p>\n","protected":false},"excerpt":{"rendered":"<p>H\u0259min faci\u0259li g\u00fcnl\u0259rd\u0259 \u00f6z \u00f6lk\u0259sinin, xalq\u0131n\u0131n azadl\u0131\u011f\u0131n\u0131, \u015f\u0259r\u0259f v\u0259 l\u0259yaq\u0259tini h\u0259r \u015feyd\u0259n uca tutan m\u0259rd V\u0259-t\u0259n \u00f6vladlar\u0131 canlar\u0131ndan ke\u00e7\u0259r\u0259k \u015f\u0259hidlik zirv\u0259sin\u0259 ucald\u0131lar. B\u00f6y\u00fck itkil\u0259rl\u0259, g\u00fcnahs\u0131z insanlar\u0131n q\u0259tli il\u0259 n\u0259tic\u0259l\u0259n\u0259n 20 Yanvar faci\u0259si Mixail Qorba\u00e7ov ba\u015fda olmaqla cinay\u0259tkar imperiya r\u0259hb\u0259rliyinin Az\u0259rbaycana qar\u015f\u0131 x\u0259yan\u0259tkar siyas\u0259tin\u0259 d\u00f6zm\u0259y\u0259n, \u00f6z azadl\u0131\u011f\u0131na, m\u00fcst\u0259qilliyin\u0259 can atan Az\u0259rbaycan xalq\u0131n\u0131n h\u0259m d\u0259 m\u00fcbarizliyini, \u0259yilm\u0259zliyini, [&hellip;]<\/p>\n","protected":false},"author":2,"featured_media":0,"comment_status":"closed","ping_status":"closed","sticky":false,"template":"","format":"standard","meta":[],"categories":[10],"tags":[20],"_links":{"self":[{"href":"https:\/\/yeniterter.az\/index.php?rest_route=\/wp\/v2\/posts\/8525"}],"collection":[{"href":"https:\/\/yeniterter.az\/index.php?rest_route=\/wp\/v2\/posts"}],"about":[{"href":"https:\/\/yeniterter.az\/index.php?rest_route=\/wp\/v2\/types\/post"}],"author":[{"embeddable":true,"href":"https:\/\/yeniterter.az\/index.php?rest_route=\/wp\/v2\/users\/2"}],"replies":[{"embeddable":true,"href":"https:\/\/yeniterter.az\/index.php?rest_route=%2Fwp%2Fv2%2Fcomments&post=8525"}],"version-history":[{"count":0,"href":"https:\/\/yeniterter.az\/index.php?rest_route=\/wp\/v2\/posts\/8525\/revisions"}],"wp:attachment":[{"href":"https:\/\/yeniterter.az\/index.php?rest_route=%2Fwp%2Fv2%2Fmedia&parent=8525"}],"wp:term":[{"taxonomy":"category","embeddable":true,"href":"https:\/\/yeniterter.az\/index.php?rest_route=%2Fwp%2Fv2%2Fcategories&post=8525"},{"taxonomy":"post_tag","embeddable":true,"href":"https:\/\/yeniterter.az\/index.php?rest_route=%2Fwp%2Fv2%2Ftags&post=8525"}],"curies":[{"name":"wp","href":"https:\/\/api.w.org\/{rel}","templated":true}]}}