{"id":8509,"date":"2018-01-19T11:20:40","date_gmt":"2018-01-19T08:20:40","guid":{"rendered":"http:\/\/www.yeniterter.az\/?p=8509"},"modified":"2018-01-19T11:22:29","modified_gmt":"2018-01-19T08:22:29","slug":"yolasalinma-m%c9%99rasimi","status":"publish","type":"post","link":"https:\/\/yeniterter.az\/?p=8509","title":{"rendered":"YOLASALINMA M\u018fRAS\u0130M\u0130"},"content":{"rendered":"<p><img decoding=\"async\" loading=\"lazy\" class=\" wp-image-8510 alignleft\" src=\"http:\/\/www.yeniterter.az\/wp-content\/uploads\/DSC_7550-\u041a\u043e\u043f\u0438\u0440\u043e\u0432\u0430\u0442\u044c-300x200.jpg\" alt=\"DSC_7550 (\u041a\u043e\u043f\u0438\u0440\u043e\u0432\u0430\u0442\u044c)\" width=\"117\" height=\"78\" srcset=\"https:\/\/yeniterter.az\/wp-content\/uploads\/DSC_7550-\u041a\u043e\u043f\u0438\u0440\u043e\u0432\u0430\u0442\u044c-300x200.jpg 300w, https:\/\/yeniterter.az\/wp-content\/uploads\/DSC_7550-\u041a\u043e\u043f\u0438\u0440\u043e\u0432\u0430\u0442\u044c-768x512.jpg 768w, https:\/\/yeniterter.az\/wp-content\/uploads\/DSC_7550-\u041a\u043e\u043f\u0438\u0440\u043e\u0432\u0430\u0442\u044c.jpg 1024w\" sizes=\"(max-width: 117px) 100vw, 117px\" \/><img decoding=\"async\" loading=\"lazy\" class=\" wp-image-8511 alignright\" src=\"http:\/\/www.yeniterter.az\/wp-content\/uploads\/DSC_0589-\u041a\u043e\u043f\u0438\u0440\u043e\u0432\u0430\u0442\u044c-300x199.jpg\" alt=\"DSC_0589 (\u041a\u043e\u043f\u0438\u0440\u043e\u0432\u0430\u0442\u044c)\" width=\"123\" height=\"82\" srcset=\"https:\/\/yeniterter.az\/wp-content\/uploads\/DSC_0589-\u041a\u043e\u043f\u0438\u0440\u043e\u0432\u0430\u0442\u044c-300x199.jpg 300w, https:\/\/yeniterter.az\/wp-content\/uploads\/DSC_0589-\u041a\u043e\u043f\u0438\u0440\u043e\u0432\u0430\u0442\u044c-768x508.jpg 768w, https:\/\/yeniterter.az\/wp-content\/uploads\/DSC_0589-\u041a\u043e\u043f\u0438\u0440\u043e\u0432\u0430\u0442\u044c-1024x678.jpg 1024w, https:\/\/yeniterter.az\/wp-content\/uploads\/DSC_0589-\u041a\u043e\u043f\u0438\u0440\u043e\u0432\u0430\u0442\u044c.jpg 1500w\" sizes=\"(max-width: 123px) 100vw, 123px\" \/>\u201cAz\u0259rbaycan Respublikas\u0131 v\u0259t\u0259nda\u015flar\u0131n\u0131n 2018-ci il yanvar\u0131n 1-d\u0259n 30-d\u0259k m\u00fcdd\u0259tli h\u0259qiqi h\u0259rbi xidm\u0259t\u0259 \u00e7a\u011f\u0131r\u0131lmas\u0131 v\u0259 m\u00fcdd\u0259tli h\u0259qiqi h\u0259rbi xidm\u0259t h\u0259rbi qulluq\u00e7ular\u0131n\u0131n ehtiyata burax\u0131lmas\u0131 haqq\u0131nda\u201d Az\u0259rbaycan Respublikas\u0131 Prezidentinin 1 dekabr 2017-ci il tarixli s\u0259r\u0259ncam\u0131n\u0131n icras\u0131 il\u0259 ba\u011fl\u0131 M\u00fcdafi\u0259 nazirinin \u0259mrin\u0259 \u0259sas\u0259n birlik, birl\u0259\u015fm\u0259 v\u0259 h\u0259rbi hiss\u0259l\u0259rd\u0259 t\u0259dbirl\u0259r h\u0259yata ke\u00e7irilir. T\u0259rt\u0259r \u015f\u0259h\u0259rind\u0259 ke\u00e7iril\u0259n t\u0259nt\u0259n\u0259li yolasalma m\u0259rasiminin i\u015ftirak\u00e7\u0131lar\u0131 \u0259vv\u0259lc\u0259 xalq\u0131m\u0131z\u0131n \u00dcmummilli Lideri Heyd\u0259r \u018fliyevin v\u0259 Az\u0259rbaycan\u0131n \u0259razi b\u00fct\u00f6vl\u00fcy\u00fc, m\u00fcst\u0259qilliyi u\u011frunda \u015f\u0259hid olanlar\u0131n xatir\u0259sini bir d\u0259qiq\u0259lik s\u00fckutla yad edibl\u0259r. M\u00fcdafi\u0259 Nazirliyinin \u0259m\u0259kda\u015f\u0131, \u018fm\u0259kdar \u0130nc\u0259s\u0259n\u0259t Xadimi, Prezidentin f\u0259rdi t\u0259qa\u00fcd\u00e7\u00fcs\u00fc Abdulla Qurbani t\u0259dbir i\u015ftirak\u00e7\u0131lar\u0131na M\u00fcdafi\u0259 Nazirliyi r\u0259hb\u0259rliyinin t\u0259brikini \u00e7atd\u0131r\u0131b. Qeyd olunub ki, haz\u0131rda respublikan\u0131n b\u00fct\u00fcn \u015f\u0259h\u0259r v\u0259 rayonlar\u0131n\u0131n \u00e7a\u011f\u0131r\u0131\u015f m\u0259nt\u0259q\u0259l\u0259rind\u0259 V\u0259t\u0259n o\u011fullar\u0131m\u0131z b\u00f6y\u00fck h\u0259v\u0259sl\u0259 h\u0259rbi xidm\u0259t\u0259 yollan\u0131rlar.<!--more--> Xidm\u0259tini m\u00fcv\u0259ff\u0259qiyy\u0259tl\u0259 ba\u015fa vuran g\u0259ncl\u0259rimiz is\u0259 m\u0259n\u0259vi v\u0259 fi-ziki c\u0259h\u0259td\u0259n daha da m\u00f6hk\u0259ml\u0259n\u0259r\u0259k ordu s\u0131ralar\u0131ndan ehtiyata burax\u0131l\u0131rlar. T\u0259rt\u0259r rayon \u0130cra Hakimiyy\u0259ti ba\u015f\u00e7\u0131s\u0131n\u0131n 1-ci m\u00fcavini Ramiz \u015eabanov ehtiyata burax\u0131lan g\u0259ncl\u0259r\u0259 t\u0259rt\u0259rlil\u0259r ad\u0131ndan u\u011furlar arzulay\u0131b. Aprel d\u00f6y\u00fc\u015fl\u0259rinin \u015f\u0259hidi Nicat \u0130sg\u0259nd\u0259rovun atas\u0131 B\u0259hruz \u0130sg\u0259nd\u0259rov h\u0259r bir \u0259sg\u0259rin timsal\u0131nda o\u011flunu g\u00f6rd\u00fcy\u00fcn\u00fc v\u0259 onlar\u0131n tezlikl\u0259 \u015f\u0259hidl\u0259rimizin intiqam\u0131n\u0131 alaca\u011f\u0131na \u0259minliyini bildirib. T\u0259rt\u0259r \u015f\u0259h\u0259r C\u00fcm\u0259 M\u0259scidi Dini \u0130cmas\u0131n\u0131n s\u0259dri Sadiq C\u0259f\u0259rov, birlik komandirinin m\u00fcavini polkovnik-leytenant Bab\u0259k S\u0259midli v\u0259 vaxtil\u0259 h\u0259rbi hiss\u0259d\u0259 tabor komandiri kimi xidm\u0259t etmi\u015f, m\u00fcharib\u0259 veteran\u0131 P\u0259nah M\u0259mm\u0259dov v\u0259t\u0259n sevgisind\u0259n dan\u0131\u015f\u0131blar.<br \/>\nEhtiyata burax\u0131lan h\u0259rbi qulluq\u00e7ular ad\u0131ndan \u0259sg\u0259r Vaqif Qarayev silah, d\u0259mir d\u0259bilq\u0259 v\u0259 zirehli g\u00f6d\u0259k\u00e7\u0259sini estafet r\u0259mzi olaraq g\u0259nc \u0259sg\u0259r X\u0259yyam Quluzad\u0259y\u0259 t\u0259qdim edib.<br \/>\n\u018fsg\u0259rl\u0259r\u0259 h\u0259diyy\u0259l\u0259r v\u0259 f\u0259xri f\u0259rmanlar t\u0259qdim edilib. M\u0259rasim konsert proqram\u0131 il\u0259 sona \u00e7at\u0131b.<\/p>\n<p style=\"text-align: right;\"><strong>\u201cYeni T\u0259rt\u0259r\u201d<\/strong><\/p>\n","protected":false},"excerpt":{"rendered":"<p>\u201cAz\u0259rbaycan Respublikas\u0131 v\u0259t\u0259nda\u015flar\u0131n\u0131n 2018-ci il yanvar\u0131n 1-d\u0259n 30-d\u0259k m\u00fcdd\u0259tli h\u0259qiqi h\u0259rbi xidm\u0259t\u0259 \u00e7a\u011f\u0131r\u0131lmas\u0131 v\u0259 m\u00fcdd\u0259tli h\u0259qiqi h\u0259rbi xidm\u0259t h\u0259rbi qulluq\u00e7ular\u0131n\u0131n ehtiyata burax\u0131lmas\u0131 haqq\u0131nda\u201d Az\u0259rbaycan Respublikas\u0131 Prezidentinin 1 dekabr 2017-ci il tarixli s\u0259r\u0259ncam\u0131n\u0131n icras\u0131 il\u0259 ba\u011fl\u0131 M\u00fcdafi\u0259 nazirinin \u0259mrin\u0259 \u0259sas\u0259n birlik, birl\u0259\u015fm\u0259 v\u0259 h\u0259rbi hiss\u0259l\u0259rd\u0259 t\u0259dbirl\u0259r h\u0259yata ke\u00e7irilir. T\u0259rt\u0259r \u015f\u0259h\u0259rind\u0259 ke\u00e7iril\u0259n t\u0259nt\u0259n\u0259li yolasalma m\u0259rasiminin i\u015ftirak\u00e7\u0131lar\u0131 \u0259vv\u0259lc\u0259 [&hellip;]<\/p>\n","protected":false},"author":2,"featured_media":0,"comment_status":"closed","ping_status":"closed","sticky":false,"template":"","format":"standard","meta":[],"categories":[1],"tags":[13],"_links":{"self":[{"href":"https:\/\/yeniterter.az\/index.php?rest_route=\/wp\/v2\/posts\/8509"}],"collection":[{"href":"https:\/\/yeniterter.az\/index.php?rest_route=\/wp\/v2\/posts"}],"about":[{"href":"https:\/\/yeniterter.az\/index.php?rest_route=\/wp\/v2\/types\/post"}],"author":[{"embeddable":true,"href":"https:\/\/yeniterter.az\/index.php?rest_route=\/wp\/v2\/users\/2"}],"replies":[{"embeddable":true,"href":"https:\/\/yeniterter.az\/index.php?rest_route=%2Fwp%2Fv2%2Fcomments&post=8509"}],"version-history":[{"count":0,"href":"https:\/\/yeniterter.az\/index.php?rest_route=\/wp\/v2\/posts\/8509\/revisions"}],"wp:attachment":[{"href":"https:\/\/yeniterter.az\/index.php?rest_route=%2Fwp%2Fv2%2Fmedia&parent=8509"}],"wp:term":[{"taxonomy":"category","embeddable":true,"href":"https:\/\/yeniterter.az\/index.php?rest_route=%2Fwp%2Fv2%2Fcategories&post=8509"},{"taxonomy":"post_tag","embeddable":true,"href":"https:\/\/yeniterter.az\/index.php?rest_route=%2Fwp%2Fv2%2Ftags&post=8509"}],"curies":[{"name":"wp","href":"https:\/\/api.w.org\/{rel}","templated":true}]}}