{"id":8506,"date":"2018-01-19T11:17:21","date_gmt":"2018-01-19T08:17:21","guid":{"rendered":"http:\/\/www.yeniterter.az\/?p=8506"},"modified":"2018-01-19T15:56:46","modified_gmt":"2018-01-19T12:56:46","slug":"rayonun-inzibati-%c9%99razi-dair%c9%99l%c9%99rind%c9%99-hesabatlar-davam-edir","status":"publish","type":"post","link":"https:\/\/yeniterter.az\/?p=8506","title":{"rendered":"Rayonun inzibati \u0259razi dair\u0259l\u0259rind\u0259 hesabatlar davam edir"},"content":{"rendered":"<p><strong>LAQEYDL\u0130K T\u018fNQ\u0130D OLUNDU<\/strong><\/p>\n<p><img decoding=\"async\" loading=\"lazy\" class=\" wp-image-8507 alignleft\" src=\"http:\/\/www.yeniterter.az\/wp-content\/uploads\/DSC_7772-\u041a\u043e\u043f\u0438\u0440\u043e\u0432\u0430\u0442\u044c-300x200.jpg\" alt=\"DSC_7772 (\u041a\u043e\u043f\u0438\u0440\u043e\u0432\u0430\u0442\u044c)\" width=\"138\" height=\"92\" srcset=\"https:\/\/yeniterter.az\/wp-content\/uploads\/DSC_7772-\u041a\u043e\u043f\u0438\u0440\u043e\u0432\u0430\u0442\u044c-300x200.jpg 300w, https:\/\/yeniterter.az\/wp-content\/uploads\/DSC_7772-\u041a\u043e\u043f\u0438\u0440\u043e\u0432\u0430\u0442\u044c-768x512.jpg 768w, https:\/\/yeniterter.az\/wp-content\/uploads\/DSC_7772-\u041a\u043e\u043f\u0438\u0440\u043e\u0432\u0430\u0442\u044c-1024x683.jpg 1024w, https:\/\/yeniterter.az\/wp-content\/uploads\/DSC_7772-\u041a\u043e\u043f\u0438\u0440\u043e\u0432\u0430\u0442\u044c.jpg 1500w\" sizes=\"(max-width: 138px) 100vw, 138px\" \/><strong><img decoding=\"async\" loading=\"lazy\" class=\" wp-image-8553 alignright\" src=\"http:\/\/www.yeniterter.az\/wp-content\/uploads\/DSC_7774-\u041a\u043e\u043f\u0438\u0440\u043e\u0432\u0430\u0442\u044c-300x200.jpg\" alt=\"DSC_7774 (\u041a\u043e\u043f\u0438\u0440\u043e\u0432\u0430\u0442\u044c)\" width=\"138\" height=\"92\" srcset=\"https:\/\/yeniterter.az\/wp-content\/uploads\/DSC_7774-\u041a\u043e\u043f\u0438\u0440\u043e\u0432\u0430\u0442\u044c-300x200.jpg 300w, https:\/\/yeniterter.az\/wp-content\/uploads\/DSC_7774-\u041a\u043e\u043f\u0438\u0440\u043e\u0432\u0430\u0442\u044c-768x512.jpg 768w, https:\/\/yeniterter.az\/wp-content\/uploads\/DSC_7774-\u041a\u043e\u043f\u0438\u0440\u043e\u0432\u0430\u0442\u044c.jpg 1024w\" sizes=\"(max-width: 138px) 100vw, 138px\" \/>Cari ilin yanvar ay\u0131n\u0131n \u0259vv\u0259lind\u0259n ba\u015flayaraq T\u0259rt\u0259r R\u0130HB-nin \u015f\u0259h\u0259r v\u0259 k\u0259nd inzibati \u0259razi dair\u0259l\u0259ri \u00fczr\u0259 n\u00fcmay\u0259nd\u0259likl\u0259rind\u0259 2017-ci ilin yekunlar\u0131na h\u0259sr olunmu\u015f hesabat y\u0131\u011f\u0131ncaqlar\u0131 ke\u00e7irilir. Y\u0131\u011f\u0131ncaqlarda g\u00f6r\u00fclm\u00fc\u015f i\u015fl\u0259r t\u0259nqid v\u0259 \u00f6z\u00fcn\u00fct\u0259nqid \u015f\u0259raitind\u0259 t\u0259hlil olunur, qar\u015f\u0131da duran v\u0259zif\u0259l\u0259r m\u00fc\u0259yy\u0259nl\u0259\u015fdirilir. T\u0259dbirl\u0259rd\u0259 k\u0259nd sakinl\u0259ri il\u0259 yana\u015f\u0131 \u015fura \u00fczvl\u0259ri, rayon icra hakimiyy\u0259ti aparat\u0131n\u0131n n\u00fcmay\u0259nd\u0259l\u0259ri i\u015ftirak edirl\u0259r. S\u00f6yl\u0259nil\u0259n h\u0259r bir fikir, t\u0259klif v\u0259 t\u00f6vsiy\u0259 diqq\u0259tl\u0259 dinl\u0259nilir v\u0259 n\u0259zar\u0259t\u0259 g\u00f6t\u00fcr\u00fcl\u00fcr.<\/strong><br \/>\nQarada\u011fl\u0131 k\u0259nd \u0130\u018fD \u00fczr\u0259 icra n\u00fcmay\u0259nd\u0259liyind\u0259 \u00f6t\u0259n ilin yekunlar\u0131na dair hesabat y\u0131\u011f\u0131nca\u011f\u0131 ke\u00e7irildi.<br \/>\nT\u0259dbiri giri\u015f s\u00f6z\u00fc il\u0259 a\u00e7an k\u0259nd icra n\u00fcmay\u0259nd\u0259si Razil M\u0259mm\u0259dov hesabat m\u0259ruz\u0259si il\u0259 \u00e7\u0131x\u0131\u015f etdi. Qeyd olundu ki, n\u00fcmay\u0259nd\u0259lik iki k\u0259ndi\u2013Qarada\u011fl\u0131 v\u0259 T\u0259z\u0259k\u0259nd k\u0259ndl\u0259rini \u0259hat\u0259 edir. \u018frazisi 1484 hektard\u0131r. Burada h\u0259m\u00e7inin 33 m\u0259cburi k\u00f6\u00e7k\u00fcn v\u0259 qa\u00e7q\u0131n ail\u0259si m\u0259skunla\u015fm\u0131\u015fd\u0131r ki, onlar da 127 n\u0259f\u0259r soyda\u015f\u0131m\u0131z\u0131 \u00f6z\u00fcnd\u0259 birl\u0259\u015fdirir. <!--more-->\u018frazid\u0259 tam orta m\u0259kt\u0259b, \u00fcmumi orta m\u0259kt\u0259b, 90 yerlik k\u00f6rp\u0259l\u0259r evi-u\u015faq ba\u011f\u00e7as\u0131, h\u0259kim ambulatoriyas\u0131, m\u0259d\u0259niyy\u0259t evi, 2 kitabxana, po\u00e7t-rabit\u0259 \u015f\u00f6b\u0259si f\u0259aliyy\u0259t g\u00f6st\u0259rir.<br \/>\n\u018fhalinin \u0259sas m\u0259\u015f\u011fuliyy\u0259tini \u0259kin\u00e7ilik v\u0259 heyvandarl\u0131q t\u0259\u015fkil edir. 2017-ci ilin iyun ay\u0131nda h\u0259r hektara 50 manat olmaqla 514 istehsal\u00e7\u0131ya c\u0259mi 48139 manat kompensasiya verilmi\u015fdir.<br \/>\n\u00d6t\u0259n il n\u00fcmay\u0259nd\u0259liyin \u0259razisind\u0259 400 n\u00f6mr\u0259lik Elektron Avtomat Telefon Stansiyas\u0131 qura\u015fd\u0131r\u0131lm\u0131\u015fd\u0131r. Ancaq k\u0259nd sakinl\u0259rinin ist\u0259yi budur ki, k\u0259ndd\u0259ki h\u0259r bir ev\u0259 telefon x\u0259tti \u00e7\u0259kilsin. H\u0259m\u00e7inin camaat\u0131n \u00e7oxdan arzusunda oldu\u011fu i\u015fl\u0259rd\u0259n biri d\u0259 k\u0259ndin qazla\u015fd\u0131r\u0131lmas\u0131 idi. Onlar\u0131n bu arzusu da \u00e7in oldu, evl\u0259r\u0259 mavi yanacaq verildi. K\u0259ndd\u0259n ke\u00e7\u0259n magistral asfalt yol t\u0259z\u0259l\u0259nmi\u015f v\u0259 xeyli geni\u015fl\u0259ndirilmi\u015fdir.<br \/>\nM\u0259ruz\u0259\u00e7i yax\u015f\u0131 i\u015fl\u0259rl\u0259 yana\u015f\u0131 n\u00f6qsanlardan da dan\u0131\u015fd\u0131. G\u00f6st\u0259rdi ki, k\u0259nd m\u0259d\u0259niyy\u0259t evinin, klubun \u0259sasl\u0131 t\u0259mir\u0259 ciddi ehtiyac\u0131 var.<br \/>\nHesabat y\u0131\u011f\u0131nca\u011f\u0131nda \u00e7\u0131x\u0131\u015flar oldu. Qarada\u011fl\u0131 B\u0259l\u0259diyy\u0259sinin s\u0259dri Novruz \u0130brahimov, Qarada\u011fl\u0131 k\u0259nd tam orta m\u0259kt\u0259binin direktoru Eld\u0259niz \u018fl\u0259sg\u0259rov, T\u0259z\u0259k\u0259nd k\u0259nd \u00fcmumi orta m\u0259kt\u0259binin direktoru Az\u0259r H\u0259s\u0259nov, k\u0259nd a\u011f-saqqal\u0131 Bayram Orucov, h\u0259kim m\u0259nt\u0259q\u0259sinin i\u015f\u00e7isi \u0130rad\u0259 \u018fliyeva, k\u0259nd sakini P\u0259rviz N\u0259c\u0259fov \u00e7\u0131x\u0131\u015flar\u0131nda i\u015f\u0131qlar\u0131n tez-tez s\u00f6nm\u0259sind\u0259n, k\u0259ndd\u0259ki \u015e\u0259hidl\u0259r Xiyaban\u0131na bax\u0131ms\u0131z m\u00fcnasib\u0259td\u0259n, k\u0259ndd\u0259 bankomat\u0131n, T\u0259z\u0259k\u0259nd k\u0259nd \u00fcmumi orta m\u0259kt\u0259bind\u0259 telefon x\u0259ttinin olmamas\u0131ndan, k\u0259nd camaat\u0131n\u0131n b\u0259l\u0259diyy\u0259 vergil\u0259rini vaxtl\u0131-vaxt\u0131nda verm\u0259m\u0259sind\u0259n v\u0259 dig\u0259r m\u0259s\u0259l\u0259l\u0259rd\u0259n dan\u0131\u015fd\u0131lar.<br \/>\nT\u0259dbird\u0259 i\u015ftirak ed\u0259n rayon icra hakimiyy\u0259ti ba\u015f\u00e7\u0131s\u0131n\u0131n birinci m\u00fcavini Ramiz \u015eabanov \u00e7\u0131x\u0131\u015f ed\u0259r\u0259k son bir ild\u0259 rayonun sosial-iqtisadi inki\u015faf\u0131nda \u0259ld\u0259 olunan nailiyy\u0259tl\u0259rd\u0259n v\u0259 h\u0259yata ke\u00e7iril\u0259n m\u0259qs\u0259dy\u00f6nl\u00fc t\u0259dbirl\u0259rd\u0259n, Qarada\u011fl\u0131 k\u0259nd \u0130nzibati \u018frazi Dair\u0259sinin f\u0259aliyy\u0259tind\u0259n, i\u015fd\u0259 yol veril\u0259n laqeydlik hallar\u0131ndan dan\u0131\u015fd\u0131 v\u0259 qar\u015f\u0131da duran m\u0259sul v\u0259zif\u0259l\u0259ri \u015f\u0259rh etdi.<\/p>\n<p style=\"text-align: right;\"><strong>\u201cYeni T\u0259rt\u0259r\u201d<\/strong><\/p>\n","protected":false},"excerpt":{"rendered":"<p>LAQEYDL\u0130K T\u018fNQ\u0130D OLUNDU Cari ilin yanvar ay\u0131n\u0131n \u0259vv\u0259lind\u0259n ba\u015flayaraq T\u0259rt\u0259r R\u0130HB-nin \u015f\u0259h\u0259r v\u0259 k\u0259nd inzibati \u0259razi dair\u0259l\u0259ri \u00fczr\u0259 n\u00fcmay\u0259nd\u0259likl\u0259rind\u0259 2017-ci ilin yekunlar\u0131na h\u0259sr olunmu\u015f hesabat y\u0131\u011f\u0131ncaqlar\u0131 ke\u00e7irilir. Y\u0131\u011f\u0131ncaqlarda g\u00f6r\u00fclm\u00fc\u015f i\u015fl\u0259r t\u0259nqid v\u0259 \u00f6z\u00fcn\u00fct\u0259nqid \u015f\u0259raitind\u0259 t\u0259hlil olunur, qar\u015f\u0131da duran v\u0259zif\u0259l\u0259r m\u00fc\u0259yy\u0259nl\u0259\u015fdirilir. T\u0259dbirl\u0259rd\u0259 k\u0259nd sakinl\u0259ri il\u0259 yana\u015f\u0131 \u015fura \u00fczvl\u0259ri, rayon icra hakimiyy\u0259ti aparat\u0131n\u0131n n\u00fcmay\u0259nd\u0259l\u0259ri i\u015ftirak edirl\u0259r. S\u00f6yl\u0259nil\u0259n [&hellip;]<\/p>\n","protected":false},"author":2,"featured_media":0,"comment_status":"closed","ping_status":"closed","sticky":false,"template":"","format":"standard","meta":[],"categories":[1],"tags":[13],"_links":{"self":[{"href":"https:\/\/yeniterter.az\/index.php?rest_route=\/wp\/v2\/posts\/8506"}],"collection":[{"href":"https:\/\/yeniterter.az\/index.php?rest_route=\/wp\/v2\/posts"}],"about":[{"href":"https:\/\/yeniterter.az\/index.php?rest_route=\/wp\/v2\/types\/post"}],"author":[{"embeddable":true,"href":"https:\/\/yeniterter.az\/index.php?rest_route=\/wp\/v2\/users\/2"}],"replies":[{"embeddable":true,"href":"https:\/\/yeniterter.az\/index.php?rest_route=%2Fwp%2Fv2%2Fcomments&post=8506"}],"version-history":[{"count":0,"href":"https:\/\/yeniterter.az\/index.php?rest_route=\/wp\/v2\/posts\/8506\/revisions"}],"wp:attachment":[{"href":"https:\/\/yeniterter.az\/index.php?rest_route=%2Fwp%2Fv2%2Fmedia&parent=8506"}],"wp:term":[{"taxonomy":"category","embeddable":true,"href":"https:\/\/yeniterter.az\/index.php?rest_route=%2Fwp%2Fv2%2Fcategories&post=8506"},{"taxonomy":"post_tag","embeddable":true,"href":"https:\/\/yeniterter.az\/index.php?rest_route=%2Fwp%2Fv2%2Ftags&post=8506"}],"curies":[{"name":"wp","href":"https:\/\/api.w.org\/{rel}","templated":true}]}}