{"id":8482,"date":"2018-01-19T10:31:12","date_gmt":"2018-01-19T07:31:12","guid":{"rendered":"http:\/\/www.yeniterter.az\/?p=8482"},"modified":"2018-01-19T10:31:46","modified_gmt":"2018-01-19T07:31:46","slug":"g%c9%99nc-idmancilarin-nailiyy%c9%99tl%c9%99ri","status":"publish","type":"post","link":"https:\/\/yeniterter.az\/?p=8482","title":{"rendered":"G\u018fNC \u0130DMAN\u00c7ILARIN NA\u0130L\u0130YY\u018fTL\u018fR\u0130"},"content":{"rendered":"<p><img decoding=\"async\" loading=\"lazy\" class=\" wp-image-8483 alignleft\" src=\"http:\/\/www.yeniterter.az\/wp-content\/uploads\/\u0418\u0437\u043e\u0431\u0440\u0430\u0436\u0435\u043d\u0438\u0435-159-1-300x201.jpg\" alt=\"\u0418\u0437\u043e\u0431\u0440\u0430\u0436\u0435\u043d\u0438\u0435 159\" width=\"132\" height=\"88\" srcset=\"https:\/\/yeniterter.az\/wp-content\/uploads\/\u0418\u0437\u043e\u0431\u0440\u0430\u0436\u0435\u043d\u0438\u0435-159-1-300x201.jpg 300w, https:\/\/yeniterter.az\/wp-content\/uploads\/\u0418\u0437\u043e\u0431\u0440\u0430\u0436\u0435\u043d\u0438\u0435-159-1-768x514.jpg 768w, https:\/\/yeniterter.az\/wp-content\/uploads\/\u0418\u0437\u043e\u0431\u0440\u0430\u0436\u0435\u043d\u0438\u0435-159-1-1024x685.jpg 1024w, https:\/\/yeniterter.az\/wp-content\/uploads\/\u0418\u0437\u043e\u0431\u0440\u0430\u0436\u0435\u043d\u0438\u0435-159-1.jpg 1500w\" sizes=\"(max-width: 132px) 100vw, 132px\" \/>\u00d6lk\u0259mizd\u0259 idman b\u00f6y\u00fck u\u011furla inki\u015faf etm\u0259kd\u0259dir. \u0130dman\u0131n bir \u00e7ox n\u00f6vl\u0259rind\u0259 boks\u00e7ular\u0131m\u0131z, karate\u00e7il\u0259rimiz, g\u00fcl\u0259\u015f\u00e7il\u0259rimiz \u00f6z fiziki haz\u0131rl\u0131qlar\u0131 il\u0259 \u00f6lk\u0259miz\u0259 u\u011furlar qazand\u0131rm\u0131\u015flar. Az\u0259rbaycan bu g\u00fcn bir idman \u00f6lk\u0259sin\u0259 \u00e7evrilib. \u00d6lk\u0259 ba\u015f\u00e7\u0131s\u0131 \u0130lham \u018fliyevin qeyd etdiyi kimi, g\u0259nc n\u0259slin formala\u015fmas\u0131nda v\u0259 c\u0259miyy\u0259tin inki\u015faf\u0131nda idman\u0131n b\u00f6y\u00fck rolu vard\u0131r.<br \/>\nRayonumuzun idman\u00e7\u0131lar\u0131 da \u00f6z q\u0259l\u0259b\u0259l\u0259ri il\u0259 h\u0259m \u00f6lk\u0259miz\u0259, h\u0259m c\u0259bh\u0259 b\u00f6lg\u0259si olan T\u0259rt\u0259rimiz\u0259 \u015fan-\u015f\u00f6hr\u0259t g\u0259tirirl\u0259r. \u0130dman\u0131n boks n\u00f6v\u00fc \u00fczr\u0259 \u0259ld\u0259 olunan nailiyy\u0259tl\u0259r \u00fcr\u0259ka\u00e7and\u0131r. Yeni-yetm\u0259 v\u0259 g\u0259ncl\u0259rimizd\u0259n M\u0259h\u0259rr\u0259m M\u0259h\u0259rr\u0259mzad\u0259 (52 kq) Bak\u0131 \u015f\u0259h\u0259rind\u0259 ke\u00e7iril\u0259n g\u0259ncl\u0259r aras\u0131nda respublika birinciliyind\u0259 3-c\u00fc yeri tutmu\u015f, El\u015f\u0259n C\u0259bizad\u0259 (54 kq) yeniyetm\u0259l\u0259r aras\u0131nda Az\u0259rbaycan \u00e7empionu, Nax\u00e7\u0131vanda ke\u00e7irilmi\u015f Heyd\u0259r \u018fliyev Turnirinin qalibi olmu\u015f, Qazax\u0131standa Heyd\u0259r \u018fliyev turnirind\u0259 3-c\u00fc yerin qalibi, Bolqar\u0131standa ke\u00e7iril\u0259n Avropa \u00e7empionat\u0131n\u0131n i\u015ftirak\u00e7\u0131s\u0131 olmu\u015fdur. <!--more-->Murad Allahverdiyev (75 kq) yeniyetm\u0259l\u0259r aras\u0131nda respublika birinciliyind\u0259 2-ci yerin, Nax\u00e7\u0131vanda Heyd\u0259r \u018fliyev turnirind\u0259, Belorusiyada beyn\u0259lxalq turnird\u0259, Bolqar\u0131standa ke\u00e7iril\u0259n Avropa \u00e7empionat\u0131nda 3-c\u00fc yerl\u0259rin qalibi olmu\u015fdur. S\u0259nan \u018fhm\u0259dov (46 kq) \u00e7\u0259ki d\u0259r\u0259c\u0259sind\u0259 respublika birinciliyind\u0259 v\u0259 Nax\u00e7\u0131vanda ke\u00e7iril\u0259n Heyd\u0259r \u018fliyev Turnirind\u0259 3-c\u00fc yerl\u0259rin, H\u00fcseyn \u0130sazad\u0259 (40 kq) yeniyetm\u0259l\u0259r aras\u0131nda respublika birinciliyind\u0259 2-ci yerin, T\u0259briz N\u0259rimanov (66 kq) \u201cA\u00e7\u0131q Bak\u0131\u201d birinciliyinin qalibi v\u0259 66 kq \u00e7\u0259ki d\u0259r\u0259c\u0259sind\u0259 respublika birincisi olmu\u015fdur.<br \/>\n\u0130dman\u0131n \u015fahmat n\u00f6v\u00fcnd\u0259 d\u0259 yeniyetm\u0259 v\u0259 g\u0259ncl\u0259rimiz y\u00fcks\u0259k n\u0259tic\u0259l\u0259r\u0259 sahib olurlar. 21-30 noyabr 2017-ci il tarixl\u0259rd\u0259 G\u0259nc\u0259 \u015f\u0259h\u0259rind\u0259 ke\u00e7iril\u0259n T\u0259hsil Respublika \u0130dman M\u0259rk\u0259zinin \u015fahmat \u00fczr\u0259 respublika \u00e7empionat\u0131nda 1 sayl\u0131 m\u0259kt\u0259bin \u015fagirdi \u0130brahim \u0130brahimli 9 oyundan 6 xal toplad\u0131\u011f\u0131 \u00fc\u00e7\u00fcn, \u015f\u0259h\u0259r 2 sayl\u0131 m\u0259kt\u0259b-liseyin 6-c\u0131 sinif \u015fagirdi Firdovsi M\u0259mm\u0259dov zona turnirind\u0259 f\u0259al i\u015ftiraklar\u0131na g\u00f6r\u0259 F\u0259xri F\u0259rmanla t\u0259ltif edilmi\u015fl\u0259r. YAP-\u0131n yarad\u0131lmas\u0131n\u0131n 25 illik yubileyi il\u0259 \u0259laq\u0259dar ke\u00e7iril\u0259n \u015fahmat yar\u0131\u015f\u0131nda Cavidan Qurbanzad\u0259 v\u0259 Ayt\u0259n Cabbarzad\u0259 I yeri, \u0130brahim \u0130brahimli, N\u00fcbar R\u0259himova II yeri, Aslan \u018fhm\u0259dov v\u0259 Jal\u0259 V\u0259liyeva III yeri tutmu\u015flar.<br \/>\n\u0130nan\u0131r\u0131q ki, rayonumuzun idman\u00e7\u0131lar\u0131 b\u00fct\u00fcn n\u00f6vl\u0259r \u00fczr\u0259 qazand\u0131qlar\u0131 u\u011furlarla idman tariximiz\u0259 yeni-yeni q\u0259l\u0259b\u0259l\u0259r g\u0259tir\u0259c\u0259kl\u0259r.<\/p>\n<p style=\"text-align: right;\"><strong>M\u00fc\u015fviq H\u018fS\u018fNOV,<\/strong><br \/>\n<strong>T\u0259rt\u0259r Rayon G\u0259ncl\u0259r v\u0259 \u0130dman \u0130dar\u0259sinin ba\u015f m\u0259sl\u0259h\u0259t\u00e7isi<\/strong><\/p>\n","protected":false},"excerpt":{"rendered":"<p>\u00d6lk\u0259mizd\u0259 idman b\u00f6y\u00fck u\u011furla inki\u015faf etm\u0259kd\u0259dir. \u0130dman\u0131n bir \u00e7ox n\u00f6vl\u0259rind\u0259 boks\u00e7ular\u0131m\u0131z, karate\u00e7il\u0259rimiz, g\u00fcl\u0259\u015f\u00e7il\u0259rimiz \u00f6z fiziki haz\u0131rl\u0131qlar\u0131 il\u0259 \u00f6lk\u0259miz\u0259 u\u011furlar qazand\u0131rm\u0131\u015flar. Az\u0259rbaycan bu g\u00fcn bir idman \u00f6lk\u0259sin\u0259 \u00e7evrilib. \u00d6lk\u0259 ba\u015f\u00e7\u0131s\u0131 \u0130lham \u018fliyevin qeyd etdiyi kimi, g\u0259nc n\u0259slin formala\u015fmas\u0131nda v\u0259 c\u0259miyy\u0259tin inki\u015faf\u0131nda idman\u0131n b\u00f6y\u00fck rolu vard\u0131r. Rayonumuzun idman\u00e7\u0131lar\u0131 da \u00f6z q\u0259l\u0259b\u0259l\u0259ri il\u0259 h\u0259m \u00f6lk\u0259miz\u0259, h\u0259m c\u0259bh\u0259 b\u00f6lg\u0259si [&hellip;]<\/p>\n","protected":false},"author":2,"featured_media":0,"comment_status":"closed","ping_status":"closed","sticky":false,"template":"","format":"standard","meta":[],"categories":[7],"tags":[17],"_links":{"self":[{"href":"https:\/\/yeniterter.az\/index.php?rest_route=\/wp\/v2\/posts\/8482"}],"collection":[{"href":"https:\/\/yeniterter.az\/index.php?rest_route=\/wp\/v2\/posts"}],"about":[{"href":"https:\/\/yeniterter.az\/index.php?rest_route=\/wp\/v2\/types\/post"}],"author":[{"embeddable":true,"href":"https:\/\/yeniterter.az\/index.php?rest_route=\/wp\/v2\/users\/2"}],"replies":[{"embeddable":true,"href":"https:\/\/yeniterter.az\/index.php?rest_route=%2Fwp%2Fv2%2Fcomments&post=8482"}],"version-history":[{"count":0,"href":"https:\/\/yeniterter.az\/index.php?rest_route=\/wp\/v2\/posts\/8482\/revisions"}],"wp:attachment":[{"href":"https:\/\/yeniterter.az\/index.php?rest_route=%2Fwp%2Fv2%2Fmedia&parent=8482"}],"wp:term":[{"taxonomy":"category","embeddable":true,"href":"https:\/\/yeniterter.az\/index.php?rest_route=%2Fwp%2Fv2%2Fcategories&post=8482"},{"taxonomy":"post_tag","embeddable":true,"href":"https:\/\/yeniterter.az\/index.php?rest_route=%2Fwp%2Fv2%2Ftags&post=8482"}],"curies":[{"name":"wp","href":"https:\/\/api.w.org\/{rel}","templated":true}]}}