{"id":8451,"date":"2018-01-10T13:25:43","date_gmt":"2018-01-10T10:25:43","guid":{"rendered":"http:\/\/www.yeniterter.az\/?p=8451"},"modified":"2018-01-10T13:25:43","modified_gmt":"2018-01-10T10:25:43","slug":"t%c9%99brik-edirik-11","status":"publish","type":"post","link":"https:\/\/yeniterter.az\/?p=8451","title":{"rendered":"T\u018fBR\u0130K ED\u0130R\u0130K!"},"content":{"rendered":"<p><strong>Az\u0259rbaycan Respublikas\u0131n\u0131n Prezidenti \u0130lham \u018fliyevin 21 dekabr 2017-ci il tarixli S\u0259r\u0259ncam\u0131 il\u0259 Az\u0259rbaycan Respublikas\u0131nda k\u0259nd t\u0259s\u0259rr\u00fcfat\u0131n\u0131n inki\u015faf\u0131nda xidm\u0259tl\u0259rin\u0259 g\u00f6r\u0259 T\u0259rt\u0259r Rayon \u0130cra Hakimiyy\u0259tinin Ba\u015f\u00e7\u0131s\u0131 M\u0259mm\u0259dov M\u00fcst\u0259qim S\u0259yyad o\u011flu 2-ci d\u0259r\u0259c\u0259li \u201c\u018fm\u0259k ordeni\u201d il\u0259 t\u0259ltif edilmi\u015fdir.<\/strong><br \/>\n<strong>M\u00fcst\u0259qim M\u0259mm\u0259dovu bu m\u00fcnasib\u0259tl\u0259 t\u0259brik edir, ona m\u0259sul i\u015find\u0259 u\u011furlar v\u0259 cansa\u011fl\u0131\u011f\u0131 dil\u0259yirik. Arzu edirik ki, 2018-ci ild\u0259 \u0259ld\u0259 etdiyi m\u00fcv\u0259ff\u0259qiyy\u0259tl\u0259rin say\u0131 daha da arts\u0131n. <\/strong><\/p>\n<p style=\"text-align: right;\"><strong>\u201cYeni T\u0259rt\u0259r\u201d\u00e7il\u0259r<\/strong><\/p>\n","protected":false},"excerpt":{"rendered":"<p>Az\u0259rbaycan Respublikas\u0131n\u0131n Prezidenti \u0130lham \u018fliyevin 21 dekabr 2017-ci il tarixli S\u0259r\u0259ncam\u0131 il\u0259 Az\u0259rbaycan Respublikas\u0131nda k\u0259nd t\u0259s\u0259rr\u00fcfat\u0131n\u0131n inki\u015faf\u0131nda xidm\u0259tl\u0259rin\u0259 g\u00f6r\u0259 T\u0259rt\u0259r Rayon \u0130cra Hakimiyy\u0259tinin Ba\u015f\u00e7\u0131s\u0131 M\u0259mm\u0259dov M\u00fcst\u0259qim S\u0259yyad o\u011flu 2-ci d\u0259r\u0259c\u0259li \u201c\u018fm\u0259k ordeni\u201d il\u0259 t\u0259ltif edilmi\u015fdir. M\u00fcst\u0259qim M\u0259mm\u0259dovu bu m\u00fcnasib\u0259tl\u0259 t\u0259brik edir, ona m\u0259sul i\u015find\u0259 u\u011furlar v\u0259 cansa\u011fl\u0131\u011f\u0131 dil\u0259yirik. Arzu edirik ki, 2018-ci ild\u0259 \u0259ld\u0259 etdiyi [&hellip;]<\/p>\n","protected":false},"author":2,"featured_media":0,"comment_status":"closed","ping_status":"closed","sticky":false,"template":"","format":"standard","meta":[],"categories":[10],"tags":[20],"_links":{"self":[{"href":"https:\/\/yeniterter.az\/index.php?rest_route=\/wp\/v2\/posts\/8451"}],"collection":[{"href":"https:\/\/yeniterter.az\/index.php?rest_route=\/wp\/v2\/posts"}],"about":[{"href":"https:\/\/yeniterter.az\/index.php?rest_route=\/wp\/v2\/types\/post"}],"author":[{"embeddable":true,"href":"https:\/\/yeniterter.az\/index.php?rest_route=\/wp\/v2\/users\/2"}],"replies":[{"embeddable":true,"href":"https:\/\/yeniterter.az\/index.php?rest_route=%2Fwp%2Fv2%2Fcomments&post=8451"}],"version-history":[{"count":0,"href":"https:\/\/yeniterter.az\/index.php?rest_route=\/wp\/v2\/posts\/8451\/revisions"}],"wp:attachment":[{"href":"https:\/\/yeniterter.az\/index.php?rest_route=%2Fwp%2Fv2%2Fmedia&parent=8451"}],"wp:term":[{"taxonomy":"category","embeddable":true,"href":"https:\/\/yeniterter.az\/index.php?rest_route=%2Fwp%2Fv2%2Fcategories&post=8451"},{"taxonomy":"post_tag","embeddable":true,"href":"https:\/\/yeniterter.az\/index.php?rest_route=%2Fwp%2Fv2%2Ftags&post=8451"}],"curies":[{"name":"wp","href":"https:\/\/api.w.org\/{rel}","templated":true}]}}