{"id":8426,"date":"2018-01-10T12:45:29","date_gmt":"2018-01-10T09:45:29","guid":{"rendered":"http:\/\/www.yeniterter.az\/?p=8426"},"modified":"2018-01-10T12:45:29","modified_gmt":"2018-01-10T09:45:29","slug":"h%c9%99myerlimiz-az%c9%99rbaycanin-milli-q%c9%99hr%c9%99mani-s%c9%99hid-elman-huseynovun-ail%c9%99sin%c9%99-bakida-3-otaqli-m%c9%99nzil-verildi","status":"publish","type":"post","link":"https:\/\/yeniterter.az\/?p=8426","title":{"rendered":"H\u018fMYERL\u0130M\u0130Z, AZ\u018fRBAYCANIN M\u0130LL\u0130 Q\u018fHR\u018fMANI, \u015e\u018fH\u0130D ELMAN H\u00dcSEYNOVUN A\u0130L\u018fS\u0130N\u018f BAKIDA 3 OTAQLI M\u018fNZ\u0130L VER\u0130LD\u0130"},"content":{"rendered":"<p><img decoding=\"async\" loading=\"lazy\" class=\" wp-image-8427 alignleft\" src=\"http:\/\/www.yeniterter.az\/wp-content\/uploads\/Svetlana-Huseynova_1514481300-300x200.jpg\" alt=\"Svetlana Huseynova_1514481300\" width=\"156\" height=\"104\" srcset=\"https:\/\/yeniterter.az\/wp-content\/uploads\/Svetlana-Huseynova_1514481300-300x200.jpg 300w, https:\/\/yeniterter.az\/wp-content\/uploads\/Svetlana-Huseynova_1514481300.jpg 600w\" sizes=\"(max-width: 156px) 100vw, 156px\" \/>\u018fm\u0259k v\u0259 \u018fhalinin Sosial M\u00fcdafi\u0259si Nazirliyi t\u0259r\u0259find\u0259n Qarada\u011f rayonunun L\u00f6kbatan q\u0259s\u0259b\u0259sind\u0259 yeni in\u015fa olunmu\u015f ya\u015fay\u0131\u015f binalar\u0131nda t\u0259mir etdirilmi\u015f 33 \u0259d\u0259d m\u0259nzil Qaraba\u011f m\u00fcharib\u0259si veteranlar\u0131 v\u0259 \u015f\u0259hid ail\u0259l\u0259rin\u0259 t\u0259qdim edilib.<br \/>\nH\u0259min binadak\u0131 3 otaql\u0131 m\u0259nzill\u0259rd\u0259n biri Az\u0259rbaycan\u0131n Milli Q\u0259hr\u0259man\u0131, \u015f\u0259hid Elman H\u00fcseynovun ail\u0259sin\u0259 t\u0259qdim edilib.<br \/>\nMilli Q\u0259hr\u0259man\u0131n o\u011flu Emin H\u00fcseynov bununla ba\u011fl\u0131 ail\u0259si ad\u0131ndan Az\u0259rbaycan Respublikas\u0131n\u0131n Prezidenti \u0130lham \u018fliyev\u0259 minn\u0259tdarl\u0131q edib: \u201cM\u0259n \u00f6z ad\u0131mdan, ail\u0259miz ad\u0131ndan c\u0259nab Prezident\u0259 minn\u0259tdarl\u0131\u011f\u0131m\u0131 bildirir\u0259m. \u00dcmumiyy\u0259tl\u0259, bu i\u015fd\u0259 \u0259ziyy\u0259ti, \u0259m\u0259yi olan h\u0259r k\u0259s\u0259 t\u0259\u015f\u0259kk\u00fcr edir\u0259m!\u201d<\/p>\n<p style=\"text-align: right;\"><strong>\u201cYeni T\u0259rt\u0259r\u201d<\/strong><\/p>\n","protected":false},"excerpt":{"rendered":"<p>\u018fm\u0259k v\u0259 \u018fhalinin Sosial M\u00fcdafi\u0259si Nazirliyi t\u0259r\u0259find\u0259n Qarada\u011f rayonunun L\u00f6kbatan q\u0259s\u0259b\u0259sind\u0259 yeni in\u015fa olunmu\u015f ya\u015fay\u0131\u015f binalar\u0131nda t\u0259mir etdirilmi\u015f 33 \u0259d\u0259d m\u0259nzil Qaraba\u011f m\u00fcharib\u0259si veteranlar\u0131 v\u0259 \u015f\u0259hid ail\u0259l\u0259rin\u0259 t\u0259qdim edilib. H\u0259min binadak\u0131 3 otaql\u0131 m\u0259nzill\u0259rd\u0259n biri Az\u0259rbaycan\u0131n Milli Q\u0259hr\u0259man\u0131, \u015f\u0259hid Elman H\u00fcseynovun ail\u0259sin\u0259 t\u0259qdim edilib. Milli Q\u0259hr\u0259man\u0131n o\u011flu Emin H\u00fcseynov bununla ba\u011fl\u0131 ail\u0259si ad\u0131ndan Az\u0259rbaycan Respublikas\u0131n\u0131n [&hellip;]<\/p>\n","protected":false},"author":2,"featured_media":0,"comment_status":"closed","ping_status":"closed","sticky":false,"template":"","format":"standard","meta":[],"categories":[1],"tags":[13],"_links":{"self":[{"href":"https:\/\/yeniterter.az\/index.php?rest_route=\/wp\/v2\/posts\/8426"}],"collection":[{"href":"https:\/\/yeniterter.az\/index.php?rest_route=\/wp\/v2\/posts"}],"about":[{"href":"https:\/\/yeniterter.az\/index.php?rest_route=\/wp\/v2\/types\/post"}],"author":[{"embeddable":true,"href":"https:\/\/yeniterter.az\/index.php?rest_route=\/wp\/v2\/users\/2"}],"replies":[{"embeddable":true,"href":"https:\/\/yeniterter.az\/index.php?rest_route=%2Fwp%2Fv2%2Fcomments&post=8426"}],"version-history":[{"count":0,"href":"https:\/\/yeniterter.az\/index.php?rest_route=\/wp\/v2\/posts\/8426\/revisions"}],"wp:attachment":[{"href":"https:\/\/yeniterter.az\/index.php?rest_route=%2Fwp%2Fv2%2Fmedia&parent=8426"}],"wp:term":[{"taxonomy":"category","embeddable":true,"href":"https:\/\/yeniterter.az\/index.php?rest_route=%2Fwp%2Fv2%2Fcategories&post=8426"},{"taxonomy":"post_tag","embeddable":true,"href":"https:\/\/yeniterter.az\/index.php?rest_route=%2Fwp%2Fv2%2Ftags&post=8426"}],"curies":[{"name":"wp","href":"https:\/\/api.w.org\/{rel}","templated":true}]}}