{"id":8420,"date":"2018-01-10T12:40:05","date_gmt":"2018-01-10T09:40:05","guid":{"rendered":"http:\/\/www.yeniterter.az\/?p=8420"},"modified":"2018-01-10T14:43:37","modified_gmt":"2018-01-10T11:43:37","slug":"itkinl%c9%99r-anildi","status":"publish","type":"post","link":"https:\/\/yeniterter.az\/?p=8420","title":{"rendered":"\u0130TK\u0130NL\u018fR ANILDI"},"content":{"rendered":"<p><img decoding=\"async\" loading=\"lazy\" class=\"wp-image-8421 alignright\" src=\"http:\/\/www.yeniterter.az\/wp-content\/uploads\/DSC_8918-\u041a\u043e\u043f\u0438\u0440\u043e\u0432\u0430\u0442\u044c-300x200.jpg\" alt=\"DSC_8918 (\u041a\u043e\u043f\u0438\u0440\u043e\u0432\u0430\u0442\u044c)\" width=\"137\" height=\"91\" srcset=\"https:\/\/yeniterter.az\/wp-content\/uploads\/DSC_8918-\u041a\u043e\u043f\u0438\u0440\u043e\u0432\u0430\u0442\u044c-300x200.jpg 300w, https:\/\/yeniterter.az\/wp-content\/uploads\/DSC_8918-\u041a\u043e\u043f\u0438\u0440\u043e\u0432\u0430\u0442\u044c-768x512.jpg 768w, https:\/\/yeniterter.az\/wp-content\/uploads\/DSC_8918-\u041a\u043e\u043f\u0438\u0440\u043e\u0432\u0430\u0442\u044c-1024x683.jpg 1024w, https:\/\/yeniterter.az\/wp-content\/uploads\/DSC_8918-\u041a\u043e\u043f\u0438\u0440\u043e\u0432\u0430\u0442\u044c.jpg 1500w\" sizes=\"(max-width: 137px) 100vw, 137px\" \/><img decoding=\"async\" loading=\"lazy\" class=\" wp-image-8464 alignleft\" src=\"http:\/\/www.yeniterter.az\/wp-content\/uploads\/itkinler-300x200.jpg\" alt=\"itkinler\" width=\"137\" height=\"91\" srcset=\"https:\/\/yeniterter.az\/wp-content\/uploads\/itkinler-300x200.jpg 300w, https:\/\/yeniterter.az\/wp-content\/uploads\/itkinler-768x512.jpg 768w, https:\/\/yeniterter.az\/wp-content\/uploads\/itkinler-1024x683.jpg 1024w, https:\/\/yeniterter.az\/wp-content\/uploads\/itkinler.jpg 1500w\" sizes=\"(max-width: 137px) 100vw, 137px\" \/>Yeni il \u0259r\u0259f\u0259sind\u0259 rayonumuzun Tarix-Diyar\u015f\u00fcnasl\u0131q Muzeyind\u0259 \u201c\u0130tkinl\u0259r an\u0131l\u0131r\u201d adl\u0131 t\u0259dbir ke\u00e7irilib. M\u0259rasimd\u0259 T\u0259rt\u0259rd\u0259n v\u0259 qon\u015fu rayonlardan itkin d\u00fc\u015fm\u00fc\u015f \u015f\u0259xsl\u0259rin ail\u0259 \u00fczvl\u0259ri, Qaraba\u011f m\u00fcharib\u0259si \u0259lill\u0259ri, veteranlar\u0131, \u015f\u0259hid ail\u0259l\u0259ri, ictimaiyy\u0259tin n\u00fcmay\u0259nd\u0259l\u0259ri i\u015ftirak edibl\u0259r.<br \/>\n\u018fvv\u0259lc\u0259 torpaqlar\u0131m\u0131z\u0131n b\u00fct\u00f6vl\u00fcy\u00fc u\u011frunda m\u00fcbariz\u0259d\u0259 \u015f\u0259hid olanlar\u0131n v\u0259 itkin d\u00fc\u015f\u0259nl\u0259rin xatir\u0259si bir d\u0259qiq\u0259lik s\u00fckutla yad edilib. Sonra muzeyin direktoru Ayb\u0259niz M\u0259mm\u0259dova \u00f6lk\u0259mizd\u0259 itkinl\u0259rin an\u0131lmas\u0131, axtar\u0131\u015f\u0131 il\u0259 ba\u011fl\u0131 h\u0259yata ke\u00e7iril\u0259n t\u0259dbirl\u0259rd\u0259n dan\u0131\u015f\u0131b.<br \/>\nBu m\u00f6vzu il\u0259 \u0259laq\u0259dar Beyn\u0259lxalq Q\u0131z\u0131l Xa\u00e7 Komit\u0259sinin \u0259m\u0259kda\u015f\u0131 Vaqif \u0130smay\u0131lov \u0259trafl\u0131 m\u0259lumat verib. O bildirib ki, 2009-2011-ci ill\u0259rd\u0259 Beyn\u0259lxalq Q\u0131z\u0131l Xa\u00e7 Komit\u0259si itkinl\u0259rl\u0259 ba\u011fl\u0131 geni\u015f proqram h\u0259yata ke\u00e7irib. Bu i\u015f\u0259 y\u00fczl\u0259rl\u0259 k\u00f6n\u00fcll\u00fc c\u0259lb olunub. Onlar itkin d\u00fc\u015fm\u00fc\u015f \u015f\u0259xsl\u0259rin ail\u0259l\u0259rin\u0259 ba\u015f \u00e7\u0259k\u0259r\u0259k, h\u0259r biri haqq\u0131nda \u0259trafl\u0131 m\u0259lumat toplay\u0131blar. Haz\u0131rda i\u015fin n\u00f6vb\u0259ti m\u0259rh\u0259l\u0259si davam edir. <!--more-->M\u0259qs\u0259d bu insanlar\u0131n taleyin\u0259 ayd\u0131nl\u0131q g\u0259tirm\u0259kdir.<br \/>\nBeyn\u0259lxalq Q\u0131z\u0131l Xa\u00e7 Komit\u0259sinin Ail\u0259l\u0259rin \u015e\u0259b\u0259k\u0259si Proqram\u0131n\u0131n region \u00fczr\u0259 koordinatoru \u018ftrab\u0259 M\u0259mm\u0259dova t\u0259dbir i\u015ftirak\u00e7\u0131lar\u0131n\u0131 Yeni il v\u0259 D\u00fcnya Az\u0259rbaycanl\u0131lar\u0131n\u0131n H\u0259mr\u0259lik G\u00fcn\u00fc m\u00fcnasib\u0259til\u0259 t\u0259brik edib. Qeyd edib ki, ail\u0259 \u00fczv\u00fcn\u00fcn itkin d\u00fc\u015fm\u0259si m\u00fcharib\u0259nin insanlara g\u0259tirdiyi b\u00f6y\u00fck b\u0259lalardan biridir. Bu c\u00fcr ail\u0259l\u0259r\u0259 d\u0259st\u0259k olmaq, itkinl\u0259ri anmaq m\u0259qs\u0259dil\u0259 BQXK t\u0259r\u0259find\u0259n m\u00fcxt\u0259lif t\u0259dbirl\u0259r h\u0259yata ke\u00e7irilir.<br \/>\nM\u0259rasimd\u0259 Q\u0131z\u0131l Aypara C\u0259miyy\u0259ti T\u0259rt\u0259r rayon \u015f\u00f6b\u0259sinin s\u0259dri Etibar Heyd\u0259rov, A\u011fdam rayonundan itkin ail\u0259l\u0259rinin \u00fczvl\u0259ri M\u0259lah\u0259t Quliyeva, Amalya \u018fliyeva, Heyd\u0259r \u018fliyev M\u0259rk\u0259zinin direktoru S\u0259lim\u0259 Yusibova, Tarix-Diyar\u015f\u00fcnasl\u0131q Muzeyinin elmi i\u015f\u00e7isi Xuraman M\u0259mm\u0259dova itkin ail\u0259l\u0259rin\u0259 m\u0259n\u0259vi dayaq olma\u011f\u0131n b\u00f6y\u00fck \u0259h\u0259miyy\u0259tind\u0259n dan\u0131\u015f\u0131blar.<br \/>\nR\u0259smi hiss\u0259d\u0259n sonra Ayb\u0259niz M\u0259mm\u0259dova qonaqlar\u0131 T\u0259rt\u0259rin tarixini \u0259ks etdir\u0259n z\u0259ngin eksponatlarla tan\u0131\u015f edib. \u0130tkin ail\u0259l\u0259rin\u0259 Yeni il h\u0259diyy\u0259l\u0259ri verilib. Sonda xatir\u0259 \u015f\u0259kli \u00e7\u0259kdirilib.<\/p>\n<p style=\"text-align: right;\"><strong>\u201cYeni T\u0259rt\u0259r\u201d<\/strong><\/p>\n","protected":false},"excerpt":{"rendered":"<p>Yeni il \u0259r\u0259f\u0259sind\u0259 rayonumuzun Tarix-Diyar\u015f\u00fcnasl\u0131q Muzeyind\u0259 \u201c\u0130tkinl\u0259r an\u0131l\u0131r\u201d adl\u0131 t\u0259dbir ke\u00e7irilib. M\u0259rasimd\u0259 T\u0259rt\u0259rd\u0259n v\u0259 qon\u015fu rayonlardan itkin d\u00fc\u015fm\u00fc\u015f \u015f\u0259xsl\u0259rin ail\u0259 \u00fczvl\u0259ri, Qaraba\u011f m\u00fcharib\u0259si \u0259lill\u0259ri, veteranlar\u0131, \u015f\u0259hid ail\u0259l\u0259ri, ictimaiyy\u0259tin n\u00fcmay\u0259nd\u0259l\u0259ri i\u015ftirak edibl\u0259r. \u018fvv\u0259lc\u0259 torpaqlar\u0131m\u0131z\u0131n b\u00fct\u00f6vl\u00fcy\u00fc u\u011frunda m\u00fcbariz\u0259d\u0259 \u015f\u0259hid olanlar\u0131n v\u0259 itkin d\u00fc\u015f\u0259nl\u0259rin xatir\u0259si bir d\u0259qiq\u0259lik s\u00fckutla yad edilib. Sonra muzeyin direktoru Ayb\u0259niz M\u0259mm\u0259dova \u00f6lk\u0259mizd\u0259 itkinl\u0259rin an\u0131lmas\u0131, [&hellip;]<\/p>\n","protected":false},"author":2,"featured_media":0,"comment_status":"closed","ping_status":"closed","sticky":false,"template":"","format":"standard","meta":[],"categories":[1],"tags":[13],"_links":{"self":[{"href":"https:\/\/yeniterter.az\/index.php?rest_route=\/wp\/v2\/posts\/8420"}],"collection":[{"href":"https:\/\/yeniterter.az\/index.php?rest_route=\/wp\/v2\/posts"}],"about":[{"href":"https:\/\/yeniterter.az\/index.php?rest_route=\/wp\/v2\/types\/post"}],"author":[{"embeddable":true,"href":"https:\/\/yeniterter.az\/index.php?rest_route=\/wp\/v2\/users\/2"}],"replies":[{"embeddable":true,"href":"https:\/\/yeniterter.az\/index.php?rest_route=%2Fwp%2Fv2%2Fcomments&post=8420"}],"version-history":[{"count":0,"href":"https:\/\/yeniterter.az\/index.php?rest_route=\/wp\/v2\/posts\/8420\/revisions"}],"wp:attachment":[{"href":"https:\/\/yeniterter.az\/index.php?rest_route=%2Fwp%2Fv2%2Fmedia&parent=8420"}],"wp:term":[{"taxonomy":"category","embeddable":true,"href":"https:\/\/yeniterter.az\/index.php?rest_route=%2Fwp%2Fv2%2Fcategories&post=8420"},{"taxonomy":"post_tag","embeddable":true,"href":"https:\/\/yeniterter.az\/index.php?rest_route=%2Fwp%2Fv2%2Ftags&post=8420"}],"curies":[{"name":"wp","href":"https:\/\/api.w.org\/{rel}","templated":true}]}}