{"id":8402,"date":"2018-01-10T11:44:12","date_gmt":"2018-01-10T08:44:12","guid":{"rendered":"http:\/\/www.yeniterter.az\/?p=8402"},"modified":"2018-01-10T11:46:52","modified_gmt":"2018-01-10T08:46:52","slug":"s%c9%99hidl%c9%99rimiz-5","status":"publish","type":"post","link":"https:\/\/yeniterter.az\/?p=8402","title":{"rendered":"\u015e\u018fH\u0130DL\u018fR\u0130M\u0130Z"},"content":{"rendered":"<p><strong>SON G\u00d6R\u00dc\u015e<\/strong><\/p>\n<p style=\"text-align: left;\"><img decoding=\"async\" loading=\"lazy\" class=\" wp-image-8403 alignleft\" src=\"http:\/\/www.yeniterter.az\/wp-content\/uploads\/01111-240x300.jpg\" alt=\"01111\" width=\"108\" height=\"135\" srcset=\"https:\/\/yeniterter.az\/wp-content\/uploads\/01111-240x300.jpg 240w, https:\/\/yeniterter.az\/wp-content\/uploads\/01111.jpg 377w\" sizes=\"(max-width: 108px) 100vw, 108px\" \/>Az\u0259rbaycan\u0131n Milli Q\u0259hr\u0259man\u0131 Elman H\u00fcseynov m\u0259nim \u015fagirdim olub. V-VIII sinifl\u0259rd\u0259 h\u0259m d\u0259 onun sinif r\u0259hb\u0259ri olmu\u015fam. IX sinfi \u015eu\u015fa internat m\u0259kt\u0259bind\u0259, X sinfi T\u0259rt\u0259r \u015f\u0259h\u0259rind\u0259 bitirib. \u0130ndiki texniki universitetd\u0259 su m\u00fch\u0259ndisliyi ixtisas\u0131n\u0131 al\u0131b, T\u0259rt\u0259r\u0259 g\u0259lib. H\u0259rbi t\u0259hsilini G\u00fcrc\u00fcstanda al\u0131b. U\u015faql\u0131qdan h\u0259rb\u00e7i olma\u011fa \u00e7ox meyilli idi. Atalar\u0131 B\u00f6y\u00fck V\u0259t\u0259n m\u00fcharib\u0259sind\u0259n yaral\u0131 qay\u0131tm\u0131\u015fd\u0131 (6 bac\u0131, 2 qarda\u015f idil\u0259r). Elman \u0259n ki\u00e7iyi idi. Rayonda \u00f6z i\u015fi il\u0259 yana\u015f\u0131, b\u00fct\u00fcn ictimai v\u0259zif\u0259l\u0259ri da\u015f\u0131y\u0131b. U\u015faql\u0131qdan boylu-buxunlu, yara\u015f\u0131ql\u0131yd\u0131. Rayonda h\u0259rbi r\u00fctb\u0259li \u00e7ox az g\u0259nc vard\u0131. Erm\u0259nil\u0259rin b\u00f6-y\u00fck Erm\u0259nistan yaratmaq iddialar\u0131 bar\u0259d\u0259 art\u0131q s\u00f6z-s\u00f6hb\u0259t gedirdi. D\u00fcnyan\u0131n h\u0259r t\u0259r\u0259find\u0259n qovulub \u0130r\u0259van xanl\u0131\u011f\u0131na toplanan erm\u0259nil\u0259r \u0259vv\u0259lc\u0259 Z\u0259ng\u0259zura sahib \u00e7\u0131xd\u0131lar. \u018flb\u0259tt\u0259, Rusiyan\u0131n havadarl\u0131\u011f\u0131 il\u0259. Yava\u015f-yava\u015f \u0130r\u0259van xanl\u0131\u011f\u0131n\u0131n \u0259sl sakinl\u0259ri olan az\u0259rbaycanl\u0131lar\u0131 d\u0259d\u0259-baba yurdlar\u0131ndan (1948-1950)-ci ill\u0259rd\u0259 qovdular. 1988-1989-cu ill\u0259rd\u0259 bu v\u0259h\u015filik t\u0259krar olundu. Bu vaxt T\u0259rt\u0259r o\u011fullar\u0131 aya\u011fa qalxaraq \u00f6z\u00fcn\u00fcm\u00fcdafi\u0259 batalyonu yaratd\u0131lar. Onda Elman ba\u015f leytenant idi. 1988-ci ilin 22 sentyabr\u0131nda texniki pe\u015f\u0259 m\u0259kt\u0259binin binas\u0131n\u0131da q\u0259r\u0259rgah yarand\u0131. Elman da komandir oldu. K\u0259ndimizd\u0259 100-d\u0259n \u00e7ox g\u0259nc batalyona k\u00f6n\u00fcll\u00fc yaz\u0131ld\u0131. <!--more-->G\u0259ncl\u0259r ax\u0131n-ax\u0131n g\u0259lirdi. 1988-ci ild\u0259n f\u0259aliyy\u0259t\u0259 ba\u015flayan \u00f6z\u00fc-n\u00fcm\u00fcdafi\u0259 batalyonu 1993-c\u00fc ilin 4 yanvar\u0131nda \u015f\u0259hid olan Elman S\u00fcleyman o\u011flu H\u00fcseynovun r\u0259hb\u0259rliyi il\u0259 h\u0259mi\u015f\u0259 \u00f6n x\u0259td\u0259, \u0259n qabaqda d\u00f6y\u00fc\u015f\u0259 girirdi. \u018fsg\u0259rl\u0259r\u0259 h\u0259r g\u00fcn \u0259hali \u00e7\u00f6r\u0259k, \u0259rzaq, papiros, corab, isti jaket, \u015f\u0259rf g\u0259tirirdi. B\u00fct\u00fcn rayon m\u0259kt\u0259bl\u0259ri h\u0259r g\u00fcn c\u0259bh\u0259 x\u0259ttin\u0259 k\u00f6m\u0259k edirdi. M\u0259n d\u0259f\u0259l\u0259rl\u0259 c\u0259bh\u0259 x\u0259ttin\u0259 gets\u0259m d\u0259, Elman\u0131 g\u00f6r\u0259 bilmirdim.<br \/>\nRayonda, dem\u0259k olar ki, u\u015faqdan-b\u00f6y\u00fcy\u0259 b\u00fct\u00fcn \u0259hali m\u00fcdafi\u0259y\u0259 c\u0259lb olunmu\u015fdu. X\u0259st\u0259xanalar \u015fik\u0259st, yaral\u0131, qa\u00e7q\u0131nlarla dolu idi. \u018fhali onlar\u0131 laz\u0131m olan h\u0259r \u015feyl\u0259 t\u0259min edirdi. Bir d\u0259f\u0259 c\u0259bh\u0259 x\u0259ttin\u0259 ba\u015fqa \u0259\u015fyalarla yana\u015f\u0131 50 \u0259d\u0259d \u201cArazam-K\u00fcr\u0259 b\u0259nd\u0259m\u201d adl\u0131 folklor n\u00fcmun\u0259l\u0259ri toplanm\u0131\u015f kitab aparm\u0131\u015fd\u0131m. Elman\u0131n m\u00fcavini Vahid Quliyev qar\u015f\u0131lad\u0131 m\u0259ni. S\u00fcfr\u0259 a\u00e7d\u0131m, t\u0259n\u0259k dolmas\u0131 yedil\u0259r (Elmana da pay saxlad\u0131lar). H\u0259min \u201cArazam-K\u00fcr\u0259 b\u0259nd\u0259m\u201d kitab\u0131n\u0131, \u0259l-\u00fcz d\u0259smal\u0131n\u0131, corab da pay qoydular. Sonralar (y\u0259ni \u00f6l\u00fcm\u00fcnd\u0259n sonra) onun \u015f\u0259xsi \u0259\u015fyalar\u0131n\u0131n i\u00e7ind\u0259n h\u0259min kitab da \u00e7\u0131xm\u0131\u015fd\u0131. 2 yanvar 1993-c\u00fc il Elman\u0131 yuxuda g\u00f6rd\u00fcm. M\u0259ni \u00e7a\u011f\u0131rd\u0131. Darvazaya y\u00fcy\u00fcrd\u00fcm. G\u00f6rd\u00fcm, yan\u0131nda bir quzu durubdu. M\u0259n\u0259 ana deyirdi. G\u00f6z\u00fcm\u00fc a\u00e7d\u0131m, g\u00f6rd\u00fcm yuxudu.<br \/>\nS\u0259h\u0259risi (4 yanvarda) e\u015fitdim m\u00fc\u0259llim yolda\u015f\u0131m\u0131z\u0131n anas\u0131 \u00f6l\u00fcb. Yasa getdim. G\u00f6rd\u00fcm, b\u00fct\u00fcn m\u00fc\u0259llim\u0259l\u0259r \u00e7\u00f6ld\u0259 Elman\u0131n \u0259traf\u0131na toplan\u0131b. M\u0259ni g\u00f6r\u0259nd\u0259 izdihamnan birlikd\u0259 m\u0259n\u0259 do\u011fru g\u0259ldi. Yuxumu dem\u0259dim, boynuna sar\u0131l\u0131b \u00e7ox a\u011flad\u0131m. O dedi:<br \/>\n\u2013Ay ana, \u0259ziz m\u00fc\u0259llimim, niy\u0259 a\u011flay\u0131rsan, m\u0259nim kimi y\u00fczl\u0259rl\u0259 o\u011ful var m\u0259nim yan\u0131mda. Ham\u0131s\u0131 \u015fir kimi torpa\u011f\u0131-m\u0131z\u0131 ya\u011f\u0131lardan qoruyur.<br \/>\nSin\u0259sini tamam islatd\u0131m. Yuxumu dem\u0259dim. Ham\u0131m\u0131zla vidala\u015f\u0131b getdi. \u00c7\u00fcnki onu d\u00f6y\u00fc\u015f yolda\u015flar\u0131 g\u00f6zl\u0259yirdi. 1993-c\u00fc il yanvar\u0131n 14-d\u0259 e\u015fitdim ki, yaralan\u0131b. M\u0259h\u0259rr\u0259mli yolq\u0131ra\u011f\u0131 obam\u0131zd\u0131, ora q\u0259d\u0259r ayaq-yal\u0131n y\u00fcy\u00fcrd\u00fcm.<br \/>\nQalan yolu bilm\u0259dim kim apard\u0131. T\u0259rt\u0259r hospital\u0131ndan k\u0259ndimiz\u0259 q\u0259d\u0259r minl\u0259rl\u0259 t\u0259rt\u0259rli Elman\u0131 \u00e7iyinl\u0259rind\u0259 g\u0259tirdi. K\u0259ndimizin aya\u011f\u0131 yer tutan insanlar\u0131 izdiham\u0131n qar\u015f\u0131s\u0131na g\u0259ldi.<br \/>\nBu g\u00f6r\u00fc\u015f Elmanla m\u0259nim son g\u00f6r\u00fc\u015f\u00fcm oldu!<\/p>\n<p style=\"text-align: right;\"><strong>G\u00f6z ya\u015f\u0131m sel\u0259 d\u00f6nd\u00fc.<\/strong><br \/>\n<strong>Durnalar g\u00f6l\u0259 d\u00f6nd\u00fc.<\/strong><br \/>\n<strong>S\u0259n getdin, qay\u0131tmad\u0131n, <\/strong><br \/>\n<strong>Aylar\u0131n, il\u0259 d\u00f6nd\u00fc.<img decoding=\"async\" loading=\"lazy\" class=\" wp-image-8404 alignright\" src=\"http:\/\/www.yeniterter.az\/wp-content\/uploads\/nuvar-3-300x269.jpg\" alt=\"nuvar\" width=\"106\" height=\"95\" srcset=\"https:\/\/yeniterter.az\/wp-content\/uploads\/nuvar-3-300x269.jpg 300w, https:\/\/yeniterter.az\/wp-content\/uploads\/nuvar-3.jpg 500w\" sizes=\"(max-width: 106px) 100vw, 106px\" \/><\/strong><\/p>\n<p style=\"text-align: right;\"><strong>N\u00fcbar M\u018fD\u018fTL\u0130<br \/>\n<\/strong><\/p>\n<p style=\"text-align: right;\">\n<p>&nbsp;<\/p>\n","protected":false},"excerpt":{"rendered":"<p>SON G\u00d6R\u00dc\u015e Az\u0259rbaycan\u0131n Milli Q\u0259hr\u0259man\u0131 Elman H\u00fcseynov m\u0259nim \u015fagirdim olub. V-VIII sinifl\u0259rd\u0259 h\u0259m d\u0259 onun sinif r\u0259hb\u0259ri olmu\u015fam. IX sinfi \u015eu\u015fa internat m\u0259kt\u0259bind\u0259, X sinfi T\u0259rt\u0259r \u015f\u0259h\u0259rind\u0259 bitirib. \u0130ndiki texniki universitetd\u0259 su m\u00fch\u0259ndisliyi ixtisas\u0131n\u0131 al\u0131b, T\u0259rt\u0259r\u0259 g\u0259lib. H\u0259rbi t\u0259hsilini G\u00fcrc\u00fcstanda al\u0131b. U\u015faql\u0131qdan h\u0259rb\u00e7i olma\u011fa \u00e7ox meyilli idi. Atalar\u0131 B\u00f6y\u00fck V\u0259t\u0259n m\u00fcharib\u0259sind\u0259n yaral\u0131 qay\u0131tm\u0131\u015fd\u0131 (6 bac\u0131, [&hellip;]<\/p>\n","protected":false},"author":2,"featured_media":0,"comment_status":"closed","ping_status":"closed","sticky":false,"template":"","format":"standard","meta":[],"categories":[10],"tags":[20],"_links":{"self":[{"href":"https:\/\/yeniterter.az\/index.php?rest_route=\/wp\/v2\/posts\/8402"}],"collection":[{"href":"https:\/\/yeniterter.az\/index.php?rest_route=\/wp\/v2\/posts"}],"about":[{"href":"https:\/\/yeniterter.az\/index.php?rest_route=\/wp\/v2\/types\/post"}],"author":[{"embeddable":true,"href":"https:\/\/yeniterter.az\/index.php?rest_route=\/wp\/v2\/users\/2"}],"replies":[{"embeddable":true,"href":"https:\/\/yeniterter.az\/index.php?rest_route=%2Fwp%2Fv2%2Fcomments&post=8402"}],"version-history":[{"count":0,"href":"https:\/\/yeniterter.az\/index.php?rest_route=\/wp\/v2\/posts\/8402\/revisions"}],"wp:attachment":[{"href":"https:\/\/yeniterter.az\/index.php?rest_route=%2Fwp%2Fv2%2Fmedia&parent=8402"}],"wp:term":[{"taxonomy":"category","embeddable":true,"href":"https:\/\/yeniterter.az\/index.php?rest_route=%2Fwp%2Fv2%2Fcategories&post=8402"},{"taxonomy":"post_tag","embeddable":true,"href":"https:\/\/yeniterter.az\/index.php?rest_route=%2Fwp%2Fv2%2Ftags&post=8402"}],"curies":[{"name":"wp","href":"https:\/\/api.w.org\/{rel}","templated":true}]}}