{"id":8399,"date":"2018-01-10T11:37:33","date_gmt":"2018-01-10T08:37:33","guid":{"rendered":"http:\/\/www.yeniterter.az\/?p=8399"},"modified":"2018-01-10T11:45:05","modified_gmt":"2018-01-10T08:45:05","slug":"v%c9%99t%c9%99ni-sevm%c9%99yi-rafiqd%c9%99n-oyr%c9%99nm%c9%99liyik","status":"publish","type":"post","link":"https:\/\/yeniterter.az\/?p=8399","title":{"rendered":"V\u018fT\u018fN\u0130 SEVM\u018fY\u0130 RAF\u0130QD\u018fN \u00d6YR\u018fNM\u018fL\u0130Y\u0130K"},"content":{"rendered":"<p><strong><img decoding=\"async\" loading=\"lazy\" class=\" wp-image-8400 alignleft\" src=\"http:\/\/www.yeniterter.az\/wp-content\/uploads\/0111-200x300.jpg\" alt=\"0111\" width=\"99\" height=\"148\" srcset=\"https:\/\/yeniterter.az\/wp-content\/uploads\/0111-200x300.jpg 200w, https:\/\/yeniterter.az\/wp-content\/uploads\/0111.jpg 406w\" sizes=\"(max-width: 99px) 100vw, 99px\" \/>\u015e\u0259hidl\u0259r d\u00fcnyadan cavan k\u00f6\u00e7s\u0259 d\u0259,<\/strong><br \/>\n<strong>\u00d6mr\u00fcnd\u0259 ill\u0259ri da\u015f\u0131yanlard\u0131.<\/strong><br \/>\n<strong>\u018fsrl\u0259r dolan\u0131b, zaman ke\u00e7s\u0259 d\u0259,<\/strong><br \/>\n<strong>\u015e\u0259hidl\u0259r \u0259b\u0259di ya\u015fayanlard\u0131r.<\/strong><br \/>\nDo\u011frudan da bu bel\u0259dir. \u015e\u0259hidl\u0259r cism\u0259n \u00f6ls\u0259l\u0259r d\u0259, h\u0259mi\u015f\u0259 xalq\u0131n q\u0259lbind\u0259 \u0259b\u0259di olaraq ya\u015fay\u0131rlar. M\u0259n T\u0259rt\u0259rimin ilk \u015f\u0259hidl\u0259rind\u0259n biri olan Rafiq Nuriyevd\u0259n s\u00f6z a\u00e7maq ist\u0259yir\u0259m. \u018fvv\u0259lc\u0259 onun m\u0259kt\u0259b ill\u0259rini yada salaq. M\u00fc\u0259lliml\u0259r Rafiqd\u0259n h\u0259mi\u015f\u0259 f\u0259xrl\u0259 dan\u0131\u015f\u0131rlar. Mehriban, a\u011f\u0131ll\u0131 v\u0259 t\u0259rbiy\u0259li bir \u015fagird oldu\u011funu, d\u0259rsl\u0259rind\u0259n yax\u015f\u0131 qiym\u0259tl\u0259r ald\u0131\u011f\u0131n\u0131 qeyd edirl\u0259r.<br \/>\n\u015e\u0259h\u0259r 6 sayl\u0131 tam orta m\u0259kt\u0259bin dil-\u0259d\u0259biyyat m\u00fc\u0259llimi Xalid\u0259 Quliyeva Rafiqi bel\u0259 xat\u0131rlay\u0131r:<br \/>\n\u2013M\u0259n ona 8-ci sinifd\u0259n, orta m\u0259kt\u0259bi qurtarana q\u0259d\u0259r d\u0259rs demi\u015f\u0259m. Sakit, t\u0259rbiy\u0259li v\u0259 yax\u015f\u0131 oxuyan \u015fagird kimi yadda\u015f\u0131mda qal\u0131b. Yax\u015f\u0131 in\u015fa yazard\u0131. Bu in\u015falarda V\u0259t\u0259nin\u0259, elin\u0259 olan m\u0259h\u0259bb\u0259ti \u00f6z \u0259ksini tapard\u0131. \u0130ctimai i\u015fl\u0259rd\u0259, idman yar\u0131\u015flar\u0131nda f\u0259al i\u015ftirak ed\u0259rdi.<br \/>\nBu g\u00fcn m\u0259kt\u0259bimizin Rafiq Nuriyevin ad\u0131na olmas\u0131 bir m\u00fc\u0259llim kimi m\u0259ni d\u0259 q\u00fcrurland\u0131r\u0131r. Rafiq bu g\u00fcn onu sev\u0259nl\u0259rin q\u0259lbind\u0259 ya\u015fay\u0131r.<!--more--> Allah ona r\u0259hm\u0259t el\u0259sin! Daha sonra m\u0259n Rafiq Nuriyevin b\u00f6y\u00fcy\u00fcb boya-ba\u015fa \u00e7atd\u0131\u011f\u0131 \u00fcnvana yolland\u0131m. Qap\u0131n\u0131 \u00fcz\u00fcm\u0259 sa\u00e7lar\u0131 qar kimi a\u011farm\u0131\u015f nurani bir qad\u0131n a\u00e7d\u0131. Bu, \u015f\u0259hidin anas\u0131 B\u0259sr\u0259 xalad\u0131r. O, m\u0259ni qucaqlayaraq ev\u0259 d\u0259v\u0259t etdi. Masan\u0131n \u00fcst\u00fc q\u0259hr\u0259manla ba\u011fl\u0131 \u015f\u0259kil, m\u00fckafatlar, F\u0259xri f\u0259rmanlar, m\u0259ktublarla dolu idi. Ana g\u00f6z ya\u015flar\u0131 i\u00e7ind\u0259 \u00f6vlad\u0131 haqq\u0131nda bel\u0259 dan\u0131\u015fd\u0131:<br \/>\n\u2013Rafiq 1987-1989-cu ill\u0259rd\u0259 h\u0259rbi xidm\u0259tini \u018ffqan\u0131standa ke\u00e7irdi. Orda bir k\u0259sfiyyat\u00e7\u0131 kimi b\u00f6y\u00fck igidlikl\u0259r g\u00f6st\u0259r\u0259r\u0259k d\u0259f\u0259l\u0259rl\u0259 F\u0259xri f\u0259rmanlarla, m\u00fcxt\u0259lif m\u00fckafatlarla t\u0259ltif olunub.<br \/>\nM\u0259n bir ana kimi Allaha yalvar\u0131rd\u0131m ki, o\u011flumun taleyin\u0259 \u015f\u0259hidlik yaz\u0131l\u0131bsa, orda \u00f6lm\u0259yib, \u00f6z v\u0259t\u0259ni yolunda \u015f\u0259hid olsun. Allah s\u0259simi e\u015fitdi.<br \/>\n1989-cu ild\u0259 Rafiq h\u0259rbi xidm\u0259tini ba\u015fa vuraraq S\u0259ttarxan ad\u0131na zavodda i\u015fl\u0259m\u0259y\u0259 ba\u015flay\u0131r. Lakin torpa\u011f\u0131n\u0131n i\u015f\u011fal alt\u0131nda oldu\u011funa d\u00f6z\u0259 bilmir. 1991-ci ild\u0259 Milli Qrduya yaz\u0131l\u0131r. O, \u00f6z k\u0259\u015ffiyyat\u00e7\u0131 m\u0259har\u0259tini Qaraba\u011f d\u00f6y\u00fc\u015fl\u0259rind\u0259 g\u00f6st\u0259rir.<br \/>\n\u201cAnd i\u00e7ir\u0259m ki, Ana torpa\u011f\u0131m\u0131n h\u0259r bir qar\u0131\u015f\u0131 \u00fc\u00e7\u00fcn \u00f6l\u00fcm\u0259 haz\u0131r olaraq, V\u0259t\u0259ni son damla qan\u0131ma q\u0259d\u0259r, g\u00f6z b\u0259b\u0259yi kimi qoruyacam\u201d. Rafiq Nuriyev \u00f6z and\u0131na sadiq qalaraq torpaq u\u011frunda son damla qan\u0131na q\u0259d\u0259r vuru\u015fdu. Da\u015falt\u0131 \u0259m\u0259liyyat\u0131n\u0131n u\u011fursuz ke\u00e7m\u0259si ne\u00e7\u0259-ne\u00e7\u0259 igid d\u00f6y\u00fc\u015f\u00e7\u00fcm\u00fcz\u00fcn \u00fcmidini yar\u0131da qoydu. Bir k\u0259\u015ffiyyat\u00e7\u0131 kimi \u015eu\u015fada, habel\u0259 N\u0259bil\u0259r, Kosalar, C\u0259milli v\u0259 Mal\u0131b\u0259yli k\u0259ndl\u0259rind\u0259 erm\u0259ni fa\u015fistl\u0259rin\u0259 qar\u015f\u0131 igidlikl\u0259 vuru\u015fdu.<br \/>\nRafiq Nuriyev 1992-ci il yanvar\u0131n 26-da Da\u015falt\u0131 \u0259m\u0259liyyat\u0131nda snayper g\u00fcll\u0259sind\u0259n yaralan\u0131b \u015f\u0259hid olmu\u015fdu.<br \/>\n\u018ffqan\u0131standan sa\u011f-salamat qay\u0131dan Rafiq \u00f6z v\u0259t\u0259nind\u0259 \u0259b\u0259diyy\u0259t\u0259 qovu\u015fdu. O, \u00f6z \u00f6l\u00fcm\u00fc il\u0259 t\u0259kc\u0259 t\u0259rt\u0259rlil\u0259r\u0259 deyil, Az\u0259rbaycan xalq\u0131na ba\u015f ucal\u0131\u011f\u0131 g\u0259tirdi.<br \/>\nM\u0259n inan\u0131ram ki, xalq\u0131m\u0131z\u0131n milyonlarla igid o\u011fullar\u0131 bir sel kimi \u00e7a\u011flayacaq, Rafiq kimi \u015f\u0259hidl\u0259rin qan\u0131n\u0131 yerd\u0259 qoymayacaq, Qaraba\u011f torpaqlar\u0131n\u0131 azad ed\u0259c\u0259kl\u0259r.<\/p>\n<p style=\"text-align: right;\"><strong><img decoding=\"async\" loading=\"lazy\" class=\" wp-image-8406 alignright\" src=\"http:\/\/www.yeniterter.az\/wp-content\/uploads\/\u0418\u0437\u043e\u0431\u0440\u0430\u0436\u0435\u043d\u0438\u0435-085-1-200x300-1-200x300.jpg\" alt=\"\u0418\u0437\u043e\u0431\u0440\u0430\u0436\u0435\u043d\u0438\u0435-085-1-200x300\" width=\"74\" height=\"111\" \/>Lal\u0259 Anarq\u0131z\u0131,<\/strong><br \/>\n<strong>Rafiq NUR\u0130YEV ad\u0131na \u015f\u0259h\u0259r 6 sayl\u0131 tam orta m\u0259kt\u0259bin \u015fagirdi<\/strong><\/p>\n","protected":false},"excerpt":{"rendered":"<p>\u015e\u0259hidl\u0259r d\u00fcnyadan cavan k\u00f6\u00e7s\u0259 d\u0259, \u00d6mr\u00fcnd\u0259 ill\u0259ri da\u015f\u0131yanlard\u0131. \u018fsrl\u0259r dolan\u0131b, zaman ke\u00e7s\u0259 d\u0259, \u015e\u0259hidl\u0259r \u0259b\u0259di ya\u015fayanlard\u0131r. Do\u011frudan da bu bel\u0259dir. \u015e\u0259hidl\u0259r cism\u0259n \u00f6ls\u0259l\u0259r d\u0259, h\u0259mi\u015f\u0259 xalq\u0131n q\u0259lbind\u0259 \u0259b\u0259di olaraq ya\u015fay\u0131rlar. M\u0259n T\u0259rt\u0259rimin ilk \u015f\u0259hidl\u0259rind\u0259n biri olan Rafiq Nuriyevd\u0259n s\u00f6z a\u00e7maq ist\u0259yir\u0259m. \u018fvv\u0259lc\u0259 onun m\u0259kt\u0259b ill\u0259rini yada salaq. M\u00fc\u0259lliml\u0259r Rafiqd\u0259n h\u0259mi\u015f\u0259 f\u0259xrl\u0259 dan\u0131\u015f\u0131rlar. Mehriban, a\u011f\u0131ll\u0131 v\u0259 [&hellip;]<\/p>\n","protected":false},"author":2,"featured_media":0,"comment_status":"closed","ping_status":"closed","sticky":false,"template":"","format":"standard","meta":[],"categories":[10],"tags":[20],"_links":{"self":[{"href":"https:\/\/yeniterter.az\/index.php?rest_route=\/wp\/v2\/posts\/8399"}],"collection":[{"href":"https:\/\/yeniterter.az\/index.php?rest_route=\/wp\/v2\/posts"}],"about":[{"href":"https:\/\/yeniterter.az\/index.php?rest_route=\/wp\/v2\/types\/post"}],"author":[{"embeddable":true,"href":"https:\/\/yeniterter.az\/index.php?rest_route=\/wp\/v2\/users\/2"}],"replies":[{"embeddable":true,"href":"https:\/\/yeniterter.az\/index.php?rest_route=%2Fwp%2Fv2%2Fcomments&post=8399"}],"version-history":[{"count":0,"href":"https:\/\/yeniterter.az\/index.php?rest_route=\/wp\/v2\/posts\/8399\/revisions"}],"wp:attachment":[{"href":"https:\/\/yeniterter.az\/index.php?rest_route=%2Fwp%2Fv2%2Fmedia&parent=8399"}],"wp:term":[{"taxonomy":"category","embeddable":true,"href":"https:\/\/yeniterter.az\/index.php?rest_route=%2Fwp%2Fv2%2Fcategories&post=8399"},{"taxonomy":"post_tag","embeddable":true,"href":"https:\/\/yeniterter.az\/index.php?rest_route=%2Fwp%2Fv2%2Ftags&post=8399"}],"curies":[{"name":"wp","href":"https:\/\/api.w.org\/{rel}","templated":true}]}}