{"id":8394,"date":"2018-01-10T11:32:14","date_gmt":"2018-01-10T08:32:14","guid":{"rendered":"http:\/\/www.yeniterter.az\/?p=8394"},"modified":"2018-01-10T11:33:04","modified_gmt":"2018-01-10T08:33:04","slug":"v%c9%99zirin-igid-qardasi-%c9%99lyar","status":"publish","type":"post","link":"https:\/\/yeniterter.az\/?p=8394","title":{"rendered":"V\u018fZ\u0130R\u0130N \u0130G\u0130D QARDA\u015eI \u018fLYAR"},"content":{"rendered":"<p><img decoding=\"async\" loading=\"lazy\" class=\" wp-image-8395 alignleft\" src=\"http:\/\/www.yeniterter.az\/wp-content\/uploads\/Elyar-1-221x300.jpg\" alt=\"Elyar\" width=\"92\" height=\"124\" srcset=\"https:\/\/yeniterter.az\/wp-content\/uploads\/Elyar-1-221x300.jpg 221w, https:\/\/yeniterter.az\/wp-content\/uploads\/Elyar-1.jpg 325w\" sizes=\"(max-width: 92px) 100vw, 92px\" \/>\u018flyar Surxay o\u011flu Orucov 1968-ci ild\u0259 T\u0259rt\u0259r rayonunun Xoruzlu k\u0259ndind\u0259 anadan olmu\u015fdur. H\u0259min k\u0259ndd\u0259 orta m\u0259kt\u0259bi bitirmi\u015fdir.<br \/>\n\u0130ndi d\u0259 igidliyi haqq\u0131nda \u0259fsan\u0259y\u0259 b\u0259nz\u0259r h\u0259qiq\u0259tl\u0259r g\u0259zir. S\u00f6z\u00fcn h\u0259qiqi m\u0259nas\u0131nda erm\u0259ni quldurlar\u0131na qan udduran bu igid Az\u0259rbaycan\u0131n Milli Q\u0259hr\u0259man\u0131 V\u0259zir Orucovun ki\u00e7ik qarda\u015f\u0131 idi.<br \/>\nQaraba\u011f M\u00fcharib\u0259si ba\u015flanandan sona \u00e7atanad\u0259k a\u011f\u0131r d\u00f6y\u00fc\u015fl\u0259rd\u0259 i\u015ftirak ed\u0259n \u018flyar Orucovun \u00f6z\u00fc d\u0259 qarda\u015f\u0131 V\u0259zir kimi \u0259fsan\u0259vi q\u0259hr\u0259mana \u00e7evrilib, ad\u0131 dill\u0259r \u0259zb\u0259ri olub.<br \/>\nV\u0259zirin \u00f6l\u00fcm\u00fc onu h\u0259ddind\u0259n \u00e7ox sars\u0131tsa da, qarda\u015f\u0131n\u0131n V\u0259t\u0259n yolunda \u015f\u0259hid olmas\u0131 ona daxili bir q\u00fcrur hissi g\u0259tirir, onunla f\u0259xr edirdi. Qarda\u015f nisgili, V\u0259zir kimi bir o\u011fulun itkisi onu k\u00f6z-k\u00f6z yand\u0131rsa da, h\u0259mi\u015f\u0259 ba\u015f\u0131n\u0131 dik tutur, m\u0259\u011frur g\u0259zir v\u0259 a\u011f\u0131r d\u0259rdini \u00f6z i\u00e7 d\u00fcnyas\u0131nda \u00e7\u0259kirdi.<br \/>\nOnun erm\u0259ni separatizmin\u0259, erm\u0259ni vandalizmin\u0259, erm\u0259ni t\u0259cav\u00fcz\u00fcn\u0259 qar\u015f\u0131 q\u0259z\u0259bi, kini g\u00fcn\u00fc-g\u00fcnd\u0259n art\u0131rd\u0131.<!--more--> Ona g\u00f6r\u0259 a\u011f\u0131r d\u00f6y\u00fc\u015fl\u0259r\u0259 yollan\u0131r, d\u00fc\u015fm\u0259nl\u0259r\u0259 aman vermirdi. D\u0259f\u0259l\u0259rl\u0259 yaralansa da, b\u0259d\u0259ni g\u00fcll\u0259 v\u0259 q\u0259lp\u0259l\u0259rl\u0259 dolu olsa da, yen\u0259 d\u0259 he\u00e7 n\u0259y\u0259, h\u0259tta sa\u011flaml\u0131\u011f\u0131na da \u0259h\u0259miyy\u0259t verm\u0259d\u0259n d\u00f6y\u00fc\u015fl\u0259rd\u0259 i\u015ftirak edirdi. Lakin insan d\u00f6z\u00fcm\u00fcn\u00fcn d\u0259 bir sonu olur. \u0130nsan \u00f6z\u00fc d\u00f6zm\u0259k ist\u0259s\u0259 d\u0259, orqanizmi d\u00f6zm\u00fcr.<br \/>\n\u018flyar Orucov n\u00f6vb\u0259ti d\u0259f\u0259 a\u011f\u0131r yaralanandan sonra can\u0131 daha s\u00f6z\u00fcn\u0259 baxmad\u0131, v\u0259ziyy\u0259ti ciddil\u0259\u015fdi. Buna g\u00f6r\u0259 d\u0259 Az\u0259rbaycan d\u00f6vl\u0259ti t\u0259r\u0259find\u0259n \u0130ran \u0130slam Respublikas\u0131na m\u00fcalic\u0259y\u0259 g\u00f6nd\u0259rildi..<br \/>\n\u018flyar Orucovun ke\u00e7diyi d\u00f6y\u00fc\u015f yollar\u0131 haqq\u0131nda bir dastan ba\u011flamaq olar v\u0259 \u0259lb\u0259tt\u0259, bu dastan ba\u011flanacaqd\u0131r, bir az geci-tezi var. Biz is\u0259 \u018flyar\u0131n q\u0131sa, lakin m\u0259nal\u0131 v\u0259 \u015f\u0259r\u0259fli \u00f6m\u00fcr yolu haqq\u0131nda yaln\u0131z bu ki\u00e7ik yaz\u0131 il\u0259 kifay\u0259tl\u0259ndik.<br \/>\nBel\u0259 bir m\u0259\u011frur insan n\u0259 qarda\u015f d\u0259rdin\u0259, n\u0259 V\u0259t\u0259n nisgilin\u0259 d\u00f6z\u00fcb ya\u015faya bilm\u0259zdi. Ya\u015faya bilm\u0259di d\u0259. \u00c7ox cavan, h\u0259yat\u0131n\u0131n g\u0259nc, qaynar \u00e7a\u011f\u0131nda bu fani d\u00fcnyadan k\u00f6\u00e7d\u00fc. Onda 2006-c\u0131 il idi\u2026<br \/>\nHeyif \u018flyardan!<\/p>\n<p style=\"text-align: right;\"><strong>Tofiq YUS\u0130F\u0130N<\/strong><br \/>\n<strong>\u201c\u00d6l\u00fcml\u0259 \u00fcz-\u00fcz\u0259\u201d kitab\u0131ndan<\/strong><\/p>\n","protected":false},"excerpt":{"rendered":"<p>\u018flyar Surxay o\u011flu Orucov 1968-ci ild\u0259 T\u0259rt\u0259r rayonunun Xoruzlu k\u0259ndind\u0259 anadan olmu\u015fdur. H\u0259min k\u0259ndd\u0259 orta m\u0259kt\u0259bi bitirmi\u015fdir. \u0130ndi d\u0259 igidliyi haqq\u0131nda \u0259fsan\u0259y\u0259 b\u0259nz\u0259r h\u0259qiq\u0259tl\u0259r g\u0259zir. S\u00f6z\u00fcn h\u0259qiqi m\u0259nas\u0131nda erm\u0259ni quldurlar\u0131na qan udduran bu igid Az\u0259rbaycan\u0131n Milli Q\u0259hr\u0259man\u0131 V\u0259zir Orucovun ki\u00e7ik qarda\u015f\u0131 idi. Qaraba\u011f M\u00fcharib\u0259si ba\u015flanandan sona \u00e7atanad\u0259k a\u011f\u0131r d\u00f6y\u00fc\u015fl\u0259rd\u0259 i\u015ftirak ed\u0259n \u018flyar Orucovun \u00f6z\u00fc d\u0259 [&hellip;]<\/p>\n","protected":false},"author":2,"featured_media":0,"comment_status":"closed","ping_status":"closed","sticky":false,"template":"","format":"standard","meta":[],"categories":[10],"tags":[20],"_links":{"self":[{"href":"https:\/\/yeniterter.az\/index.php?rest_route=\/wp\/v2\/posts\/8394"}],"collection":[{"href":"https:\/\/yeniterter.az\/index.php?rest_route=\/wp\/v2\/posts"}],"about":[{"href":"https:\/\/yeniterter.az\/index.php?rest_route=\/wp\/v2\/types\/post"}],"author":[{"embeddable":true,"href":"https:\/\/yeniterter.az\/index.php?rest_route=\/wp\/v2\/users\/2"}],"replies":[{"embeddable":true,"href":"https:\/\/yeniterter.az\/index.php?rest_route=%2Fwp%2Fv2%2Fcomments&post=8394"}],"version-history":[{"count":0,"href":"https:\/\/yeniterter.az\/index.php?rest_route=\/wp\/v2\/posts\/8394\/revisions"}],"wp:attachment":[{"href":"https:\/\/yeniterter.az\/index.php?rest_route=%2Fwp%2Fv2%2Fmedia&parent=8394"}],"wp:term":[{"taxonomy":"category","embeddable":true,"href":"https:\/\/yeniterter.az\/index.php?rest_route=%2Fwp%2Fv2%2Fcategories&post=8394"},{"taxonomy":"post_tag","embeddable":true,"href":"https:\/\/yeniterter.az\/index.php?rest_route=%2Fwp%2Fv2%2Ftags&post=8394"}],"curies":[{"name":"wp","href":"https:\/\/api.w.org\/{rel}","templated":true}]}}