{"id":8391,"date":"2018-01-10T11:29:18","date_gmt":"2018-01-10T08:29:18","guid":{"rendered":"http:\/\/www.yeniterter.az\/?p=8391"},"modified":"2018-01-10T11:29:18","modified_gmt":"2018-01-10T08:29:18","slug":"omrun-ahil-caginda-5","status":"publish","type":"post","link":"https:\/\/yeniterter.az\/?p=8391","title":{"rendered":"\u00d6MR\u00dcN AHIL \u00c7A\u011eINDA"},"content":{"rendered":"<p><strong>81 YA\u015eLI \u0130BRAH\u0130M DAYI<\/strong><\/p>\n<p><img decoding=\"async\" loading=\"lazy\" class=\" wp-image-8392 alignleft\" src=\"http:\/\/www.yeniterter.az\/wp-content\/uploads\/\u043d\u043e\u0432\u044b\u0439-11111-213x300.jpg\" alt=\"\u043d\u043e\u0432\u044b\u0439-11111\" width=\"80\" height=\"113\" srcset=\"https:\/\/yeniterter.az\/wp-content\/uploads\/\u043d\u043e\u0432\u044b\u0439-11111-213x300.jpg 213w, https:\/\/yeniterter.az\/wp-content\/uploads\/\u043d\u043e\u0432\u044b\u0439-11111.jpg 279w\" sizes=\"(max-width: 80px) 100vw, 80px\" \/>\u0130brahim Abdullayev ail\u0259d\u0259ki 5 qarda\u015f v\u0259 2 bac\u0131n\u0131n \u0259n ki\u00e7iyi idi. B\u00f6y\u00fck V\u0259t\u0259n m\u00fcharib\u0259si ba\u015flayanda onun c\u0259mi 5 ya\u015f\u0131 vard\u0131. Sad\u0259 bir kolxozcu ail\u0259sind\u0259 b\u00f6y\u00fcy\u00fcrd\u00fc. Atas\u0131 Mikay\u0131l ki\u015fi m\u00fcharib\u0259y\u0259 getdikd\u0259n sonra ail\u0259 b\u00f6y\u00fcks\u00fcz ya\u015famal\u0131 oldu.<br \/>\nO zaman\u0131n \u00e7\u0259tinlikl\u0259ri t\u0259kc\u0259 qad\u0131nlar\u0131 deyil, azya\u015fl\u0131 u\u015faqlar\u0131 da kotan \u00e7\u0259km\u0259y\u0259, ba\u015faq y\u0131\u011fma\u011fa v\u0259 ba\u015fqa \u00e7\u0259tin i\u015fl\u0259rd\u0259 \u00e7al\u0131\u015fma\u011fa vadar edirdi. Evin ki\u015fil\u0259rinin m\u00fcharib\u0259y\u0259 getm\u0259si ail\u0259d\u0259ki a\u011f\u0131rl\u0131\u011f\u0131 qad\u0131nlar\u0131n v\u0259 u\u015faqlar\u0131n \u00fcz\u0259rin\u0259 salm\u0131\u015fd\u0131. Ona g\u00f6r\u0259 d\u0259 ehtiyac\u0131 olanlar t\u0259s\u0259rr\u00fcfat i\u015fl\u0259rind\u0259 var g\u00fccl\u0259 i\u015fl\u0259yirdi ki, ail\u0259ni doland\u0131rs\u0131n.<br \/>\nHaqq\u0131nda s\u00f6z a\u00e7d\u0131\u011f\u0131m \u0130brahim Abdullayev T\u0259rt\u0259r rayonunun Mam\u0131rl\u0131 k\u0259ndind\u0259 do\u011fulub. H\u0259yat\u0131n az\u0131n\u0131 \u2013 \u00e7oxunu an-layandan z\u0259hm\u0259t adamlar\u0131n\u0131n \u0259hat\u0259sind\u0259 b\u00f6y\u00fcy\u00fcb. O zaman\u0131n \u00e7\u0259tinlikl\u0259rin\u0259 baxmayaraq ali t\u0259hsil d\u0259 al\u0131b. Az\u0259rbaycan Politexnik \u0130nstitutunun in\u015faat m\u00fch\u0259ndisliyi fak\u00fclt\u0259sini bitirib. H\u0259tta institutda oxuyark\u0259n h\u0259m d\u0259 M\u0259d\u0259niyy\u0259t Nazirliyinin n\u0259zdind\u0259 f\u0259aliyy\u0259t g\u00f6st\u0259r\u0259n x\u00fcsusi elmi b\u0259rpa idar\u0259sind\u0259 i\u015f icra\u00e7\u0131s\u0131n\u0131n k\u00f6m\u0259k\u00e7isi v\u0259zif\u0259sind\u0259 \u00e7al\u0131\u015f\u0131b.<!--more--><br \/>\n\u00d6mr\u00fcn\u00fcn bir hiss\u0259si \u015f\u0259h\u0259r m\u00fchitind\u0259 ke\u00e7s\u0259 d\u0259 rayonundan, do\u011fma k\u0259ndind\u0259n ayr\u0131la bilm\u0259yib. Qay\u0131daraq T\u0259rt\u0259r rayonunda \u00e7al\u0131\u015fma\u011fa ba\u015flay\u0131b. \u201cPMK-47\u201d-d\u0259 i\u015f icra\u00e7\u0131s\u0131 v\u0259zif\u0259sind\u0259 i\u015fl\u0259yib. \u00c7ox \u00e7\u0259km\u0259yib ki, onu \u2013 1974-c\u00fc ild\u0259n Qaraba\u011f Elmi T\u0259dqiqat Bazas\u0131nda m\u00fch\u0259ndis v\u0259zif\u0259sin\u0259 q\u0259bul edibl\u0259r. \u0130brahim Abdullayev harada \u00e7al\u0131\u015fmas\u0131ndan as\u0131l\u0131 olmayaraq \u00fcz\u0259rin\u0259 d\u00fc\u015f\u0259n i\u015fin \u00f6hd\u0259sind\u0259n layiqinc\u0259 g\u0259lib. D\u00fcr\u00fcstl\u00fcy\u00fc v\u0259 etimad qazanma\u011f\u0131 \u00f6z\u00fcn\u00fcn m\u00fcq\u0259dd\u0259s amal\u0131 hesab edib.<br \/>\nM\u0259lum Qaraba\u011f hadis\u0259l\u0259ri ba\u015flayanad\u0259k, y\u0259ni 1988-ci il\u0259d\u0259k g\u00f6rk\u0259mli insan \u0130man Mustafayevin r\u0259hb\u0259rlik etdiyi Qaraba\u011f Elmi T\u0259dqiqat Bazas\u0131nda \u00e7al\u0131\u015f\u0131b. Bazan\u0131n f\u0259aliyy\u0259ti dayand\u0131r\u0131ld\u0131qdan sonra yenid\u0259n \u201cPMK-47\u201d-d\u0259 f\u0259aliyy\u0259t\u0259 ba\u015flad\u0131. Rayonda \u00e7ox-m\u0259rt\u0259b\u0259li evl\u0259rin, m\u0259kt\u0259b v\u0259 inzibati binalar\u0131n tikintisind\u0259 in\u015faat\u00e7\u0131 kimi \u00e7al\u0131\u015f\u0131b.<br \/>\nHaz\u0131rda \u0130brahim day\u0131 ya\u015f\u0131n\u0131n ah\u0131l \u00e7a\u011f\u0131ndad\u0131r. Lakin, onun \u0259li i\u015fd\u0259n soyumur. T\u0259rt\u0259r \u015f\u0259h\u0259rind\u0259 f\u0259aliyy\u0259t g\u00f6st\u0259r\u0259n tikinti materiallar\u0131 sat\u0131\u015f\u0131 ma\u011fazalar\u0131ndan birind\u0259 g\u00f6z\u0259t\u00e7i i\u015fl\u0259yir. Bu d\u00fcnya g\u00f6rm\u00fc\u015f ah\u0131l\u0131m\u0131z\u0131 he\u00e7 zaman bo\u015f g\u00f6rm\u0259k olmaz. O, ya\u015fad\u0131\u011f\u0131 binan\u0131n qar\u015f\u0131s\u0131nda bec\u0259rdiyi a\u011faclar\u0131n v\u0259 g\u00fcl kollar\u0131n\u0131n naz\u0131n\u0131 \u00e7\u0259k\u0259r, gah onlar\u0131 suvarar, gah da dibini bo\u015faldar. B\u0259z\u0259n is\u0259 43 illik \u00f6m\u00fcr-g\u00fcn yolda\u015f\u0131 M\u0259nsur\u0259 xan\u0131mla birlikd\u0259 n\u0259v\u0259l\u0259rinin t\u0259rbiy\u0259si il\u0259 m\u0259\u015f\u011ful olar. \u0130brahim day\u0131n\u0131n do\u011fmalar\u0131 v\u0259 qon\u015fular\u0131 bir a\u011fsaqqal kimi yolunu saxlay\u0131b, ona ehtram g\u00f6st\u0259rirl\u0259r, bu g\u00fcn ona \u0259mi-day\u0131, baba kimi m\u00fcraci\u0259t edirl\u0259r. \u0130brahim day\u0131 da h\u0259r k\u0259si \u00f6z dili il\u0259 dindirm\u0259yi ba\u00e7ar\u0131r. Mehriban\u00e7\u0131l\u0131q, s\u0259mimiyy\u0259t onun \u00fcz-g\u00f6z\u00fcnd\u0259n t\u00f6k\u00fcl\u00fcr.<br \/>\n\u0130brahim Abdullayevin haqq\u0131nda m\u0259qal\u0259 haz\u0131rlayark\u0259n daha bir c\u0259h\u0259tini a\u015fkarlad\u0131m. O, \u00e7ox h\u0259ssas v\u0259 duy\u011fusal bir insand\u0131r. B\u0259z\u0259n g\u00f6rd\u00fckl\u0259rini, duyduqlar\u0131n\u0131 q\u0259l\u0259m\u0259 alaraq seir yazar. Onun yazd\u0131\u011f\u0131 \u015feird\u0259n birini oxucular\u0131m\u0131za t\u0259qdim etm\u0259yi \u00f6z\u00fcm\u00fcz\u0259 borc bildik.<\/p>\n<p style=\"text-align: right;\"><strong>Elfuz\u0259 V\u0259liyeva<\/strong><\/p>\n<p><strong>Da\u011flar<\/strong><\/p>\n<p>Ya\u011f\u0131 k\u0259sibdir yolumu.<br \/>\nG\u0259l\u0259mmir\u0259m siz\u0259 da\u011flar.<br \/>\nOv\u00e7u kimi yaylaqlarda,<br \/>\n\u00c7ox d\u00fc\u015fm\u00fc\u015f\u0259m iz\u0259 da\u011flar.<\/p>\n<p>Da\u011f, d\u0259r\u0259, me\u015f\u0259 g\u0259zmi\u015f\u0259m.<br \/>\nMoruq, \u00e7iy\u0259l\u0259k d\u0259rmi\u015f\u0259m.<br \/>\n\u0130ndi yaman k\u00f6vr\u0259lmi\u015f\u0259m,<br \/>\nYa\u015f\u0131m ax\u0131r \u00fcz\u0259 da\u011flar.<\/p>\n<p>A\u011fdamdan qalxaq \u015eu\u015faya,<br \/>\nYal boyu k\u00f6n\u00fcl ox\u015faya.<br \/>\nQ\u0131zlar \u00e7\u0131xa tama\u015faya,<br \/>\nQol g\u00f6t\u00fcr\u00fcb s\u00fcz\u0259 da\u011flar.<\/p>\n<p>Me\u015f\u0259d\u0259 quraq busat\u0131,<br \/>\n\u00c7al\u0131ns\u0131n \u201cC\u0259ngi\u201d, \u201cHeyrat\u0131\u201d.<br \/>\n\u0130gidl\u0259r minsin Q\u0131rat\u0131,<br \/>\n\u018fld\u0259 \u015fe\u015fp\u0259r niz\u0259 da\u011flar.<\/p>\n<p>\u015eu\u015fadan ged\u0259k La\u00e7\u0131na,<br \/>\nOd vuraq d\u00fc\u015fm\u0259n xa\u00e7\u0131na.<br \/>\nX\u0131na qoy anam sa\u00e7\u0131na,<br \/>\nG\u00f6r\u00fcns\u00fcn t\u0259r-t\u0259z\u0259 da\u011flar.<\/p>\n<p>\u0130brahim, g\u0259l\u0259c\u0259k o g\u00fcn,<br \/>\nQay\u0131dacaq qa\u00e7q\u0131n-k\u00f6\u00e7k\u00fcn<br \/>\nBa\u015flasa \u015fadl\u0131q, toy-d\u00fcy\u00fcn.<br \/>\nS\u0259s yet\u0259r Q\u0131rxq\u0131za da\u011flar.<\/p>\n<p>\u0130brahim ABDULLAYEV<\/p>\n","protected":false},"excerpt":{"rendered":"<p>81 YA\u015eLI \u0130BRAH\u0130M DAYI \u0130brahim Abdullayev ail\u0259d\u0259ki 5 qarda\u015f v\u0259 2 bac\u0131n\u0131n \u0259n ki\u00e7iyi idi. B\u00f6y\u00fck V\u0259t\u0259n m\u00fcharib\u0259si ba\u015flayanda onun c\u0259mi 5 ya\u015f\u0131 vard\u0131. Sad\u0259 bir kolxozcu ail\u0259sind\u0259 b\u00f6y\u00fcy\u00fcrd\u00fc. Atas\u0131 Mikay\u0131l ki\u015fi m\u00fcharib\u0259y\u0259 getdikd\u0259n sonra ail\u0259 b\u00f6y\u00fcks\u00fcz ya\u015famal\u0131 oldu. O zaman\u0131n \u00e7\u0259tinlikl\u0259ri t\u0259kc\u0259 qad\u0131nlar\u0131 deyil, azya\u015fl\u0131 u\u015faqlar\u0131 da kotan \u00e7\u0259km\u0259y\u0259, ba\u015faq y\u0131\u011fma\u011fa v\u0259 ba\u015fqa \u00e7\u0259tin [&hellip;]<\/p>\n","protected":false},"author":2,"featured_media":0,"comment_status":"closed","ping_status":"closed","sticky":false,"template":"","format":"standard","meta":[],"categories":[10],"tags":[20],"_links":{"self":[{"href":"https:\/\/yeniterter.az\/index.php?rest_route=\/wp\/v2\/posts\/8391"}],"collection":[{"href":"https:\/\/yeniterter.az\/index.php?rest_route=\/wp\/v2\/posts"}],"about":[{"href":"https:\/\/yeniterter.az\/index.php?rest_route=\/wp\/v2\/types\/post"}],"author":[{"embeddable":true,"href":"https:\/\/yeniterter.az\/index.php?rest_route=\/wp\/v2\/users\/2"}],"replies":[{"embeddable":true,"href":"https:\/\/yeniterter.az\/index.php?rest_route=%2Fwp%2Fv2%2Fcomments&post=8391"}],"version-history":[{"count":0,"href":"https:\/\/yeniterter.az\/index.php?rest_route=\/wp\/v2\/posts\/8391\/revisions"}],"wp:attachment":[{"href":"https:\/\/yeniterter.az\/index.php?rest_route=%2Fwp%2Fv2%2Fmedia&parent=8391"}],"wp:term":[{"taxonomy":"category","embeddable":true,"href":"https:\/\/yeniterter.az\/index.php?rest_route=%2Fwp%2Fv2%2Fcategories&post=8391"},{"taxonomy":"post_tag","embeddable":true,"href":"https:\/\/yeniterter.az\/index.php?rest_route=%2Fwp%2Fv2%2Ftags&post=8391"}],"curies":[{"name":"wp","href":"https:\/\/api.w.org\/{rel}","templated":true}]}}