{"id":8384,"date":"2018-01-10T11:19:01","date_gmt":"2018-01-10T08:19:01","guid":{"rendered":"http:\/\/www.yeniterter.az\/?p=8384"},"modified":"2018-01-10T11:19:01","modified_gmt":"2018-01-10T08:19:01","slug":"az%c9%99rbaycanda-butun-dinl%c9%99r%c9%99-horm%c9%99tl%c9%99-yanasilir","status":"publish","type":"post","link":"https:\/\/yeniterter.az\/?p=8384","title":{"rendered":"AZ\u018fRBAYCANDA B\u00dcT\u00dcN D\u0130NL\u018fR\u018f H\u00d6RM\u018fTL\u018f YANA\u015eILIR"},"content":{"rendered":"<p><img decoding=\"async\" loading=\"lazy\" class=\" wp-image-8385 alignleft\" src=\"http:\/\/www.yeniterter.az\/wp-content\/uploads\/photo_70251-300x254.jpg\" alt=\"photo_70251\" width=\"119\" height=\"101\" srcset=\"https:\/\/yeniterter.az\/wp-content\/uploads\/photo_70251-300x254.jpg 300w, https:\/\/yeniterter.az\/wp-content\/uploads\/photo_70251.jpg 350w\" sizes=\"(max-width: 119px) 100vw, 119px\" \/>H\u0259r il oldu\u011fu kimi, yola sald\u0131\u011f\u0131m\u0131z 2017-ci ild\u0259 d\u0259 Az\u0259rbaycanda d\u00f6vl\u0259tdin m\u00fcnasib\u0259tl\u0259ri y\u00fcks\u0259k s\u0259viyy\u0259d\u0259 t\u0259nziml\u0259nib. \u00d6lk\u0259mizd\u0259 m\u00fcxt\u0259lif dinl\u0259r\u0259 m\u0259nsub insanlar qar\u015f\u0131l\u0131ql\u0131 anla\u015fma v\u0259 qarda\u015fl\u0131q \u015f\u0259raitind\u0259 ya\u015fay\u0131r v\u0259 f\u0259aliyy\u0259t g\u00f6st\u0259rirl\u0259r. H\u0259r il Ramazan ay\u0131nda t\u0259\u015fkil olunan iftar s\u00fcfr\u0259sind\u0259 m\u00fcxt\u0259lif dinl\u0259rin liderl\u0259ri birlikd\u0259 i\u015ftirak edirl\u0259r.<br \/>\nBu g\u00fcn Az\u0259rbaycan d\u00fcnyada m\u0259d\u0259niyy\u0259tl\u0259raras\u0131 v\u0259 dinl\u0259raras\u0131 dialoq m\u0259rk\u0259zl\u0259rind\u0259n biri hesab olunur. Bak\u0131da D\u00fcnya M\u0259d\u0259niyy\u0259tl\u0259raras\u0131 Dialoq Forumunun ke\u00e7irilm\u0259si buna parlaq n\u00fcmun\u0259dir. Bu siyas\u0259t\u0259 uy\u011fun olaraq 2016-ci il Az\u0259rbaycanda \u201cMultikulturalizm ili\u201d, 2017-ci il is\u0259 \u201c\u0130slam H\u0259mr\u0259yliyi ili\u201d elan olunub.<br \/>\n\u00d6lk\u0259mizd\u0259 28 qeyri-islam dini icmas\u0131 f\u0259aliyy\u0259t g\u00f6st\u0259rir. Onlardan 17-si xristian dininin m\u00fcxt\u0259lif c\u0259r\u0259yanlar\u0131na aiddir. \u018fn b\u00f6y\u00fck qeyri-islam t\u0259\u015fkilat\u0131 Rusiya Pravoslav Kils\u0259sinin Bak\u0131 v\u0259 Az\u0259rbaycan Yeparxiyas\u0131d\u0131r. Az\u0259rbaycan h\u0259m\u00e7inin q\u0259dim kils\u0259l\u0259rd\u0259n birinin \u2013 \u015f\u0259rqi pravoslavl\u0131\u011fa aid olan Alban kils\u0259sinin v\u0259t\u0259nidir. <!--more--><br \/>\nPrezident \u0130lham \u018fliyev bu bar\u0259d\u0259 deyib: \u201c\u00d6z dinin\u0259 h\u00f6rm\u0259t ba\u015fqa din\u0259 h\u00f6rm\u0259td\u0259n ba\u015flay\u0131r\u201d.<br \/>\n\u00d6lk\u0259mizd\u0259 d\u00f6vl\u0259t s\u0259viyy\u0259sind\u0259 h\u0259yata ke\u00e7iril\u0259n b\u00fct\u00fcn t\u0259dbirl\u0259r bir daha t\u0259sdiql\u0259yir ki, burada m\u00fcxt\u0259lif dinl\u0259rin n\u00fcmay\u0259nd\u0259l\u0259rin\u0259 qay\u011f\u0131 v\u0259 h\u00f6rm\u0259tl\u0259 yana\u015f\u0131l\u0131r.<\/p>\n<p style=\"text-align: right;\"><strong>\u201cYeni T\u0259rt\u0259r\u201d<\/strong><\/p>\n","protected":false},"excerpt":{"rendered":"<p>H\u0259r il oldu\u011fu kimi, yola sald\u0131\u011f\u0131m\u0131z 2017-ci ild\u0259 d\u0259 Az\u0259rbaycanda d\u00f6vl\u0259tdin m\u00fcnasib\u0259tl\u0259ri y\u00fcks\u0259k s\u0259viyy\u0259d\u0259 t\u0259nziml\u0259nib. \u00d6lk\u0259mizd\u0259 m\u00fcxt\u0259lif dinl\u0259r\u0259 m\u0259nsub insanlar qar\u015f\u0131l\u0131ql\u0131 anla\u015fma v\u0259 qarda\u015fl\u0131q \u015f\u0259raitind\u0259 ya\u015fay\u0131r v\u0259 f\u0259aliyy\u0259t g\u00f6st\u0259rirl\u0259r. H\u0259r il Ramazan ay\u0131nda t\u0259\u015fkil olunan iftar s\u00fcfr\u0259sind\u0259 m\u00fcxt\u0259lif dinl\u0259rin liderl\u0259ri birlikd\u0259 i\u015ftirak edirl\u0259r. Bu g\u00fcn Az\u0259rbaycan d\u00fcnyada m\u0259d\u0259niyy\u0259tl\u0259raras\u0131 v\u0259 dinl\u0259raras\u0131 dialoq m\u0259rk\u0259zl\u0259rind\u0259n biri hesab olunur. [&hellip;]<\/p>\n","protected":false},"author":2,"featured_media":0,"comment_status":"closed","ping_status":"closed","sticky":false,"template":"","format":"standard","meta":[],"categories":[10],"tags":[20],"_links":{"self":[{"href":"https:\/\/yeniterter.az\/index.php?rest_route=\/wp\/v2\/posts\/8384"}],"collection":[{"href":"https:\/\/yeniterter.az\/index.php?rest_route=\/wp\/v2\/posts"}],"about":[{"href":"https:\/\/yeniterter.az\/index.php?rest_route=\/wp\/v2\/types\/post"}],"author":[{"embeddable":true,"href":"https:\/\/yeniterter.az\/index.php?rest_route=\/wp\/v2\/users\/2"}],"replies":[{"embeddable":true,"href":"https:\/\/yeniterter.az\/index.php?rest_route=%2Fwp%2Fv2%2Fcomments&post=8384"}],"version-history":[{"count":0,"href":"https:\/\/yeniterter.az\/index.php?rest_route=\/wp\/v2\/posts\/8384\/revisions"}],"wp:attachment":[{"href":"https:\/\/yeniterter.az\/index.php?rest_route=%2Fwp%2Fv2%2Fmedia&parent=8384"}],"wp:term":[{"taxonomy":"category","embeddable":true,"href":"https:\/\/yeniterter.az\/index.php?rest_route=%2Fwp%2Fv2%2Fcategories&post=8384"},{"taxonomy":"post_tag","embeddable":true,"href":"https:\/\/yeniterter.az\/index.php?rest_route=%2Fwp%2Fv2%2Ftags&post=8384"}],"curies":[{"name":"wp","href":"https:\/\/api.w.org\/{rel}","templated":true}]}}