{"id":7622,"date":"2017-09-29T15:42:20","date_gmt":"2017-09-29T12:42:20","guid":{"rendered":"http:\/\/www.yeniterter.az\/?p=7622"},"modified":"2017-09-29T15:42:20","modified_gmt":"2017-09-29T12:42:20","slug":"prezidentin-abs-s%c9%99f%c9%99rinin-n%c9%99tic%c9%99l%c9%99ri-az%c9%99raycan-diplomatiyasinin-muhum-nailiyy%c9%99tin%c9%99-cevrildi","status":"publish","type":"post","link":"https:\/\/yeniterter.az\/?p=7622","title":{"rendered":"PREZ\u0130DENT\u0130N AB\u015e S\u018fF\u018fR\u0130N\u0130N N\u018fT\u0130C\u018fL\u018fR\u0130 AZ\u018fRAYCAN D\u0130PLOMAT\u0130YASININ M\u00dcH\u00dcM NA\u0130L\u0130YY\u018fT\u0130N\u018f \u00c7EVR\u0130LD\u0130"},"content":{"rendered":"<p><img decoding=\"async\" loading=\"lazy\" class=\" wp-image-7623 alignleft\" src=\"http:\/\/www.yeniterter.az\/wp-content\/uploads\/15059422795129132405_1000x669-300x206.jpg\" alt=\"15059422795129132405_1000x669\" width=\"269\" height=\"185\" srcset=\"https:\/\/yeniterter.az\/wp-content\/uploads\/15059422795129132405_1000x669-300x206.jpg 300w, https:\/\/yeniterter.az\/wp-content\/uploads\/15059422795129132405_1000x669-768x527.jpg 768w, https:\/\/yeniterter.az\/wp-content\/uploads\/15059422795129132405_1000x669.jpg 975w\" sizes=\"(max-width: 269px) 100vw, 269px\" \/><img decoding=\"async\" loading=\"lazy\" class=\" wp-image-7624 alignright\" src=\"http:\/\/www.yeniterter.az\/wp-content\/uploads\/1211-300x225.jpg\" alt=\"1211\" width=\"261\" height=\"196\" srcset=\"https:\/\/yeniterter.az\/wp-content\/uploads\/1211-300x225.jpg 300w, https:\/\/yeniterter.az\/wp-content\/uploads\/1211.jpg 694w\" sizes=\"(max-width: 261px) 100vw, 261px\" \/>Nyu-Yorkda ke\u00e7iril\u0259n BMT-nin Ba\u015f Assambleyas\u0131n\u0131n 72-ci sessiyas\u0131 Az\u0259rbaycan d\u00f6vl\u0259tinin xarici siyas\u0259tinin, x\u00fcsusil\u0259 d\u0259 Prezident \u0130lham \u018fliyevin u\u011furlu diplomatiyas\u0131n\u0131n n\u00f6vb\u0259ti parlaq s\u0259hif\u0259si kimi tarix\u0259 yaz\u0131ld\u0131. Qlobal informasiya sava\u015f\u0131nda m\u00f6ht\u0259\u015f\u0259m z\u0259f\u0259r\u0259 imza atan Az\u0259rbaycan Prezidenti d\u00fcnyan\u0131n \u0259n b\u00f6y\u00fck ali tribunas\u0131ndan f\u00f6vq\u0259lg\u00fccl\u0259r\u0259 m\u00fch\u00fcm mesajlar verdi.<\/p>\n<p>Az\u0259rbaycan Prezidentinin c\u0259sar\u0259tli \u00e7\u0131x\u0131\u015f\u0131, BMT kimi n\u00fcfuzlu qurumun ali k\u00fcrsus\u00fcnd\u0259n beyn\u0259lxalq t\u0259\u015fkilatlara v\u0259 d\u00fcnya ictimaiyy\u0259tin\u0259 etdiyi m\u00fcraci\u0259t q\u0259tiyy\u0259t n\u00fcmun\u0259si kimi d\u0259y\u0259rl\u0259ndirilm\u0259lidir. Bu, bir h\u0259qiq\u0259tdir ki, Az\u0259rbaycan\u0131n m\u00fcst\u0259qil d\u00f6vl\u0259t kimi m\u00f6vcudlu\u011fu, sabit v\u0259 inaml\u0131 inki\u015faf\u0131 liderlik amili il\u0259 birba\u015fa ba\u011fl\u0131d\u0131r.<!--more--> M\u0259hz siyasi irad\u0259si v\u0259 uzaqg\u00f6r\u0259nliyi il\u0259 modern c\u0259miyy\u0259td\u0259 lider obraz\u0131n\u0131n \u0259n m\u00fch\u00fcm c\u0259h\u0259tl\u0259rini \u00f6z\u00fcnd\u0259 birl\u0259\u015fdir\u0259n Az\u0259rbaycan Prezidenti \u00f6z f\u0259aliyy\u0259ti il\u0259 d\u0259yi\u015f\u0259n qlobal v\u0259 regional reall\u0131qlar \u015f\u0259raitind\u0259 \u00f6lk\u0259mizin milli maraqlar\u0131n\u0131 qoruya bilm\u0259k qabiliyy\u0259ti il\u0259 \u0259sl siyasi lider oldu\u011funu isbatlay\u0131r.<\/p>\n<p>\u018fn n\u00fcfuzlu r\u0259smi beyn\u0259lxalq t\u0259dbirl\u0259rd\u0259 Az\u0259rbaycan Prezidentinin d\u00fcnyan\u0131n apar\u0131c\u0131 liderl\u0259ri s\u0131ras\u0131nda yer almas\u0131, el\u0259c\u0259 d\u0259 ona g\u00f6st\u0259ril\u0259n diqq\u0259t v\u0259 ehtiramdan bel\u0259 q\u0259na\u0259t\u0259 g\u0259lm\u0259k olar\u00a0 ki, \u0130lham \u018fliyev Az\u0259rbaycan\u0131 bilavasit\u0259 \u00f6z s\u00f6z\u00fcn\u00fc dey\u0259n d\u00f6vl\u0259tl\u0259r aras\u0131nda se\u00e7il\u0259n \u00f6lk\u0259l\u0259rd\u0259n birin\u0259 \u00e7evirib.<\/p>\n<p>Ona g\u00f6r\u0259 d\u0259 ist\u0259r Az\u0259rbaycan \u2013 BMT, ist\u0259rs\u0259 d\u0259 AB\u015e \u2013 Az\u0259rbaycan m\u00fcnasib\u0259tl\u0259ri \u00e7\u0259r\u00e7iv\u0259sind\u0259 Prezident \u0130lham \u018fliyev t\u0259r\u0259find\u0259n y\u00fcr\u00fcd\u00fcl\u0259n m\u00fcst\u0259qil, u\u011furlu siyas\u0259t h\u0259r il daha s\u0259m\u0259r\u0259li n\u0259tic\u0259l\u0259rini g\u00f6st\u0259rm\u0259kd\u0259dir. Az\u0259rbaycan \u2013 BMT m\u00fcnasib\u0259tl\u0259rinin inki\u015faf\u0131nda \u0259sas\u0131 Ulu \u00d6nd\u0259r Heyd\u0259r \u018fliyev t\u0259r\u0259find\u0259n qoyulmu\u015f siyas\u0259t Prezident \u0130lham \u018fliyev t\u0259r\u0259find\u0259n daha da \u015fax\u0259l\u0259ndirilir.<\/p>\n<p>Prezident \u0130lham \u018flyev b\u00fct\u00fcn beyn\u0259lxalq\u00a0 konfranslarda oldu\u011fu kimi BMT-nin Ba\u015f Assambleyas\u0131n\u0131n 72-ci sessiyas\u0131nda da Az\u0259rbaycan h\u0259qiq\u0259tl\u0259rini, x\u00fcsusil\u0259 d\u0259 \u00fczl\u0259\u015fdiyimiz ikili standartlar\u0131 tutarl\u0131 arqumentl\u0259rl\u0259 ictimaiyy\u0259t\u0259 \u00e7atd\u0131rd\u0131. Ona g\u00f6r\u0259 d\u0259 d\u00f6vl\u0259t ba\u015f\u00e7\u0131s\u0131n\u0131n d\u00fcnyan\u0131n \u0259n ali tribunas\u0131ndak\u0131 \u00e7\u0131x\u0131\u015f\u0131n\u0131 iki yer\u0259 b\u00f6lm\u0259k olar: Erm\u0259nistan \u2013 Az\u0259rbaycan, Da\u011fl\u0131q Qaraba\u011f m\u00fcnaqi\u015f\u0259sind\u0259 son durum v\u0259 Az\u0259rbaycan\u0131n u\u011furlu inki\u015faf prosesi.<\/p>\n<p>Az\u0259rbaycan Prezidenti Serj Sarkisyan\u0131 BMT-d\u0259 if\u015fa ed\u0259r\u0259k b\u0259yan etdi ki, Az\u0259rbaycan m\u00fcnaqi\u015f\u0259nin s\u00fclh yolu il\u0259 h\u0259llin\u0259 sadiqdir, lakin eyni zamanda, Erm\u0259nistan h\u0259rbi t\u0259xribat\u0131 davam ed\u0259rs\u0259, \u00f6lk\u0259miz BMT-nin xartiyas\u0131na uy\u011fun olaraq, \u00f6z v\u0259t\u0259nda\u015flar\u0131n\u0131 qoruyacaq v\u0259 laz\u0131m g\u0259l\u0259rs\u0259 t\u0259cav\u00fczkar\u0131 2016-ci ilin aprelind\u0259 oldu\u011fu kimi yenid\u0259n c\u0259zaland\u0131racaq.<\/p>\n<p>Prezident \u0130lham \u018fliyevin \u00e7\u0131x\u0131\u015f\u0131n\u0131n \u0259n \u0259lam\u0259tdar m\u0259qamlar\u0131ndan biri d\u0259 onun d\u00fcnya liderin\u0259, \u0259slind\u0259 is\u0259 b\u00fct\u00fcn d\u00fcnya ictimaiyy\u0259tin\u0259 \u00f6lk\u0259l\u0259rin inki\u015faf, xalqlar\u0131n is\u0259 xo\u015fb\u0259xtlik formulu il\u0259 ba\u011fl\u0131 mesaj\u0131 oldu:<\/p>\n<p>Prezident \u0130lham \u018fliyev AB\u015e-a s\u0259f\u0259ri \u00e7\u0259r\u00e7iv\u0259sind\u0259 bir s\u0131ra s\u0259m\u0259r\u0259li g\u00f6r\u00fc\u015fl\u0259r ke\u00e7irdi. AB\u015e Prezidenti Donald Trampla, BMT-nin Ba\u015f katibi\u00a0 Antonio Quttere\u015fl\u0259 v\u0259 dig\u0259r siyasi xadiml\u0259rl\u0259 g\u00f6r\u00fc\u015f\u00fc Az\u0259rbaycan\u0131n\u00a0 d\u00fcnya arenas\u0131nda qazand\u0131\u011f\u0131 n\u00fcfuz\u00addan x\u0259b\u0259r verir.<\/p>\n<p>&nbsp;<\/p>\n<p>&nbsp;<\/p>\n<p>&nbsp;<\/p>\n","protected":false},"excerpt":{"rendered":"<p>Nyu-Yorkda ke\u00e7iril\u0259n BMT-nin Ba\u015f Assambleyas\u0131n\u0131n 72-ci sessiyas\u0131 Az\u0259rbaycan d\u00f6vl\u0259tinin xarici siyas\u0259tinin, x\u00fcsusil\u0259 d\u0259 Prezident \u0130lham \u018fliyevin u\u011furlu diplomatiyas\u0131n\u0131n n\u00f6vb\u0259ti parlaq s\u0259hif\u0259si kimi tarix\u0259 yaz\u0131ld\u0131. Qlobal informasiya sava\u015f\u0131nda m\u00f6ht\u0259\u015f\u0259m z\u0259f\u0259r\u0259 imza atan Az\u0259rbaycan Prezidenti d\u00fcnyan\u0131n \u0259n b\u00f6y\u00fck ali tribunas\u0131ndan f\u00f6vq\u0259lg\u00fccl\u0259r\u0259 m\u00fch\u00fcm mesajlar verdi. Az\u0259rbaycan Prezidentinin c\u0259sar\u0259tli \u00e7\u0131x\u0131\u015f\u0131, BMT kimi n\u00fcfuzlu qurumun ali k\u00fcrsus\u00fcnd\u0259n beyn\u0259lxalq t\u0259\u015fkilatlara v\u0259 [&hellip;]<\/p>\n","protected":false},"author":2,"featured_media":0,"comment_status":"closed","ping_status":"closed","sticky":false,"template":"","format":"standard","meta":[],"categories":[10],"tags":[20],"_links":{"self":[{"href":"https:\/\/yeniterter.az\/index.php?rest_route=\/wp\/v2\/posts\/7622"}],"collection":[{"href":"https:\/\/yeniterter.az\/index.php?rest_route=\/wp\/v2\/posts"}],"about":[{"href":"https:\/\/yeniterter.az\/index.php?rest_route=\/wp\/v2\/types\/post"}],"author":[{"embeddable":true,"href":"https:\/\/yeniterter.az\/index.php?rest_route=\/wp\/v2\/users\/2"}],"replies":[{"embeddable":true,"href":"https:\/\/yeniterter.az\/index.php?rest_route=%2Fwp%2Fv2%2Fcomments&post=7622"}],"version-history":[{"count":0,"href":"https:\/\/yeniterter.az\/index.php?rest_route=\/wp\/v2\/posts\/7622\/revisions"}],"wp:attachment":[{"href":"https:\/\/yeniterter.az\/index.php?rest_route=%2Fwp%2Fv2%2Fmedia&parent=7622"}],"wp:term":[{"taxonomy":"category","embeddable":true,"href":"https:\/\/yeniterter.az\/index.php?rest_route=%2Fwp%2Fv2%2Fcategories&post=7622"},{"taxonomy":"post_tag","embeddable":true,"href":"https:\/\/yeniterter.az\/index.php?rest_route=%2Fwp%2Fv2%2Ftags&post=7622"}],"curies":[{"name":"wp","href":"https:\/\/api.w.org\/{rel}","templated":true}]}}