{"id":7470,"date":"2017-09-20T10:38:13","date_gmt":"2017-09-20T07:38:13","guid":{"rendered":"http:\/\/www.yeniterter.az\/?p=7470"},"modified":"2017-09-20T10:38:13","modified_gmt":"2017-09-20T07:38:13","slug":"asiq-%c9%99l%c9%99sg%c9%99r-cavansir-q%c9%99zasinda","status":"publish","type":"post","link":"https:\/\/yeniterter.az\/?p=7470","title":{"rendered":"A\u015eIQ \u018fL\u018fSG\u018fR CAVAN\u015e\u0130R Q\u018fZASINDA"},"content":{"rendered":"<p><img decoding=\"async\" loading=\"lazy\" class=\" wp-image-7471 alignleft\" src=\"http:\/\/www.yeniterter.az\/wp-content\/uploads\/240px-Ashig_Alesger-226x300.jpg\" alt=\"240px-Ashig_Alesger\" width=\"99\" height=\"132\" srcset=\"https:\/\/yeniterter.az\/wp-content\/uploads\/240px-Ashig_Alesger-226x300.jpg 226w, https:\/\/yeniterter.az\/wp-content\/uploads\/240px-Ashig_Alesger.jpg 240w\" sizes=\"(max-width: 99px) 100vw, 99px\" \/>A\u015f\u0131q \u018fl\u0259sg\u0259r G\u00f6yc\u0259 mahal\u0131n\u0131n A\u011fkils\u0259 k\u0259ndind\u0259 t\u0259xmin\u0259n 1821-ci ild\u0259 anadan olub. Ail\u0259nin b\u00f6y\u00fck u\u015fa\u011f\u0131 olan \u018fl\u0259sg\u0259ri atas\u0131 Alm\u0259mm\u0259d ki\u015fi K\u0259rbalay\u0131 Qurbana k\u00f6m\u0259k\u00e7i verir. Bir q\u0259d\u0259rd\u0259n sonra K\u0259rbalay\u0131 Qurban\u0131n yegan\u0259 \u00f6vlad\u0131 S\u0259hn\u0259banu il\u0259 \u018fl\u0259sg\u0259r aras\u0131nda m\u0259h\u0259bb\u0259t yaran\u0131r. Bu m\u0259h\u0259bb\u0259tin pozulmas\u0131 \u00f6mr\u00fc boyu \u018fl\u0259sg\u0259r yarad\u0131c\u0131l\u0131\u011f\u0131nda \u00f6z \u0259ksini tap\u0131r.<br \/>\nA\u015f\u0131q \u018fl\u0259sg\u0259r \u00e7ox iti hafiz\u0259y\u0259, fit-ri istedada malik olub. \u018fn n\u0259cib insani kefiyy\u0259tl\u0259ri \u00f6z\u00fcnd\u0259 birl\u0259\u015fdir\u0259n ustad b\u00f6y\u00fck h\u00f6rm\u0259tl\u0259 bir \u0259srd\u0259n art\u0131q \u00f6m\u00fcr s\u00fcr\u00fcb. 1905-ci v\u0259 1918-ci ill\u0259rd\u0259 G\u00f6yc\u0259nin erm\u0259nil\u0259r t\u0259r\u0259find\u0259n da\u011f\u0131lmas\u0131 mahalda a\u011f\u0131r b\u00f6hran yarad\u0131r. Var-d\u00f6vl\u0259ti talan edilmi\u015f qoca a\u015f\u0131q isti yuvas\u0131ndan did\u0259rgin sal\u0131n\u0131r. A\u015f\u0131q bu a\u011f\u0131r k\u0259d\u0259ri \u00f6z qo\u015fmalar\u0131nda ifad\u0259 edir:<!--more--><br \/>\n<strong>Nec\u0259 oldu atam, n\u0259 oldu anam?<\/strong><br \/>\n<strong>Pozuldu n\u00f6vra\u011f\u0131m, da\u011f\u0131ld\u0131 qalam.<\/strong><br \/>\n<strong>Y\u0131\u011f\u0131ld\u0131 barxanam, y\u00fckl\u0259ndi qaflam, <\/strong><br \/>\n<strong>Bu yurddan o yurda k\u00f6\u00e7\u00fcr\u0259m bu g\u00fcn.<\/strong><br \/>\nA\u015f\u0131q \u018fl\u0259sg\u0259r 1923-c\u00fc ild\u0259n o vaxtk\u0131 Cavan\u015fir q\u0259zas\u0131n\u0131n Yan\u015faq k\u0259ndin\u0259 g\u0259lir. Onu da deyim ki, 1934-c\u00fc il\u0259 qd\u0259r indiki T\u0259rt\u0259r Cavan\u015fir q\u0259zas\u0131 (s\u0259rk\u0259rd\u0259 Cavan\u015firin ad\u0131 il\u0259) adland\u0131r\u0131l\u0131rd\u0131 v\u0259 K\u0259lb\u0259c\u0259r rayonunun bir hiss\u0259si bu q\u0259zan\u0131n t\u0259rkibin\u0259 daxil idi.<br \/>\nBurada a\u015f\u0131q Yan\u015faq k\u0259ndinin varl\u0131 sakini H\u00fcseynal\u0131 ki\u015fiy\u0259 d\u0259yirman\u00e7\u0131l\u0131q edir. H\u0259min vaxtlarda qoca a\u015f\u0131q yarad\u0131c\u0131l\u0131\u011f\u0131nda da qalm\u0131r. D\u0259d\u0259 \u018fl\u0259sg\u0259r \u00f6mr\u00fcn\u00fcn sonuna q\u0259d\u0259r h\u0259yatda g\u00f6d\u00fckl\u0259rini, xalq\u0131n g\u00f6r\u00fcnm\u0259z b\u0259lalar\u0131n\u0131 \u00fcmumil\u0259\u015fdirib \u015feir dili il\u0259 ifad\u0259 edir:<br \/>\n<strong>Dad s\u0259nin \u0259lind\u0259n \u00e7\u0259rxi k\u0259cr\u0259ftar, <\/strong><br \/>\n<strong>\u00dcr\u0259yimd\u0259 min sa\u011falmaz yaram var.<\/strong><br \/>\n<strong>A\u015f\u0131q d\u0259yirmanc\u0131, a\u011fa carvadar,<\/strong><br \/>\n<strong>S\u0259rraf g\u0259lsin bu bazara dolans\u0131n.<\/strong><br \/>\nA\u015f\u0131\u011f\u0131n \u015f\u0259yirdl\u0259ri daim onu izl\u0259mi\u015f, h\u0259yat\u0131nda ba\u015f ver\u0259n b\u00fct\u00fcn hadis\u0259l\u0259ri yadda\u015flar\u0131na k\u00f6\u00e7\u00fcrm\u00fc\u015fl\u0259r. A\u015f\u0131\u011f\u0131n \u201cAd olmaz\u201d, \u201cP\u0259ri\u015fan eyl\u0259r\u201d, \u201cG\u0259r\u0259kdir\u201d, \u201cYax\u015f\u0131d\u0131r\u201d v\u0259 ba\u015fqa f\u0259ls\u0259fi, n\u0259sih\u0259tamiz qo\u015fmalar\u0131 dil\u0259-a\u011f\u0131za d\u00fc\u015fm\u00fc\u015fd\u00fcr. B\u00f6y\u00fck s\u0259n\u0259kar Cavan\u015fir q\u0259zas\u0131nda iki il ya\u015fam\u0131\u015f, 1925-ci ild\u0259 yenid\u0259n G\u00f6yc\u0259y\u0259 qay\u0131tm\u0131\u015fd\u0131r.<\/p>\n<p style=\"text-align: right;\"><strong><em>N\u00fcbar M\u018fD\u018fTL\u0130,<\/em><\/strong><br \/>\n<strong><em>Azadqaraqoyunlu k\u0259ndi <\/em><\/strong><\/p>\n","protected":false},"excerpt":{"rendered":"<p>A\u015f\u0131q \u018fl\u0259sg\u0259r G\u00f6yc\u0259 mahal\u0131n\u0131n A\u011fkils\u0259 k\u0259ndind\u0259 t\u0259xmin\u0259n 1821-ci ild\u0259 anadan olub. Ail\u0259nin b\u00f6y\u00fck u\u015fa\u011f\u0131 olan \u018fl\u0259sg\u0259ri atas\u0131 Alm\u0259mm\u0259d ki\u015fi K\u0259rbalay\u0131 Qurbana k\u00f6m\u0259k\u00e7i verir. Bir q\u0259d\u0259rd\u0259n sonra K\u0259rbalay\u0131 Qurban\u0131n yegan\u0259 \u00f6vlad\u0131 S\u0259hn\u0259banu il\u0259 \u018fl\u0259sg\u0259r aras\u0131nda m\u0259h\u0259bb\u0259t yaran\u0131r. Bu m\u0259h\u0259bb\u0259tin pozulmas\u0131 \u00f6mr\u00fc boyu \u018fl\u0259sg\u0259r yarad\u0131c\u0131l\u0131\u011f\u0131nda \u00f6z \u0259ksini tap\u0131r. A\u015f\u0131q \u018fl\u0259sg\u0259r \u00e7ox iti hafiz\u0259y\u0259, fit-ri istedada malik olub. [&hellip;]<\/p>\n","protected":false},"author":2,"featured_media":0,"comment_status":"closed","ping_status":"closed","sticky":false,"template":"","format":"standard","meta":[],"categories":[10],"tags":[20],"_links":{"self":[{"href":"https:\/\/yeniterter.az\/index.php?rest_route=\/wp\/v2\/posts\/7470"}],"collection":[{"href":"https:\/\/yeniterter.az\/index.php?rest_route=\/wp\/v2\/posts"}],"about":[{"href":"https:\/\/yeniterter.az\/index.php?rest_route=\/wp\/v2\/types\/post"}],"author":[{"embeddable":true,"href":"https:\/\/yeniterter.az\/index.php?rest_route=\/wp\/v2\/users\/2"}],"replies":[{"embeddable":true,"href":"https:\/\/yeniterter.az\/index.php?rest_route=%2Fwp%2Fv2%2Fcomments&post=7470"}],"version-history":[{"count":0,"href":"https:\/\/yeniterter.az\/index.php?rest_route=\/wp\/v2\/posts\/7470\/revisions"}],"wp:attachment":[{"href":"https:\/\/yeniterter.az\/index.php?rest_route=%2Fwp%2Fv2%2Fmedia&parent=7470"}],"wp:term":[{"taxonomy":"category","embeddable":true,"href":"https:\/\/yeniterter.az\/index.php?rest_route=%2Fwp%2Fv2%2Fcategories&post=7470"},{"taxonomy":"post_tag","embeddable":true,"href":"https:\/\/yeniterter.az\/index.php?rest_route=%2Fwp%2Fv2%2Ftags&post=7470"}],"curies":[{"name":"wp","href":"https:\/\/api.w.org\/{rel}","templated":true}]}}