{"id":7461,"date":"2017-09-08T12:29:17","date_gmt":"2017-09-08T09:29:17","guid":{"rendered":"http:\/\/www.yeniterter.az\/?p=7461"},"modified":"2017-09-08T12:29:17","modified_gmt":"2017-09-08T09:29:17","slug":"mehriban-xanimi-t%c9%99rt%c9%99rd%c9%99-cox-sevirl%c9%99r","status":"publish","type":"post","link":"https:\/\/yeniterter.az\/?p=7461","title":{"rendered":"MEHR\u0130BAN  XANIMI  T\u018fRT\u018fRD\u018f  \u00c7OX   SEV\u0130RL\u018fR"},"content":{"rendered":"<p><img decoding=\"async\" loading=\"lazy\" class=\" wp-image-7462 alignleft\" src=\"http:\/\/www.yeniterter.az\/wp-content\/uploads\/14890593315818035388_1000x669-300x217.jpg\" alt=\"14890593315818035388_1000x669\" width=\"176\" height=\"127\" srcset=\"https:\/\/yeniterter.az\/wp-content\/uploads\/14890593315818035388_1000x669-300x217.jpg 300w, https:\/\/yeniterter.az\/wp-content\/uploads\/14890593315818035388_1000x669-768x554.jpg 768w, https:\/\/yeniterter.az\/wp-content\/uploads\/14890593315818035388_1000x669.jpg 927w\" sizes=\"(max-width: 176px) 100vw, 176px\" \/><strong><em>Mehriban xan\u0131m \u018fliyevan\u0131 b\u00fct\u00fcn Az\u0259rbaycan sevir. T\u0259rt\u0259rd\u0259 d\u0259 \u00f6lk\u0259nin Birinci vitse-prezidentin\u0259 x\u00fcsusi do\u011fma m\u00fcnasib\u0259t var. Deyirl\u0259r ki, \u0259sl do\u011fmal\u0131q \u00e7\u0259tin g\u00fcnd\u0259 bilinir. \u00d6t\u0259n ilin aprel hadis\u0259l\u0259ri zaman\u0131 biz bunun \u015fahidi olduq. Erm\u0259ni quldurlar\u0131n\u0131n a\u00e7d\u0131qlar\u0131 artilleriya at\u0259\u015fl\u0259ri n\u0259tic\u0259sind\u0259 evl\u0259ri da\u011f\u0131lm\u0131\u015f, b\u00f6y\u00fck \u00e7\u0259tinlikl\u0259rl\u0259 \u00fczl\u0259\u015fmi\u015f insanlar Az\u0259rbaycan Respublikas\u0131n\u0131n Prezidenti \u0130lham \u018fliyevi v\u0259 \u00f6lk\u0259nin Birinci vitse-prezidenti Mehriban xan\u0131m \u018fliyevan\u0131 T\u0259rt\u0259rd\u0259 \u00f6z h\u0259y\u0259tl\u0259rind\u0259 g\u00f6r\u0259nd\u0259, inand\u0131lar ki, onlar t\u0259k deyill\u0259r. H\u0259r bir \u015fey \u0259vv\u0259lkind\u0259n d\u0259 yax\u015f\u0131 olacaq. Prezident \u0130lham \u018fliyevin v\u0259 Mehriban xan\u0131m\u0131n sakinl\u0259rl\u0259 g\u00f6r\u00fc\u015f\u00fc zaman\u0131 t\u0259la\u015f, h\u0259y\u0259can hissl\u0259ri sevincl\u0259 \u0259v\u0259z olunurdu.<\/em><\/strong><br \/>\n<strong><em>H\u0259min unudulmaz g\u00fcnd\u0259 q\u0131z\u0131 Elmira S\u0259f\u0259rovan\u0131n z\u0259hm\u0259t bahas\u0131na tikdirdiyi evin qal\u0131qlar\u0131n\u0131n yan\u0131nda Maya n\u0259n\u0259 \u0259sl \u00f6vlad m\u0259h\u0259bb\u0259ti il\u0259 onu qucaqlayan bu b\u00f6y\u00fck, xeyirxah insanlara demi\u015fdi: <\/em><\/strong><br \/>\n<strong><em>\u2013D\u00fc\u015fm\u0259nimiz \u00e7ox q\u0259ddar v\u0259 m\u0259krlidir. Ancaq onlar e\u015fitsinl\u0259r ki, evimizi da\u011f\u0131da bil\u0259rl\u0259r, biz\u0259 maddi ziyan vurarlar, lakin \u00fcr\u0259yimizd\u0259ki inam hissini, d\u00f6vl\u0259timiz\u0259, \u00f6lk\u0259mizin ba\u015f\u00e7\u0131s\u0131na, Mehriban xan\u0131ma olan m\u0259h\u0259bb\u0259ti azaltmaq m\u00fcmk\u00fcn deyil.<\/em><\/strong><!--more--><br \/>\n<em><strong>El\u0259 bu inam v\u0259 m\u0259h\u0259bb\u0259tin n\u0259tic\u0259si olaraq T\u0259rt\u0259r \u015f\u0259h\u0259rind\u0259 v\u0259 rayonun k\u0259ndl\u0259rind\u0259 aprel hadis\u0259l\u0259ri zaman\u0131 da\u011f\u0131lm\u0131\u015f evl\u0259r Prezident \u0130lham \u018fliyevin s\u0259r\u0259ncam\u0131 \u0259sas\u0131nda ayr\u0131lm\u0131\u015f v\u0259sait hesab\u0131na \u00e7ox q\u0131sa bir zamanda b\u0259rpa olundu. <\/strong><\/em><br \/>\n<em><strong>H\u0259min ilin dekabr ay\u0131nda T\u0259rt\u0259r\u0259 ikinci s\u0259f\u0259rl\u0259ri zaman\u0131 Prezident \u0130lham \u018fliyev v\u0259 Birinci Vitse-Prezident Mehriban xan\u0131m \u018fliyeva Maya n\u0259n\u0259 il\u0259 art\u0131q yenid\u0259n tikilmi\u015f, \u00e7ox yara\u015f\u0131ql\u0131 bir evd\u0259 g\u00f6r\u00fc\u015fd\u00fcl\u0259r. Sad\u0259, z\u0259hm\u0259tke\u015f bir ail\u0259nin \u00fczvl\u0259ri d\u00f6vl\u0259t r\u0259hb\u0259rl\u0259ri il\u0259 bir s\u00fcfr\u0259d\u0259 \u0259yl\u0259\u015fib onlar\u0131n xeyir-duas\u0131n\u0131 ald\u0131lar. Bu ail\u0259 kimi minl\u0259rl\u0259 t\u0259rt\u0259rli \u00fc\u00e7\u00fcn, milyonlarla az\u0259rbaycanl\u0131dan \u00f6tr\u00fc Mehriban xan\u0131m n\u0259cibliyin, xeyirxahl\u0131\u011f\u0131n, humanizmin timsal\u0131d\u0131r.<\/strong><\/em><br \/>\n<em><strong>Apreld\u0259 ba\u015f ver\u0259n 5 g\u00fcnl\u00fck m\u00fcharib\u0259d\u0259 T\u0259rt\u0259r rayonu da \u015f\u0259hid verdi. \u0130sg\u0259nd\u0259rovlar ail\u0259si il\u0259 birlikd\u0259 ham\u0131m\u0131z bu itkinin ac\u0131s\u0131n\u0131 ya\u015fad\u0131q. H\u0259min g\u00fcnl\u0259rd\u0259 Az\u0259rbaycan\u0131n Birinci vitse-prezidenti Mehriban xan\u0131m \u018fliyeva aprel hadis\u0259l\u0259ri zaman\u0131 h\u0259lak olanlar\u0131n ruhlar\u0131na h\u00f6rm\u0259t olaraq Heyd\u0259r M\u0259scidind\u0259 ehsan verdi, burada \u015f\u0259hid ana v\u0259 bac\u0131lar\u0131, h\u0259yat yolda\u015flar\u0131 il\u0259 g\u00f6r\u00fc\u015fd\u00fc. M\u0259rasimd\u0259 i\u015ftirak ed\u0259n \u015f\u0259hid Nicat \u0130sg\u0259nd\u0259rovun anas\u0131 Maya \u0130sg\u0259nd\u0259rova deyir ki, Mehriban xan\u0131m bu d\u0259rdi \u00f6z d\u0259rdi kimi q\u0259bul edir, o, h\u0259lak olan h\u0259r bir \u015f\u0259hidin anas\u0131, bac\u0131s\u0131d\u0131r. \u00c7\u0259tin g\u00fcnd\u0259 insana m\u0259n\u0259vi dayaq, yerin\u0259 d\u00fc\u015f\u0259n t\u0259s\u0259lli d\u00fcnyan\u0131n b\u00fct\u00fcn maddi nem\u0259tl\u0259rind\u0259n \u00fcst\u00fcnd\u00fcr.<\/strong><\/em><br \/>\n<em><strong>Mehriban xan\u0131m \u018fliyeva qa\u00e7q\u0131n v\u0259 m\u0259cburi k\u00f6\u00e7k\u00fcn ail\u0259l\u0259rind\u0259 d\u0259 b\u00f6y\u00fck bir m\u0259h\u0259bb\u0259tl\u0259 sevil\u0259n insand\u0131r. Rayonumuzun \u015e\u0131xarx q\u0259s\u0259b\u0259sind\u0259, \u00c7ayl\u0131, H\u0259s\u0259nqaya k\u0259ndl\u0259rind\u0259 bu t\u0259b\u0259q\u0259d\u0259n olan v\u0259 aprel hadis\u0259l\u0259ri zaman\u0131 evl\u0259ri da\u011f\u0131lan insanlarla g\u00f6r\u00fc\u015fl\u0259rimiz zaman\u0131 biz bunun \u015fahidi olduq. Yeni evl\u0259r\u0259 k\u00f6\u00e7\u0259n ail\u0259l\u0259rin h\u0259r birind\u0259 d\u00f6vl\u0259t ba\u015f\u00e7\u0131s\u0131na, \u00f6lk\u0259nin Birinci vitse-prezidentin\u0259 minn\u0259tdarl\u0131q etdil\u0259r, raz\u0131l\u0131qlar\u0131n\u0131 bildirdil\u0259r.<\/strong><\/em><br \/>\n<em><strong>K\u00f6rp\u0259 ya\u015flar\u0131ndan ata-ana qay\u011f\u0131s\u0131ndan m\u0259hrum olan u\u015faqlar onu \u00f6z analar\u0131, h\u0259yat\u0131n\u0131n ixtiyar \u00e7a-\u011f\u0131n\u0131 qocalar evind\u0259 ke\u00e7ir\u0259nl\u0259r \u00f6vlad\u0131, \u015f\u0259hid analar\u0131 bac\u0131 hesab edirl\u0259r. O, h\u0259r birimizin, xalq\u0131m\u0131z\u0131n q\u00fcruru, f\u0259xridir.<\/strong><\/em><\/p>\n<p style=\"text-align: right;\"><strong><em>Svetlana BA\u011eIROVA<\/em><\/strong><\/p>\n","protected":false},"excerpt":{"rendered":"<p>Mehriban xan\u0131m \u018fliyevan\u0131 b\u00fct\u00fcn Az\u0259rbaycan sevir. T\u0259rt\u0259rd\u0259 d\u0259 \u00f6lk\u0259nin Birinci vitse-prezidentin\u0259 x\u00fcsusi do\u011fma m\u00fcnasib\u0259t var. Deyirl\u0259r ki, \u0259sl do\u011fmal\u0131q \u00e7\u0259tin g\u00fcnd\u0259 bilinir. \u00d6t\u0259n ilin aprel hadis\u0259l\u0259ri zaman\u0131 biz bunun \u015fahidi olduq. Erm\u0259ni quldurlar\u0131n\u0131n a\u00e7d\u0131qlar\u0131 artilleriya at\u0259\u015fl\u0259ri n\u0259tic\u0259sind\u0259 evl\u0259ri da\u011f\u0131lm\u0131\u015f, b\u00f6y\u00fck \u00e7\u0259tinlikl\u0259rl\u0259 \u00fczl\u0259\u015fmi\u015f insanlar Az\u0259rbaycan Respublikas\u0131n\u0131n Prezidenti \u0130lham \u018fliyevi v\u0259 \u00f6lk\u0259nin Birinci vitse-prezidenti Mehriban xan\u0131m \u018fliyevan\u0131 [&hellip;]<\/p>\n","protected":false},"author":2,"featured_media":0,"comment_status":"closed","ping_status":"closed","sticky":false,"template":"","format":"standard","meta":[],"categories":[10],"tags":[20],"_links":{"self":[{"href":"https:\/\/yeniterter.az\/index.php?rest_route=\/wp\/v2\/posts\/7461"}],"collection":[{"href":"https:\/\/yeniterter.az\/index.php?rest_route=\/wp\/v2\/posts"}],"about":[{"href":"https:\/\/yeniterter.az\/index.php?rest_route=\/wp\/v2\/types\/post"}],"author":[{"embeddable":true,"href":"https:\/\/yeniterter.az\/index.php?rest_route=\/wp\/v2\/users\/2"}],"replies":[{"embeddable":true,"href":"https:\/\/yeniterter.az\/index.php?rest_route=%2Fwp%2Fv2%2Fcomments&post=7461"}],"version-history":[{"count":0,"href":"https:\/\/yeniterter.az\/index.php?rest_route=\/wp\/v2\/posts\/7461\/revisions"}],"wp:attachment":[{"href":"https:\/\/yeniterter.az\/index.php?rest_route=%2Fwp%2Fv2%2Fmedia&parent=7461"}],"wp:term":[{"taxonomy":"category","embeddable":true,"href":"https:\/\/yeniterter.az\/index.php?rest_route=%2Fwp%2Fv2%2Fcategories&post=7461"},{"taxonomy":"post_tag","embeddable":true,"href":"https:\/\/yeniterter.az\/index.php?rest_route=%2Fwp%2Fv2%2Ftags&post=7461"}],"curies":[{"name":"wp","href":"https:\/\/api.w.org\/{rel}","templated":true}]}}