{"id":7397,"date":"2017-08-31T16:46:47","date_gmt":"2017-08-31T13:46:47","guid":{"rendered":"http:\/\/www.yeniterter.az\/?p=7397"},"modified":"2017-08-31T16:56:04","modified_gmt":"2017-08-31T13:56:04","slug":"az%c9%99rbaycan-respublikasinin-bas-nazirinin-muavini-%c9%99li-h%c9%99s%c9%99nov-t%c9%99rt%c9%99rd%c9%99","status":"publish","type":"post","link":"https:\/\/yeniterter.az\/?p=7397","title":{"rendered":"AZ\u018fRBAYCAN RESPUBL\u0130KASININ BA\u015e NAZ\u0130R\u0130N\u0130N M\u00dcAV\u0130N\u0130 \u018fL\u0130 H\u018fS\u018fNOV T\u018fRT\u018fRD\u018f"},"content":{"rendered":"<p><img decoding=\"async\" loading=\"lazy\" class=\" wp-image-7373 alignleft\" src=\"http:\/\/www.yeniterter.az\/wp-content\/uploads\/T-9-\u041a\u043e\u043f\u0438\u0440\u043e\u0432\u0430\u0442\u044c-300x200.jpg\" alt=\"T-9 (\u041a\u043e\u043f\u0438\u0440\u043e\u0432\u0430\u0442\u044c)\" width=\"162\" height=\"108\" srcset=\"https:\/\/yeniterter.az\/wp-content\/uploads\/T-9-\u041a\u043e\u043f\u0438\u0440\u043e\u0432\u0430\u0442\u044c-300x200.jpg 300w, https:\/\/yeniterter.az\/wp-content\/uploads\/T-9-\u041a\u043e\u043f\u0438\u0440\u043e\u0432\u0430\u0442\u044c-768x512.jpg 768w, https:\/\/yeniterter.az\/wp-content\/uploads\/T-9-\u041a\u043e\u043f\u0438\u0440\u043e\u0432\u0430\u0442\u044c-1024x683.jpg 1024w, https:\/\/yeniterter.az\/wp-content\/uploads\/T-9-\u041a\u043e\u043f\u0438\u0440\u043e\u0432\u0430\u0442\u044c.jpg 1500w\" sizes=\"(max-width: 162px) 100vw, 162px\" \/><img decoding=\"async\" loading=\"lazy\" class=\" wp-image-7372 alignright\" src=\"http:\/\/www.yeniterter.az\/wp-content\/uploads\/feedf8c2f46fbf802fd583c2a547c139-300x200.jpg\" alt=\"feedf8c2f46fbf802fd583c2a547c139\" width=\"166\" height=\"111\" srcset=\"https:\/\/yeniterter.az\/wp-content\/uploads\/feedf8c2f46fbf802fd583c2a547c139-300x200.jpg 300w, https:\/\/yeniterter.az\/wp-content\/uploads\/feedf8c2f46fbf802fd583c2a547c139-768x512.jpg 768w, https:\/\/yeniterter.az\/wp-content\/uploads\/feedf8c2f46fbf802fd583c2a547c139-1024x683.jpg 1024w, https:\/\/yeniterter.az\/wp-content\/uploads\/feedf8c2f46fbf802fd583c2a547c139.jpg 1500w\" sizes=\"(max-width: 166px) 100vw, 166px\" \/>Ba\u015f nazirin m\u00fcavini T\u0259rt\u0259r, A\u011fdam, La\u00e7\u0131n v\u0259 K\u0259lb\u0259c\u0259r Rayon \u0130cra hakimiyy\u0259tl\u0259rinin ba\u015f\u00e7\u0131lar\u0131 v\u0259 ya\u015fay\u0131\u015f m\u0259h\u0259ll\u0259sinin tikintisind\u0259 \u00e7al\u0131\u015fan \u015firk\u0259tl\u0259rin r\u0259hb\u0259rl\u0259ri il\u0259 birlikd\u0259 tikinti sah\u0259sin\u0259 bax\u0131\u015f ke\u00e7irib, i\u015fl\u0259rin vaxt\u0131nda v\u0259 y\u00fcks\u0259k keyfiyy\u0259tl\u0259 ba\u015fa \u00e7atd\u0131r\u0131lmas\u0131 il\u0259 ba\u011fl\u0131 konkret tap\u015f\u0131r\u0131qlar verib.<br \/>\nBildirilib ki, 1176 m\u0259cburi k\u00f6\u00e7k\u00fcn ail\u0259sinin m\u0259nzil-m\u0259i\u015f\u0259t \u015f\u0259raitinin yax\u015f\u0131la\u015fd\u0131r\u0131lmas\u0131 m\u0259q-s\u0259dil\u0259 b\u00fct\u00fcn z\u0259ruri sosial-texniki infrastruktur obyektl\u0259ri il\u0259 birlikd\u0259 sal\u0131nan ya\u015fay\u0131\u015f m\u0259h\u0259ll\u0259sinin tikintisind\u0259 son tamamlama i\u015fl\u0259ri g\u00f6r\u00fcl\u00fcr. Layih\u0259y\u0259 \u0259sas\u0259n ya\u015fay\u0131\u015f m\u0259h\u0259ll\u0259sind\u0259 h\u0259r biri d\u00f6rdm\u0259rt\u0259b\u0259li olmaqla, 34 ya\u015fay\u0131\u015f binas\u0131, 1200 \u015fagird yerlik m\u0259kt\u0259b, 280 yerlik u\u015faq ba\u011f\u00e7as\u0131, musiqi m\u0259kt\u0259bi, h\u0259kim m\u0259nt\u0259q\u0259si, inzibati bina, klub icma m\u0259rk\u0259zi, Avtomat Telefon Stansiyas\u0131 in\u015fa edilib. Binalardak\u0131 m\u0259nzill\u0259rin 120-si bir, 504-\u00fc iki, 472-si \u00fc\u00e7, 80-i d\u00f6rdotaql\u0131 olacaq. M\u0259h\u0259ll\u0259d\u0259 in\u015faat i\u015fl\u0259rinin bu ilin sentyabr ay\u0131nda ba\u015fa \u00e7atd\u0131r\u0131lmas\u0131 n\u0259z\u0259rd\u0259 tutulur.<!--more--><br \/>\n<img decoding=\"async\" loading=\"lazy\" class=\" wp-image-7374 alignleft\" src=\"http:\/\/www.yeniterter.az\/wp-content\/uploads\/T25-300x200.jpg\" alt=\"T25\" width=\"153\" height=\"102\" srcset=\"https:\/\/yeniterter.az\/wp-content\/uploads\/T25-300x200.jpg 300w, https:\/\/yeniterter.az\/wp-content\/uploads\/T25-768x511.jpg 768w, https:\/\/yeniterter.az\/wp-content\/uploads\/T25.jpg 1000w\" sizes=\"(max-width: 153px) 100vw, 153px\" \/>Ba\u015f nazirin m\u00fcavini \u018fli H\u0259s\u0259nov in\u015faat i\u015fl\u0259rinin gedi\u015fi il\u0259 yax\u0131ndan tan\u0131\u015f olduqdan sonra tikinti \u015firk\u0259tl\u0259rinin r\u0259hb\u0259rl\u0259rinin i\u015ftirak\u0131 il\u0259 m\u00fc\u015favir\u0259 ke\u00e7irib.<br \/>\nTikinti \u015firk\u0259tl\u0259rinin n\u00fcmay\u0259nd\u0259l\u0259ri in\u015faat i\u015fl\u0259rinin gedi\u015find\u0259 he\u00e7 bir problemin yaranmad\u0131\u011f\u0131n\u0131 diqq\u0259t\u0259 \u00e7atd\u0131r\u0131blar.<br \/>\n\u018fli H\u0259s\u0259nov jurnalistl\u0259r\u0259 m\u00fcsahib\u0259sind\u0259 bildirib ki, T\u0259rt\u0259r rayonunda 50 hektar \u0259razid\u0259 in\u015fa edil\u0259n ya\u015fay\u0131\u015f m\u0259h\u0259ll\u0259si son 10 ild\u0259 Prezident \u0130lham \u018fliyevin tap\u015f\u0131r\u0131\u011f\u0131 il\u0259 m\u0259cburi k\u00f6\u00e7k\u00fcnl\u0259r \u00fc\u00e7\u00fcn tikil\u0259n q\u0259s\u0259b\u0259l\u0259rin \u0259n b\u00f6y\u00fcy\u00fcd\u00fcr. Ya\u015fay\u0131\u015f m\u0259h\u0259ll\u0259sind\u0259 orta m\u0259kt\u0259b binas\u0131 yeni layih\u0259 \u0259sas\u0131nda in\u015fa edilir. U\u015faq ba\u011f\u00e7as\u0131, musiqi m\u0259kt\u0259bi, klub icma m\u0259rk\u0259zi, inzibati bina, tibb m\u0259nt\u0259q\u0259si y\u00fcks\u0259k s\u0259viyy\u0259d\u0259 tikilib. Ya\u015fay\u0131\u015f m\u0259h\u0259ll\u0259sinin t\u0259hvil verilm\u0259si, burada yarad\u0131lan infrastruktur T\u0259rt\u0259r rayonu \u00fc\u00e7\u00fcn \u00e7ox g\u00f6z\u0259l bir obyekt olacaq. Ya\u015fay\u0131\u015f m\u0259h\u0259ll\u0259sin\u0259 \u0259razid\u0259 m\u0259skunla\u015fan m\u0259cburi k\u00f6\u00e7k\u00fcnl\u0259r k\u00f6\u00e7\u00fcr\u00fcl\u0259c\u0259k.<br \/>\nBa\u015f nazirin m\u00fcavini qeyd edib ki, T\u0259rt\u0259r rayonunun \u015e\u0131xarx q\u0259s\u0259b\u0259si \u0259razisind\u0259 olan v\u0259 b\u00f6y\u00fck hiss\u0259si erm\u0259nil\u0259r t\u0259r\u0259find\u0259n da\u011f\u0131d\u0131lm\u0131\u015f \u201cMara\u011fa-150\u201d abid\u0259sinin \u0259traf\u0131 d\u00f6vl\u0259timizin ba\u015f\u00e7\u0131s\u0131n\u0131n tap\u015f\u0131r\u0131\u011f\u0131na \u0259sas\u0259n abadla\u015fd\u0131r\u0131l\u0131r. Bu abid\u0259 Rusiya il\u0259 \u0130ran aras\u0131nda 1828-ci ild\u0259 ba\u011flanm\u0131\u015f T\u00fcrkm\u0259n\u00e7ay m\u00fcqavil\u0259sind\u0259n sonra erm\u0259nil\u0259rin \u0130ran Mara\u011fas\u0131ndan Qaraba\u011fa k\u00f6\u00e7\u00fcr\u00fclm\u0259sinin 150 illiyi m\u00fcnasib\u0259til\u0259 erm\u0259nil\u0259rin \u00f6zl\u0259ri t\u0259r\u0259find\u0259n 1978-ci ild\u0259 in\u015fa edilib. XX \u0259srin sonlar\u0131nda Erm\u0259nistan\u0131n Az\u0259rbaycana qar\u015f\u0131 n\u00f6vb\u0259ti \u0259razi iddialar\u0131 ba\u015flayanda \u201cMara\u011fa\u2013150\u201d abid\u0259si erm\u0259nil\u0259r t\u0259r\u0259find\u0259n q\u0259sd\u0259n da\u011f\u0131d\u0131l\u0131b.<br \/>\nBa\u015f nazirin m\u00fcavini erm\u0259ni m\u0259krini v\u0259 yalan\u0131n\u0131 if\u015fa etm\u0259k \u00fc\u00e7\u00fcn tutarl\u0131 vasit\u0259 olan abid\u0259nin m\u00fch\u00fcm siyasi \u0259h\u0259miyy\u0259t\u0259 malik oldu\u011funu v\u0259 \u00f6lk\u0259miz\u0259 s\u0259f\u0259r ed\u0259n insanlara g\u00f6st\u0259ril\u0259c\u0259yini deyib.<br \/>\n\u018fli H\u0259s\u0259nov qeyd edib ki, qa\u00e7q\u0131n v\u0259 m\u0259cburi k\u00f6\u00e7k\u00fcnl\u0259rin probleml\u0259rinin h\u0259lli Prezident \u0130lham \u018fliyevin v\u0259 Birinci vitse-prezident Mehriban xan\u0131m \u018fliyevan\u0131n daim diqq\u0259t m\u0259rk\u0259zind\u0259dir.<br \/>\nx x x<br \/>\nBa\u015f nazirin m\u00fcavini \u015e\u0131xarx q\u0259s\u0259b\u0259sind\u0259 m\u0259skunla\u015fan m\u0259cburi k\u00f6\u00e7k\u00fcn ail\u0259l\u0259ri il\u0259 d\u0259 g\u00f6r\u00fc\u015f\u00fcb, onlar\u0131n h\u0259yat \u015f\u0259raiti il\u0259 tan\u0131\u015f olub, m\u00fcraci\u0259tl\u0259rini dinl\u0259yib. Qeyd edilib ki, Nazirl\u0259r Kabinetinin 2016-c\u0131 il 3 may tarixli s\u0259r\u0259ncam\u0131 il\u0259 A\u011fdam v\u0259 T\u0259rt\u0259r rayonlar\u0131nda t\u0259mas x\u0259ttin\u0259 yax\u0131n yerl\u0259\u015f\u0259n ya\u015fay\u0131\u015f m\u0259nt\u0259q\u0259l\u0259rind\u0259 2016-c\u0131 ilin aprel ay\u0131nda erm\u0259ni silahl\u0131 q\u00fcvv\u0259l\u0259rinin at\u0259\u015fi n\u0259tic\u0259sind\u0259 ziyan \u00e7\u0259kmi\u015f m\u0259cburi k\u00f6\u00e7k\u00fcnl\u0259rin m\u0259skunla\u015fd\u0131\u011f\u0131 228 ya\u015fay\u0131\u015f evinin b\u0259rpas\u0131 v\u0259 onlar\u0131n \u015f\u0259xsi \u0259mlaklar\u0131na d\u0259ymi\u015f ziyan\u0131n aradan qald\u0131r\u0131lmas\u0131 \u00fc\u00e7\u00fcn m\u00fcvafiq v\u0259sait ayr\u0131l\u0131b. Ayr\u0131lm\u0131\u015f v\u0259sait m\u00fcqabilind\u0259 T\u0259rt\u0259r ra- yonu \u00fczr\u0259 105 ail\u0259, A\u011fdam rayonu \u00fczr\u0259 is\u0259 15 ail\u0259 olmaqla 120 ail\u0259y\u0259 maddi yard\u0131m \u00f6d\u0259nilib. 182 evd\u0259 t\u0259mir-b\u0259rpa i\u015fl\u0259ri 2016-c\u0131 ilin avqust ay\u0131nda ba\u015fa \u00e7atd\u0131r\u0131l\u0131b ki, h\u0259min evl\u0259r-d\u0259n 20-si T\u0259rt\u0259r rayonunda, 162-si is\u0259 A\u011fdam rayonu \u0259razisind\u0259 yerl\u0259\u015fir.<br \/>\nErm\u0259nistan silahl\u0131 birl\u0259\u015fm\u0259l\u0259rinin at\u0259\u015fi n\u0259tic\u0259sind\u0259 T\u0259rt\u0259r rayonunun \u015e\u0131xarx, \u00c7ayl\u0131, H\u0259s\u0259nqaya, Buruc v\u0259 \u018fskipara k\u0259nd-l\u0259ri \u0259razisind\u0259 m\u0259cburi k\u00f6\u00e7k\u00fcn ail\u0259l\u0259rinin m\u00fcv\u0259qq\u0259ti m\u0259skunla\u015fd\u0131\u011f\u0131 78 da\u011f\u0131lm\u0131\u015f evin yenid\u0259n tikilm\u0259si m\u0259qs\u0259dil\u0259 Az\u0259rbaycan Respublikas\u0131 Nazirl\u0259r Kabinetinin 2016\u2013c\u0131 il 7 noyabr tarixli s\u0259r\u0259ncam\u0131 il\u0259 Az\u0259rbaycan Respublikas\u0131n\u0131n 2016-c\u0131 il d\u00f6vl\u0259t b\u00fcdc\u0259sinin ehtiyat fondundan v\u0259sait ayr\u0131l\u0131b. \u018frazid\u0259 Qa\u00e7q\u0131nlar\u0131n v\u0259 M\u0259cburi K\u00f6\u00e7-k\u00fcnl\u0259rin \u0130\u015fl\u0259ri \u00fczr\u0259 D\u00f6vl\u0259t Komit\u0259si t\u0259r\u0259find\u0259n b\u0259rpa i\u015fl\u0259ri apar\u0131l\u0131b. Ayr\u0131lm\u0131\u015f v\u0259sait m\u00fcqabilind\u0259 78 evin tikintisi bu ilin may ay\u0131nda ba\u015fa \u00e7atd\u0131r\u0131laraq m\u0259cburi k\u00f6\u00e7k\u00fcn ail\u0259l\u0259rinin istifad\u0259sin\u0259 verilib.<br \/>\nSakinl\u0259r g\u00f6st\u0259ril\u0259n diqq\u0259t v\u0259 qay\u011f\u0131ya g\u00f6r\u0259 d\u00f6vl\u0259timizin ba\u015f\u00e7\u0131s\u0131na minn\u0259tdarl\u0131qlar\u0131n\u0131 bil-diribl\u0259r.<\/p>\n","protected":false},"excerpt":{"rendered":"<p>Ba\u015f nazirin m\u00fcavini T\u0259rt\u0259r, A\u011fdam, La\u00e7\u0131n v\u0259 K\u0259lb\u0259c\u0259r Rayon \u0130cra hakimiyy\u0259tl\u0259rinin ba\u015f\u00e7\u0131lar\u0131 v\u0259 ya\u015fay\u0131\u015f m\u0259h\u0259ll\u0259sinin tikintisind\u0259 \u00e7al\u0131\u015fan \u015firk\u0259tl\u0259rin r\u0259hb\u0259rl\u0259ri il\u0259 birlikd\u0259 tikinti sah\u0259sin\u0259 bax\u0131\u015f ke\u00e7irib, i\u015fl\u0259rin vaxt\u0131nda v\u0259 y\u00fcks\u0259k keyfiyy\u0259tl\u0259 ba\u015fa \u00e7atd\u0131r\u0131lmas\u0131 il\u0259 ba\u011fl\u0131 konkret tap\u015f\u0131r\u0131qlar verib. Bildirilib ki, 1176 m\u0259cburi k\u00f6\u00e7k\u00fcn ail\u0259sinin m\u0259nzil-m\u0259i\u015f\u0259t \u015f\u0259raitinin yax\u015f\u0131la\u015fd\u0131r\u0131lmas\u0131 m\u0259q-s\u0259dil\u0259 b\u00fct\u00fcn z\u0259ruri sosial-texniki infrastruktur obyektl\u0259ri il\u0259 birlikd\u0259 sal\u0131nan [&hellip;]<\/p>\n","protected":false},"author":2,"featured_media":0,"comment_status":"closed","ping_status":"closed","sticky":false,"template":"","format":"standard","meta":[],"categories":[1],"tags":[13],"_links":{"self":[{"href":"https:\/\/yeniterter.az\/index.php?rest_route=\/wp\/v2\/posts\/7397"}],"collection":[{"href":"https:\/\/yeniterter.az\/index.php?rest_route=\/wp\/v2\/posts"}],"about":[{"href":"https:\/\/yeniterter.az\/index.php?rest_route=\/wp\/v2\/types\/post"}],"author":[{"embeddable":true,"href":"https:\/\/yeniterter.az\/index.php?rest_route=\/wp\/v2\/users\/2"}],"replies":[{"embeddable":true,"href":"https:\/\/yeniterter.az\/index.php?rest_route=%2Fwp%2Fv2%2Fcomments&post=7397"}],"version-history":[{"count":0,"href":"https:\/\/yeniterter.az\/index.php?rest_route=\/wp\/v2\/posts\/7397\/revisions"}],"wp:attachment":[{"href":"https:\/\/yeniterter.az\/index.php?rest_route=%2Fwp%2Fv2%2Fmedia&parent=7397"}],"wp:term":[{"taxonomy":"category","embeddable":true,"href":"https:\/\/yeniterter.az\/index.php?rest_route=%2Fwp%2Fv2%2Fcategories&post=7397"},{"taxonomy":"post_tag","embeddable":true,"href":"https:\/\/yeniterter.az\/index.php?rest_route=%2Fwp%2Fv2%2Ftags&post=7397"}],"curies":[{"name":"wp","href":"https:\/\/api.w.org\/{rel}","templated":true}]}}