{"id":7391,"date":"2017-08-31T16:34:29","date_gmt":"2017-08-31T13:34:29","guid":{"rendered":"http:\/\/www.yeniterter.az\/?p=7391"},"modified":"2017-09-04T08:48:21","modified_gmt":"2017-09-04T05:48:21","slug":"aciq-%c9%99yl%c9%99nc%c9%99vi-futbol-m%c9%99kt%c9%99bl%c9%99ri-layih%c9%99si-c%c9%99rciv%c9%99sind%c9%99-novb%c9%99ti-t%c9%99dbir","status":"publish","type":"post","link":"https:\/\/yeniterter.az\/?p=7391","title":{"rendered":"\u201cA\u00c7IQ \u018fYL\u018fNC\u018fV\u0130 FUTBOL M\u018fKT\u018fBL\u018fR\u0130\u201d LAY\u0130H\u018fS\u0130 \u00c7\u018fR\u00c7\u0130V\u018fS\u0130ND\u018f N\u00d6VB\u018fT\u0130 T\u018fDB\u0130R"},"content":{"rendered":"<p><img decoding=\"async\" loading=\"lazy\" class=\"wp-image-7356 alignright\" src=\"http:\/\/www.yeniterter.az\/wp-content\/uploads\/DSC_7260-\u041a\u043e\u043f\u0438\u0440\u043e\u0432\u0430\u0442\u044c1-300x200.jpg\" alt=\"DSC_7260 (\u041a\u043e\u043f\u0438\u0440\u043e\u0432\u0430\u0442\u044c)(1)\" width=\"161\" height=\"107\" srcset=\"https:\/\/yeniterter.az\/wp-content\/uploads\/DSC_7260-\u041a\u043e\u043f\u0438\u0440\u043e\u0432\u0430\u0442\u044c1-300x200.jpg 300w, https:\/\/yeniterter.az\/wp-content\/uploads\/DSC_7260-\u041a\u043e\u043f\u0438\u0440\u043e\u0432\u0430\u0442\u044c1-768x512.jpg 768w, https:\/\/yeniterter.az\/wp-content\/uploads\/DSC_7260-\u041a\u043e\u043f\u0438\u0440\u043e\u0432\u0430\u0442\u044c1-1024x683.jpg 1024w, https:\/\/yeniterter.az\/wp-content\/uploads\/DSC_7260-\u041a\u043e\u043f\u0438\u0440\u043e\u0432\u0430\u0442\u044c1.jpg 1500w\" sizes=\"(max-width: 161px) 100vw, 161px\" \/><img decoding=\"async\" loading=\"lazy\" class=\"wp-image-7406 alignleft\" src=\"http:\/\/www.yeniterter.az\/wp-content\/uploads\/DSC_7199-\u041a\u043e\u043f\u0438\u0440\u043e\u0432\u0430\u0442\u044c-300x200.jpg\" alt=\"DSC_7199 (\u041a\u043e\u043f\u0438\u0440\u043e\u0432\u0430\u0442\u044c)\" width=\"150\" height=\"100\" srcset=\"https:\/\/yeniterter.az\/wp-content\/uploads\/DSC_7199-\u041a\u043e\u043f\u0438\u0440\u043e\u0432\u0430\u0442\u044c-300x200.jpg 300w, https:\/\/yeniterter.az\/wp-content\/uploads\/DSC_7199-\u041a\u043e\u043f\u0438\u0440\u043e\u0432\u0430\u0442\u044c-768x512.jpg 768w, https:\/\/yeniterter.az\/wp-content\/uploads\/DSC_7199-\u041a\u043e\u043f\u0438\u0440\u043e\u0432\u0430\u0442\u044c.jpg 1024w\" sizes=\"(max-width: 150px) 100vw, 150px\" \/>\u201cA\u00e7\u0131q \u018fyl\u0259nc\u0259vi Futbol M\u0259kt\u0259bl\u0259ri\u201d layih\u0259si \u00e7\u0259r\u00e7iv\u0259sind\u0259 n\u00f6vb\u0259ti t\u0259dbir AFFA-n\u0131n v\u0259 T\u0259rt\u0259r Rayon \u0130cra Hakimiyy\u0259tinin t\u0259\u015fkilat\u00e7\u0131l\u0131\u011f\u0131 il\u0259 bu g\u00fcnl\u0259rd\u0259 c\u0259bh\u0259 b\u00f6lg\u0259si olan T\u0259rt\u0259r rayonunda ke\u00e7irilib. T\u0259dbird\u0259 T\u0259rt\u0259r Rayon \u0130cra Haki-miyy\u0259tinin ba\u015f\u00e7\u0131s\u0131 M\u00fcst\u0259qim M\u0259mm\u0259dov, mill\u0259t v\u0259kili, AFFA-n\u0131n Birinci vitse-prezidenti, U\u015faq-G\u0259ncl\u0259r Futbol Federasiyas\u0131n\u0131n prezidenti Rauf \u018fliyev, T\u0259rt\u0259r rayonundan se\u00e7ilmi\u015f deputat Sahib Al\u0131yev, mill\u0259t v\u0259kili \u0130lham M\u0259mm\u0259dov, T\u0259rt\u0259r Rayon \u0130cra Hakimiyy\u0259ti Ba\u015f\u00e7\u0131s\u0131 Aparat\u0131n\u0131n \u0130ctimai-siyasi v\u0259 humanitar m\u0259s\u0259l\u0259l\u0259r \u015f\u00f6b\u0259sinin m\u00fcdir m\u00fcavini Elvin Umudov, T\u0259rt\u0259r rayon C\u0259ncl\u0259r v\u0259 \u0130dman \u0130dar\u0259sinin r\u0259isi Emin P\u0259nahov, layih\u0259nin koordinatoru K\u0259rim A\u011fayev, \u015eimal-Q\u0259rb Reqional Futbol Federasiyas\u0131n\u0131n prezidenti R\u00f6v\u015f\u0259n \u018fhm\u0259dov, rayon u\u015faq-g\u0259ncl\u0259r v\u0259 idman m\u0259kt\u0259binin direktoru Emin Quliyev i\u015ftirak edibl\u0259r. <!--more-->T\u0259dbird\u0259 \u00e7\u0131x\u0131\u015f ed\u0259n rayon icra hakimiyy\u0259tinin ba\u015f\u00e7\u0131s\u0131 M\u00fcst\u0259qim M\u0259mm\u0259dov bildirib ki, T\u0259rt\u0259r \u015f\u0259h\u0259rind\u0259 \u00e7oxm\u0259nzilli ya\u015fay\u0131\u015f binalar\u0131nda ya\u015fayan yeniyetm\u0259l\u0259rin v\u0259 g\u0259ncl\u0259rin asud\u0259 vaxtlar\u0131n\u0131n t\u0259\u015fkili \u00fc\u00e7\u00fcn rayon icra hakimiyy\u0259tinin t\u0259\u015f-kilat\u00e7\u0131l\u0131\u011f\u0131 il\u0259 bir ne\u00e7\u0259 \u0259razid\u0259, o c\u00fcml\u0259d\u0259n Nizami k\u00fc\u00e7\u0259sind\u0259 sal\u0131nm\u0131\u015f \u201cN\u00fcmun\u0259vi m\u0259h\u0259ll\u0259\u201dd\u0259 mini futbol meydan-\u00e7alar\u0131 qura\u015fd\u0131r\u0131lm\u0131\u015fd\u0131r. Bu g\u00fcn Sizinl\u0259 birlikd\u0259 \u201cA\u00e7\u0131q \u018fyl\u0259nc\u0259vi Futbol M\u0259kt\u0259bl\u0259ri\u201d layih\u0259si \u00e7\u0259r\u00e7iv\u0259sind\u0259 t\u0259dbir\u0259 topla\u015fd\u0131\u011f\u0131m\u0131z mini futbol meydan\u00e7as\u0131 da onlardan biridir. T\u0259dbird\u0259 mill\u0259t v\u0259kili, layih\u0259nin r\u0259hb\u0259ri Rauf \u018fliyev, mill\u0259t v\u0259kill\u0259ri Sahib Al\u0131yev v\u0259 \u0130lham M\u0259mm\u0259dov da \u00e7\u0131x\u0131\u015f edibl\u0259r.<br \/>\nT\u0259dbirin sonunda u\u015faqlara m\u00fcxt\u0259lif idman l\u0259vazimatlar\u0131 paylan\u0131b, onlar is\u0259 \u0259yl\u0259nc\u0259vi futbol n\u00fcmayi\u015f etdiribl\u0259r.<\/p>\n<p style=\"text-align: right;\"><em><strong>\u201cYeni T\u0259rt\u0259r\u201d<\/strong><\/em><\/p>\n","protected":false},"excerpt":{"rendered":"<p>\u201cA\u00e7\u0131q \u018fyl\u0259nc\u0259vi Futbol M\u0259kt\u0259bl\u0259ri\u201d layih\u0259si \u00e7\u0259r\u00e7iv\u0259sind\u0259 n\u00f6vb\u0259ti t\u0259dbir AFFA-n\u0131n v\u0259 T\u0259rt\u0259r Rayon \u0130cra Hakimiyy\u0259tinin t\u0259\u015fkilat\u00e7\u0131l\u0131\u011f\u0131 il\u0259 bu g\u00fcnl\u0259rd\u0259 c\u0259bh\u0259 b\u00f6lg\u0259si olan T\u0259rt\u0259r rayonunda ke\u00e7irilib. T\u0259dbird\u0259 T\u0259rt\u0259r Rayon \u0130cra Haki-miyy\u0259tinin ba\u015f\u00e7\u0131s\u0131 M\u00fcst\u0259qim M\u0259mm\u0259dov, mill\u0259t v\u0259kili, AFFA-n\u0131n Birinci vitse-prezidenti, U\u015faq-G\u0259ncl\u0259r Futbol Federasiyas\u0131n\u0131n prezidenti Rauf \u018fliyev, T\u0259rt\u0259r rayonundan se\u00e7ilmi\u015f deputat Sahib Al\u0131yev, mill\u0259t v\u0259kili \u0130lham M\u0259mm\u0259dov, T\u0259rt\u0259r Rayon [&hellip;]<\/p>\n","protected":false},"author":2,"featured_media":0,"comment_status":"closed","ping_status":"closed","sticky":false,"template":"","format":"standard","meta":[],"categories":[1],"tags":[13],"_links":{"self":[{"href":"https:\/\/yeniterter.az\/index.php?rest_route=\/wp\/v2\/posts\/7391"}],"collection":[{"href":"https:\/\/yeniterter.az\/index.php?rest_route=\/wp\/v2\/posts"}],"about":[{"href":"https:\/\/yeniterter.az\/index.php?rest_route=\/wp\/v2\/types\/post"}],"author":[{"embeddable":true,"href":"https:\/\/yeniterter.az\/index.php?rest_route=\/wp\/v2\/users\/2"}],"replies":[{"embeddable":true,"href":"https:\/\/yeniterter.az\/index.php?rest_route=%2Fwp%2Fv2%2Fcomments&post=7391"}],"version-history":[{"count":0,"href":"https:\/\/yeniterter.az\/index.php?rest_route=\/wp\/v2\/posts\/7391\/revisions"}],"wp:attachment":[{"href":"https:\/\/yeniterter.az\/index.php?rest_route=%2Fwp%2Fv2%2Fmedia&parent=7391"}],"wp:term":[{"taxonomy":"category","embeddable":true,"href":"https:\/\/yeniterter.az\/index.php?rest_route=%2Fwp%2Fv2%2Fcategories&post=7391"},{"taxonomy":"post_tag","embeddable":true,"href":"https:\/\/yeniterter.az\/index.php?rest_route=%2Fwp%2Fv2%2Ftags&post=7391"}],"curies":[{"name":"wp","href":"https:\/\/api.w.org\/{rel}","templated":true}]}}