{"id":7166,"date":"2017-08-18T10:54:49","date_gmt":"2017-08-18T07:54:49","guid":{"rendered":"http:\/\/www.yeniterter.az\/?p=7166"},"modified":"2017-08-18T10:54:49","modified_gmt":"2017-08-18T07:54:49","slug":"c%c9%99brayil-v%c9%99-fuzuli-rayonlarinin-isgalindan-24-il-otur","status":"publish","type":"post","link":"https:\/\/yeniterter.az\/?p=7166","title":{"rendered":"C\u0259bray\u0131l v\u0259 F\u00fczuli rayonlar\u0131n\u0131n i\u015f\u011fal\u0131ndan 24 il \u00f6t\u00fcr"},"content":{"rendered":"<p><strong>QARABA\u011eA B\u00d6Y\u00dcK QAYIDI\u015e BU \u0130L C\u018fBRAYILIN COCUQ M\u018fRCANLI K\u018fND\u0130ND\u018fN BA\u015eLADI<\/strong><\/p>\n<p><img decoding=\"async\" loading=\"lazy\" class=\"wp-image-7167 alignright\" src=\"http:\/\/www.yeniterter.az\/wp-content\/uploads\/49054783-300x225.jpg\" alt=\"49054783\" width=\"147\" height=\"111\" srcset=\"https:\/\/yeniterter.az\/wp-content\/uploads\/49054783-300x225.jpg 300w, https:\/\/yeniterter.az\/wp-content\/uploads\/49054783.jpg 500w\" sizes=\"(max-width: 147px) 100vw, 147px\" \/><img decoding=\"async\" loading=\"lazy\" class=\" wp-image-7168 alignleft\" src=\"http:\/\/www.yeniterter.az\/wp-content\/uploads\/b7459bba1fc47d4266f917a97e63bb99-300x200.jpg\" alt=\"b7459bba1fc47d4266f917a97e63bb99\" width=\"159\" height=\"106\" srcset=\"https:\/\/yeniterter.az\/wp-content\/uploads\/b7459bba1fc47d4266f917a97e63bb99-300x200.jpg 300w, https:\/\/yeniterter.az\/wp-content\/uploads\/b7459bba1fc47d4266f917a97e63bb99.jpg 569w\" sizes=\"(max-width: 159px) 100vw, 159px\" \/>Avqustun 23-\u00fcnd\u0259 Az\u0259rbaycan\u0131n Da\u011fl\u0131q Qaraba\u011f \u0259traf\u0131ndak\u0131 iki rayonunun\u2013C\u0259bray\u0131l v\u0259 F\u00fczulinin Erm\u0259nistan silahl\u0131 q\u00fcvv\u0259l\u0259ri t\u0259r\u0259find\u0259n i\u015f\u011fal edilm\u0259sinin 24 ili tamam olur. \u0130\u015f\u011fal\u0131n 24-c\u00fc ili Az\u0259rbaycan tarixin\u0259 h\u0259m d\u0259 B\u00f6y\u00fck Qay\u0131d\u0131\u015f\u0131n ba\u015flan\u011f\u0131c\u0131 kimi d\u00fc\u015fd\u00fc. M\u0259hz bu il\u20132017-ci ild\u0259 Az\u0259rbaycan Respublikas\u0131 Prezidentinin S\u0259r\u0259ncam\u0131 \u0259sas\u0131nda i\u015f\u011faldan azad olunmu\u015f Cocuq M\u0259rcanl\u0131 k\u0259ndind\u0259 b\u00f6y\u00fck tikinti i\u015fl\u0259rin\u0259 ba\u015flan\u0131ld\u0131 v\u0259 m\u00fcasir tipli q\u0259s\u0259b\u0259 tikildi. Uzun ill\u0259r do\u011fma yerl\u0259rin\u0259 h\u0259sr\u0259t qalan ail\u0259l\u0259r bir-birinin ard\u0131nca k\u0259nd\u0259 qay\u0131tma\u011fa ba\u015flad\u0131lar. Bu qay\u0131d\u0131\u015f h\u0259r k\u0259sin q\u0259lbind\u0259 \u00fcmid \u00e7\u0131ra\u011f\u0131n\u0131 daha da alovland\u0131rd\u0131. \u00c7\u00fcnki bu i\u015f\u011fala, erm\u0259ni \u00f6zba\u015f\u0131nal\u0131\u011f\u0131na art\u0131q son qoyulmal\u0131d\u0131r.<!--more--><br \/>\n* * *<br \/>\n\u0130\u015f\u011faldan 24 il \u00f6ts\u0259 d\u0259, bu g\u00fcn d\u0259 F\u00fczulid\u0259 at\u0259\u015f s\u0259sl\u0259ri e\u015fidilir v\u0259 g\u00fcnahs\u0131z dinc sakinl\u0259r q\u0259tl\u0259 yetirilir. Nec\u0259 ki, iyulun 4-d\u0259 Erm\u0259nistan silahl\u0131 q\u00fcvv\u0259l\u0259ri t\u0259r\u0259find\u0259n rayonun Alxanl\u0131 k\u0259ndind\u0259 Allahverdiyeva Sahib\u0259 \u0130dris q\u0131z\u0131 v\u0259 onun n\u0259v\u0259si Quliyeva Z\u0259hra Elnur q\u0131z\u0131 qanlar\u0131na q\u0259ltan edildi. Bu hadis\u0259 b\u00fct\u00fcn d\u00fcnyan\u0131n diqq\u0259tini F\u00fczuliy\u0259-Alxanl\u0131 k\u0259ndin\u0259 c\u0259lb etdi.<br \/>\nF\u00fczulinin 1100-d\u0259n \u00e7ox \u015f\u0259hid v\u0259 itkini, 113 girovu, 1450 n\u0259f\u0259r m\u00fcxt\u0259lif d\u0259r\u0259c\u0259li \u0259lili var. Bu r\u0259q\u0259m getdikc\u0259 artmaqdad\u0131r.<br \/>\nAz\u0259rbaycan v\u0259t\u0259nda\u015flar\u0131 d\u00fcnya ictimaiyy\u0259tin\u0259 m\u00fcraci\u0259t ed\u0259r\u0259k erm\u0259ni vandalizmin\u0259 son qoyulmas\u0131n\u0131 t\u0259l\u0259b edirl\u0259r.<\/p>\n<p style=\"text-align: right;\"><em><strong>\u201cYeni T\u0259rt\u0259r\u201d<\/strong> <\/em><\/p>\n","protected":false},"excerpt":{"rendered":"<p>QARABA\u011eA B\u00d6Y\u00dcK QAYIDI\u015e BU \u0130L C\u018fBRAYILIN COCUQ M\u018fRCANLI K\u018fND\u0130ND\u018fN BA\u015eLADI Avqustun 23-\u00fcnd\u0259 Az\u0259rbaycan\u0131n Da\u011fl\u0131q Qaraba\u011f \u0259traf\u0131ndak\u0131 iki rayonunun\u2013C\u0259bray\u0131l v\u0259 F\u00fczulinin Erm\u0259nistan silahl\u0131 q\u00fcvv\u0259l\u0259ri t\u0259r\u0259find\u0259n i\u015f\u011fal edilm\u0259sinin 24 ili tamam olur. \u0130\u015f\u011fal\u0131n 24-c\u00fc ili Az\u0259rbaycan tarixin\u0259 h\u0259m d\u0259 B\u00f6y\u00fck Qay\u0131d\u0131\u015f\u0131n ba\u015flan\u011f\u0131c\u0131 kimi d\u00fc\u015fd\u00fc. M\u0259hz bu il\u20132017-ci ild\u0259 Az\u0259rbaycan Respublikas\u0131 Prezidentinin S\u0259r\u0259ncam\u0131 \u0259sas\u0131nda i\u015f\u011faldan azad olunmu\u015f Cocuq [&hellip;]<\/p>\n","protected":false},"author":2,"featured_media":0,"comment_status":"closed","ping_status":"closed","sticky":false,"template":"","format":"standard","meta":[],"categories":[10],"tags":[20],"_links":{"self":[{"href":"https:\/\/yeniterter.az\/index.php?rest_route=\/wp\/v2\/posts\/7166"}],"collection":[{"href":"https:\/\/yeniterter.az\/index.php?rest_route=\/wp\/v2\/posts"}],"about":[{"href":"https:\/\/yeniterter.az\/index.php?rest_route=\/wp\/v2\/types\/post"}],"author":[{"embeddable":true,"href":"https:\/\/yeniterter.az\/index.php?rest_route=\/wp\/v2\/users\/2"}],"replies":[{"embeddable":true,"href":"https:\/\/yeniterter.az\/index.php?rest_route=%2Fwp%2Fv2%2Fcomments&post=7166"}],"version-history":[{"count":0,"href":"https:\/\/yeniterter.az\/index.php?rest_route=\/wp\/v2\/posts\/7166\/revisions"}],"wp:attachment":[{"href":"https:\/\/yeniterter.az\/index.php?rest_route=%2Fwp%2Fv2%2Fmedia&parent=7166"}],"wp:term":[{"taxonomy":"category","embeddable":true,"href":"https:\/\/yeniterter.az\/index.php?rest_route=%2Fwp%2Fv2%2Fcategories&post=7166"},{"taxonomy":"post_tag","embeddable":true,"href":"https:\/\/yeniterter.az\/index.php?rest_route=%2Fwp%2Fv2%2Ftags&post=7166"}],"curies":[{"name":"wp","href":"https:\/\/api.w.org\/{rel}","templated":true}]}}