{"id":7152,"date":"2017-08-10T12:26:57","date_gmt":"2017-08-10T09:26:57","guid":{"rendered":"http:\/\/www.yeniterter.az\/?p=7152"},"modified":"2017-08-10T12:26:57","modified_gmt":"2017-08-10T09:26:57","slug":"7152","status":"publish","type":"post","link":"https:\/\/yeniterter.az\/?p=7152","title":{"rendered":""},"content":{"rendered":"<p><em><strong><img decoding=\"async\" loading=\"lazy\" class=\"wp-image-7153 alignleft\" src=\"http:\/\/www.yeniterter.az\/wp-content\/uploads\/resizer-300x208.jpg\" alt=\"resizer\" width=\"247\" height=\"171\" srcset=\"https:\/\/yeniterter.az\/wp-content\/uploads\/resizer-300x208.jpg 300w, https:\/\/yeniterter.az\/wp-content\/uploads\/resizer-768x534.jpg 768w, https:\/\/yeniterter.az\/wp-content\/uploads\/resizer-1024x711.jpg 1024w, https:\/\/yeniterter.az\/wp-content\/uploads\/resizer.jpg 1500w\" sizes=\"(max-width: 247px) 100vw, 247px\" \/>Az\u0259rbaycan 2017-ci ilin birinci yar\u0131s\u0131nda u\u011furla inki\u015faf edib, qar\u015f\u0131da duran b\u00fct\u00fcn v\u0259zif\u0259l\u0259r icra olunub, \u00f6lk\u0259miz daha da g\u00fccl\u0259nib v\u0259 beyn\u0259lxalq \u0259laq\u0259l\u0259rimiz daha da d\u0259rinl\u0259\u015fib. \u018ffsuslar olsun ki, 2017-ci ild\u0259 d\u00fcnyada \u00e7ox t\u0259hl\u00fck\u0259li meyill\u0259r daha da g\u00fccl\u0259nir. H\u0259m bizim b\u00f6lg\u0259mizd\u0259, h\u0259m d\u00fcnyada narahatedici m\u0259qamlar kifay\u0259t q\u0259d\u0259r \u00e7oxdur. M\u00fcharib\u0259l\u0259r, m\u00fcnaqi\u015f\u0259l\u0259r, qanl\u0131 toqqu\u015fmalar, b\u00f6hranlar &#8211; \u0259fsuslar olsun ki, bug\u00fcnk\u00fc beyn\u0259lxalq m\u0259nz\u0259r\u0259nin \u0259lam\u0259tl\u0259ri bunlard\u0131r. Az\u0259rbaycan is\u0259 u\u011furla inki\u015faf edir. Az\u0259rbaycanda sabitlik m\u00f6hk\u0259ml\u0259nir. Sabitliyin m\u0259nb\u0259yi Az\u0259rbaycan xalq\u0131d\u0131r, xalq-iqtidar birliyidir.<\/strong><\/em><\/p>\n<p style=\"text-align: right;\"><strong>\u0130lham \u018fliyev,<\/strong><br \/>\n<strong>Az\u0259rbaycan Respublikas\u0131n\u0131n Prezidenti<\/strong><\/p>\n","protected":false},"excerpt":{"rendered":"<p>Az\u0259rbaycan 2017-ci ilin birinci yar\u0131s\u0131nda u\u011furla inki\u015faf edib, qar\u015f\u0131da duran b\u00fct\u00fcn v\u0259zif\u0259l\u0259r icra olunub, \u00f6lk\u0259miz daha da g\u00fccl\u0259nib v\u0259 beyn\u0259lxalq \u0259laq\u0259l\u0259rimiz daha da d\u0259rinl\u0259\u015fib. \u018ffsuslar olsun ki, 2017-ci ild\u0259 d\u00fcnyada \u00e7ox t\u0259hl\u00fck\u0259li meyill\u0259r daha da g\u00fccl\u0259nir. H\u0259m bizim b\u00f6lg\u0259mizd\u0259, h\u0259m d\u00fcnyada narahatedici m\u0259qamlar kifay\u0259t q\u0259d\u0259r \u00e7oxdur. M\u00fcharib\u0259l\u0259r, m\u00fcnaqi\u015f\u0259l\u0259r, qanl\u0131 toqqu\u015fmalar, b\u00f6hranlar &#8211; \u0259fsuslar olsun ki, [&hellip;]<\/p>\n","protected":false},"author":2,"featured_media":0,"comment_status":"closed","ping_status":"closed","sticky":false,"template":"","format":"standard","meta":[],"categories":[10],"tags":[20],"_links":{"self":[{"href":"https:\/\/yeniterter.az\/index.php?rest_route=\/wp\/v2\/posts\/7152"}],"collection":[{"href":"https:\/\/yeniterter.az\/index.php?rest_route=\/wp\/v2\/posts"}],"about":[{"href":"https:\/\/yeniterter.az\/index.php?rest_route=\/wp\/v2\/types\/post"}],"author":[{"embeddable":true,"href":"https:\/\/yeniterter.az\/index.php?rest_route=\/wp\/v2\/users\/2"}],"replies":[{"embeddable":true,"href":"https:\/\/yeniterter.az\/index.php?rest_route=%2Fwp%2Fv2%2Fcomments&post=7152"}],"version-history":[{"count":0,"href":"https:\/\/yeniterter.az\/index.php?rest_route=\/wp\/v2\/posts\/7152\/revisions"}],"wp:attachment":[{"href":"https:\/\/yeniterter.az\/index.php?rest_route=%2Fwp%2Fv2%2Fmedia&parent=7152"}],"wp:term":[{"taxonomy":"category","embeddable":true,"href":"https:\/\/yeniterter.az\/index.php?rest_route=%2Fwp%2Fv2%2Fcategories&post=7152"},{"taxonomy":"post_tag","embeddable":true,"href":"https:\/\/yeniterter.az\/index.php?rest_route=%2Fwp%2Fv2%2Ftags&post=7152"}],"curies":[{"name":"wp","href":"https:\/\/api.w.org\/{rel}","templated":true}]}}