{"id":7096,"date":"2017-07-28T12:57:52","date_gmt":"2017-07-28T09:57:52","guid":{"rendered":"http:\/\/www.yeniterter.az\/?p=7096"},"modified":"2017-07-28T12:57:52","modified_gmt":"2017-07-28T09:57:52","slug":"2017-ci-il-islam-h%c9%99mr%c9%99yliyi-ilidir-5","status":"publish","type":"post","link":"https:\/\/yeniterter.az\/?p=7096","title":{"rendered":"2017-ci \u0130L \u201c\u0130SLAM H\u018fMR\u018fYL\u0130Y\u0130 \u0130L\u0130\u201dD\u0130R"},"content":{"rendered":"<p><strong><img decoding=\"async\" loading=\"lazy\" class=\" wp-image-7097 alignleft\" src=\"http:\/\/www.yeniterter.az\/wp-content\/uploads\/639057-300x205.jpg\" alt=\"639057\" width=\"275\" height=\"188\" srcset=\"https:\/\/yeniterter.az\/wp-content\/uploads\/639057-300x205.jpg 300w, https:\/\/yeniterter.az\/wp-content\/uploads\/639057.jpg 630w\" sizes=\"(max-width: 275px) 100vw, 275px\" \/>HUMAN\u0130ZM PR\u0130NS\u0130PL\u018fR\u0130N\u0130N B\u018fRQ\u018fRAR ED\u0130LM\u018fS\u0130N\u018f T\u00d6HF\u018f VER\u018fN \u00d6LK\u018f<\/strong><\/p>\n<p>Bug\u00fcnk\u00fc d\u00fcnyam\u0131z, indiki h\u0259yat\u0131m\u0131z \u00f6t\u0259n \u0259srl\u0259rd\u0259 oldu\u011funa b\u0259nz\u0259mir. H\u0259r \u015fey s\u00fcr\u0259tl\u0259 d\u0259yi\u015fm\u0259kd\u0259dir. B\u0259lk\u0259 d\u0259 XXI \u0259srin bir g\u00fcnl\u00fck k\u0259\u015ffl\u0259ri b\u0259\u015f\u0259riyy\u0259ti \u00f6t\u0259n bir \u0259srd\u0259 oldu\u011fu q\u0259d\u0259r ir\u0259li apar\u0131r. B\u0259li, biz inki\u015faf edirik. Lakin insanlar n\u0259 q\u0259d\u0259r ir\u0259li gets\u0259l\u0259r d\u0259, sanki b\u0259lalar, f\u0259lak\u0259tl\u0259r bir o q\u0259d\u0259r d\u0259 \u00e7oxal\u0131r. D\u00fcnyan\u0131 m\u00fcharib\u0259l\u0259r, terror, dig\u0259r xo\u015fag\u0259lm\u0259z hadis\u0259l\u0259r b\u00fcr\u00fcm\u0259kd\u0259dir. N\u0259dir bunun s\u0259b\u0259bi v\u0259 \u00e7\u0131x\u0131\u015f yolu n\u0259d\u0259dir?<br \/>\nBu sual indi b\u00fct\u00fcn \u00f6lk\u0259l\u0259ri, o c\u00fcml\u0259d\u0259n Az\u0259rbaycan\u0131 d\u00fc\u015f\u00fcnd\u00fcrm\u0259kd\u0259dir. B\u0259zi \u00f6lk\u0259l\u0259rd\u0259n f\u0259rqli olaraq, Az\u0259rbaycan d\u00fcnyaya multikulturalizmin real h\u0259yatdan g\u00f6t\u00fcr\u00fclm\u00fc\u015f n\u00fcmun\u0259l\u0259rini n\u00fcmayi\u015f etdir\u0259r\u0259k, \u00e7\u0131x\u0131\u015f yolunu ayr\u0131-ayr\u0131 dinl\u0259rin, xalqlar\u0131n, konfessiyalar\u0131n, etnoslar\u0131n birg\u0259 mehriban\u00e7\u0131l\u0131q v\u0259 dinc \u015f\u0259raitd\u0259 ya\u015famas\u0131nda oldu\u011funu s\u00fcbut edir. Y\u0259ni \u00e7\u0131x\u0131\u015f yolu insanl\u0131\u011f\u0131n \u0259n uca d\u0259y\u0259rl\u0259rinin qorunub saxlan\u0131lmas\u0131nda, humanizm prinsipl\u0259rin\u0259 \u0259m\u0259l olunmas\u0131ndad\u0131r.<!--more--><br \/>\nYoxsa biz hara gedib \u00e7\u0131xa bil\u0259rik? Bu il iyulun 4-d\u0259 F\u00fczuli rayonunun Alxanl\u0131 k\u0259ndind\u0259 balaca Z\u0259hran\u0131n v\u0259 onun n\u0259n\u0259sinin erm\u0259ni fa\u015fistl\u0259ri t\u0259r\u0259find\u0259n v\u0259h\u015fic\u0259sin\u0259 q\u0259tl\u0259 yetirilm\u0259si bir daha bu sual\u0131 ortaya qoyur.<br \/>\n2017-ci il Az\u0259rbaycnda \u201c\u0130slam h\u0259mr\u0259yliyi ili\u201d elan olunub. Az\u0259rbaycan bu \u00e7a\u011f\u0131r\u0131\u015f\u0131 b\u00fct\u00fcn \u0130slam \u00f6lk\u0259l\u0259rin\u0259 \u00fcnvanlayaraq, onlar\u0131 birliy\u0259, bar\u0131\u015fa \u00e7a\u011f\u0131r\u0131r. \u0130slam dininin \u00f6z\u00fc b\u00fct\u00f6vl\u00fckd\u0259 humanizm, insanlara sevgi dem\u0259kdir. Buna g\u00f6r\u0259 d\u0259 b\u0259zi Q\u0259rb d\u00f6vl\u0259tl\u0259rinin \u0130slam\u0131 terrorla \u0259laq\u0259l\u0259ndirm\u0259si q\u0259tiyy\u0259n q\u0259buledilm\u0259zdir.<br \/>\n\u00d6lk\u0259mizd\u0259 ke\u00e7iril\u0259n bir \u00e7ox beyn\u0259lxalq t\u0259dbirl\u0259rd\u0259 \u2013 humanitar forumlarda, m\u0259d\u0259niyy\u0259tl\u0259raras\u0131 dialoq m\u0259clisl\u0259rind\u0259 s\u00f6hb\u0259t m\u0259hz bu m\u00f6vzular \u00fcz\u0259rind\u0259 qurulur. Y\u0259ni insanlar m\u0259n\u0259vi d\u0259y\u0259rl\u0259ri, ad\u0259t-\u0259n\u0259n\u0259l\u0259ri, ke\u00e7mi\u015fd\u0259n miras qalm\u0131\u015f yax\u015f\u0131 n\u0259 varsa, qoruyub saxlamal\u0131d\u0131rlar. Eyni zamanda, laz\u0131m g\u0259l\u0259nd\u0259 bir-birin\u0259 k\u00f6m\u0259k \u0259li uzatmal\u0131d\u0131rlar.<br \/>\nNec\u0259 ki, \u00f6t\u0259n ilin iyul ay\u0131nda qarda\u015f T\u00fcrkiy\u0259d\u0259 ba\u015f ver\u0259n d\u00f6vl\u0259t \u00e7evrili\u015fin\u0259 c\u0259hd zaman\u0131 ilk olaraq Az\u0259rbaycan Respublikas\u0131n\u0131n Prezidenti \u0130lham \u018fliyev t\u00fcrk xalq\u0131 il\u0259 birlikd\u0259 oldu\u011funu b\u0259yan etmi\u015fdir.<br \/>\nErm\u0259nistan-Az\u0259rbaycan, Da\u011fl\u0131q Qaraba\u011f n\u00fcnaqi\u015f\u0259si il\u0259 \u0259laq\u0259dar is\u0259 T\u00fcrkiy\u0259, dig\u0259r \u0130slam \u00f6lk\u0259l\u0259ri, bir s\u0131ra Q\u0259rb d\u00f6vl\u0259tl\u0259ri Az\u0259rbaycan\u0131n haql\u0131 m\u00f6vqeyini d\u0259st\u0259kl\u0259yirl\u0259r. Da\u011fl\u0131q Qaraba\u011fda ke\u00e7iril\u0259n qondarma referendumun tan\u0131nmamas\u0131 bunu bir daha t\u0259sdiql\u0259yir.<br \/>\nAz\u0259rbaycan \u00f6z\u00fc d\u0259 d\u00fcnyan\u0131n h\u0259r bir gu\u015f\u0259sind\u0259 s\u00fclh\u00fcn qorunmas\u0131na t\u00f6hf\u0259l\u0259r verir. 2009-cu ild\u0259 Bak\u0131 \u0130slam M\u0259d\u0259niyy\u0259tinin paytaxt\u0131 idi. 2017-ci ild\u0259 \u00f6lk\u0259mizd\u0259 \u0130slam H\u0259mr\u0259yliyi Oyunlar\u0131 ke\u00e7irildi. 2018-ci ild\u0259 is\u0259 q\u0259dim Nax\u00e7\u0131van \u015f\u0259h\u0259ri \u0130slam M\u0259d\u0259niyy\u0259tinin paytaxt\u0131 olacaq. B\u00fct\u00fcn bunlar Az\u0259rbaycan\u0131n m\u0259d\u0259niyy\u0259tl\u0259raras\u0131 dialoq, yer \u00fcz\u00fcnd\u0259 humanizm pirinsipl\u0259rinin b\u0259rq\u0259rar olmasna t\u00f6hf\u0259 ver\u0259n bir \u00f6lk\u0259 oldu\u011funu g\u00f6st\u0259rir.<\/p>\n<p style=\"text-align: right;\"><em><strong>Svetlana Ba\u011f\u0131rova<\/strong><\/em><\/p>\n","protected":false},"excerpt":{"rendered":"<p>HUMAN\u0130ZM PR\u0130NS\u0130PL\u018fR\u0130N\u0130N B\u018fRQ\u018fRAR ED\u0130LM\u018fS\u0130N\u018f T\u00d6HF\u018f VER\u018fN \u00d6LK\u018f Bug\u00fcnk\u00fc d\u00fcnyam\u0131z, indiki h\u0259yat\u0131m\u0131z \u00f6t\u0259n \u0259srl\u0259rd\u0259 oldu\u011funa b\u0259nz\u0259mir. H\u0259r \u015fey s\u00fcr\u0259tl\u0259 d\u0259yi\u015fm\u0259kd\u0259dir. B\u0259lk\u0259 d\u0259 XXI \u0259srin bir g\u00fcnl\u00fck k\u0259\u015ffl\u0259ri b\u0259\u015f\u0259riyy\u0259ti \u00f6t\u0259n bir \u0259srd\u0259 oldu\u011fu q\u0259d\u0259r ir\u0259li apar\u0131r. B\u0259li, biz inki\u015faf edirik. Lakin insanlar n\u0259 q\u0259d\u0259r ir\u0259li gets\u0259l\u0259r d\u0259, sanki b\u0259lalar, f\u0259lak\u0259tl\u0259r bir o q\u0259d\u0259r d\u0259 \u00e7oxal\u0131r. D\u00fcnyan\u0131 m\u00fcharib\u0259l\u0259r, [&hellip;]<\/p>\n","protected":false},"author":2,"featured_media":0,"comment_status":"closed","ping_status":"closed","sticky":false,"template":"","format":"standard","meta":[],"categories":[10],"tags":[20],"_links":{"self":[{"href":"https:\/\/yeniterter.az\/index.php?rest_route=\/wp\/v2\/posts\/7096"}],"collection":[{"href":"https:\/\/yeniterter.az\/index.php?rest_route=\/wp\/v2\/posts"}],"about":[{"href":"https:\/\/yeniterter.az\/index.php?rest_route=\/wp\/v2\/types\/post"}],"author":[{"embeddable":true,"href":"https:\/\/yeniterter.az\/index.php?rest_route=\/wp\/v2\/users\/2"}],"replies":[{"embeddable":true,"href":"https:\/\/yeniterter.az\/index.php?rest_route=%2Fwp%2Fv2%2Fcomments&post=7096"}],"version-history":[{"count":0,"href":"https:\/\/yeniterter.az\/index.php?rest_route=\/wp\/v2\/posts\/7096\/revisions"}],"wp:attachment":[{"href":"https:\/\/yeniterter.az\/index.php?rest_route=%2Fwp%2Fv2%2Fmedia&parent=7096"}],"wp:term":[{"taxonomy":"category","embeddable":true,"href":"https:\/\/yeniterter.az\/index.php?rest_route=%2Fwp%2Fv2%2Fcategories&post=7096"},{"taxonomy":"post_tag","embeddable":true,"href":"https:\/\/yeniterter.az\/index.php?rest_route=%2Fwp%2Fv2%2Ftags&post=7096"}],"curies":[{"name":"wp","href":"https:\/\/api.w.org\/{rel}","templated":true}]}}