{"id":7087,"date":"2017-07-28T12:47:55","date_gmt":"2017-07-28T09:47:55","guid":{"rendered":"http:\/\/www.yeniterter.az\/?p=7087"},"modified":"2017-07-28T12:47:55","modified_gmt":"2017-07-28T09:47:55","slug":"az%c9%99rbaycan-milli-m%c9%99tbuatinin-142-ci-ildonumu-munasib%c9%99ti-il%c9%99","status":"publish","type":"post","link":"https:\/\/yeniterter.az\/?p=7087","title":{"rendered":"AZ\u018fRBAYCAN M\u0130LL\u0130 M\u018fTBUATININ 142-ci \u0130LD\u00d6N\u00dcM\u00dc M\u00dcNAS\u0130B\u018fT\u0130 \u0130L\u018f"},"content":{"rendered":"<p><strong><em>T\u018fBR\u0130KL\u018fR<\/em><\/strong><\/p>\n<p><strong>TELEFONOQRAM<\/strong><\/p>\n<p>H\u00f6rm\u0259tli \u201cYeni T\u0259rt\u0259r\u201d\u00e7il\u0259r! Sizi Az\u0259rbaycan Milli M\u0259tbuat\u0131 v\u0259 Jurnalistika G\u00fcn\u00fc m\u00fcnasib\u0259ti il\u0259 s\u0259mimi t\u0259brik edir\u0259m!<br \/>\nM\u00fcst\u0259qil Az\u0259rbaycanda m\u0259tbuata v\u0259 m\u0259tbuat i\u015f\u00e7il\u0259rin\u0259 b\u00f6y\u00fck \u00f6n\u0259m verilir. M\u0259tbuat c\u0259miyy\u0259timizi daim ir\u0259li aparan bir q\u00fcvv\u0259 hesab olunur.<br \/>\nRayon icra hakimiyy\u0259ti aparat\u0131n\u0131n yax\u0131n k\u00f6m\u0259k\u00e7isi olan \u201cYeni T\u0259rt\u0259r\u201d q\u0259zeti d\u0259 haz\u0131rda T\u0259rt\u0259rd\u0259 h\u0259yata ke\u00e7iril\u0259n u\u011furlu iqtisadi islahatlar\u0131n, quruculuq i\u015fl\u0259rinin, sosial layih\u0259l\u0259rin i\u015f\u0131qland\u0131r\u0131lmas\u0131nda f\u0259all\u0131q g\u00f6st\u0259rir.<br \/>\nKollektiviniz\u0259 \u00e7\u0259tin v\u0259 \u015f\u0259r\u0259fli i\u015find\u0259 yeniyeni m\u00fcv\u0259ff\u0259qiyy\u0259tl\u0259r, h\u0259r biriniz\u0259 cansa\u011fl\u0131\u011f\u0131 arzulay\u0131ram.<\/p>\n<p style=\"text-align: right;\"><strong><em>M\u00fcst\u0259qim M\u0259mm\u0259dov,<\/em><\/strong><br \/>\n<strong><em>T\u0259rt\u0259r Rayon \u0130cra Hakimiyy\u0259tinin ba\u015f\u00e7\u0131s\u0131<\/em><\/strong><\/p>\n<p><strong>TELEQRAM<\/strong><\/p>\n<p>\u201cYeni T\u0259rt\u0259r\u201d q\u0259zetinin ba\u015f redaktoru Tofiq Yusif\u0259.<br \/>\nH\u00f6rm\u0259tli Tofiq m\u00fc\u0259llim! Sizi v\u0259 yarad\u0131c\u0131 kollektivinizi 22 iyul \u2013 Az\u0259rbaycan milli m\u0259tbuat\u0131n\u0131n yaranmas\u0131n\u0131n 142 illiyi m\u00fcnasib\u0259til\u0259 t\u0259brik edir, siz\u0259 \u015f\u0259r\u0259fli pe\u015f\u0259nizd\u0259, respublikam\u0131z\u0131n sosial-iqtisadi, m\u0259n\u0259vi h\u0259yat\u0131n\u0131n i\u015f\u0131qland\u0131r\u0131lmas\u0131nda m\u0259tbuat i\u015f\u00e7il\u0259rinin rolunun daha da art\u0131r\u0131lmas\u0131nda yeni-yeni yarad\u0131c\u0131l\u0131q u\u011furlar\u0131 arzulay\u0131r\u0131q. Q\u0259l\u0259miniz iti, s\u00f6z\u00fcn\u00fcz k\u0259s\u0259rli olsun!<\/p>\n<p style=\"text-align: right;\"><em><strong>Raqub M\u0259mm\u0259dov,<\/strong><\/em><br \/>\n<em><strong>A\u011fdam Rayon \u0130cra Hakimiyy\u0259tinin ba\u015f\u00e7\u0131s\u0131<\/strong><\/em><br \/>\n<!--more--><\/p>\n<p>\u018fsas\u0131 milli m\u0259tbuat\u0131m\u0131z\u0131n banisi H\u0259s\u0259n b\u0259y Z\u0259rdabi t\u0259r\u0259find\u0259n 22 iyul 1875-ci ild\u0259 qoyulan \u201c\u018fkin\u00e7i\u201d q\u0259zetinin \u00e7apdan \u00e7\u0131xmas\u0131ndan 142 il \u00f6t\u00fcr. Respublikam\u0131zda n\u0259\u015fr olunan dig\u0259r m\u0259tbu orqanlar\u0131 kimi, bizim T\u0259rt\u0259r rayon q\u0259zeti d\u0259 80 ild\u0259n \u00e7oxdur ki, \u00fcz\u0259rin\u0259 d\u00fc\u015f\u0259n v\u0259zif\u0259ni layiqinc\u0259 yerin\u0259 yetirir.<br \/>\nAz\u0259rbaycan Respublikas\u0131 Prezidentinin 5 iyul 1991-ci il tarixli f\u0259rman\u0131 il\u0259 Az\u0259rbaycan\u0131n ilk milli m\u0259tbu orqan\u0131 olan \u201c\u018fkin\u00e7i\u201d q\u0259zetinin birinci n\u00f6mr\u0259sinin \u00e7apdan \u00e7\u0131xd\u0131\u011f\u0131 g\u00fcn\u201322 iyul Az\u0259rbaycan Milli M\u0259tbuat\u0131 v\u0259 Jurnalistika G\u00fcn\u00fc elan edilib.<br \/>\nBu g\u00fcn m\u00fcnasib\u0259ti il\u0259 ba\u015fda redaktor Tofiq Yusif olmaqla q\u0259zetin b\u00fct\u00fcn yarad\u0131c\u0131 kollektivini \u00fcr\u0259kd\u0259n t\u0259brik edir\u0259m.<\/p>\n<p style=\"text-align: right;\"><em><strong>Ramiz \u015eabanov, <\/strong><\/em><br \/>\n<em><strong>YAP T\u0259rt\u0259r Rayon T\u0259\u015fkilat\u0131n\u0131n s\u0259dri<\/strong><\/em><\/p>\n<p>T\u0259rt\u0259r rayonunun \u201cYeni T\u0259rt\u0259r\u201d q\u0259zetinin ba\u015f redaktoru Tofiq Yusifi v\u0259 q\u0259zetin kollektivini Milli M\u0259tbuat\u0131m\u0131z\u0131n 142 illiyi m\u00fcnasib\u0259ti il\u0259 \u00fcr\u0259kd\u0259n t\u0259brik edir, onlara uzun \u00f6m\u00fcr, cansa\u011fl\u0131\u011f\u0131 arzulay\u0131ram.<br \/>\nH\u00f6rm\u0259tli Tofiq m\u00fc\u0259llim, m\u0259n Sizin, h\u0259m d\u0259 n\u0259\u015fr etdirdiyiniz \u201cYeni T\u0259rt\u0259r\u201d q\u0259zetinin yax\u0131n dostuyam. Bu q\u0259-zetin redaksiyas\u0131 m\u0259nim \u00fc\u00e7\u00fcn do\u011fma m\u0259kana \u00e7evrilib. H\u0259r d\u0259f\u0259 rayona yolum d\u00fc\u015f\u0259nd\u0259 redaksiyan\u0131n qona\u011f\u0131 olub, kollektivinizl\u0259 g\u00f6r\u00fc\u015fm\u0259yi \u00f6z\u00fcm\u0259 borc bilir\u0259m. Bu q\u0259zet oxunaql\u0131 v\u0259 maraql\u0131d\u0131r. Q\u0259zet bizim aliml\u0259rimizin d\u0259 diqq\u0259tini c\u0259lb edir. \u201cYeni T\u0259rt\u0259r\u201di region q\u0259zetl\u0259ri i\u00e7\u0259risind\u0259 n\u00fcmun\u0259vi bir m\u0259tbu orqan kimi tan\u0131y\u0131r\u0131q. Biz q\u0259zetin h\u0259r n\u00f6mr\u0259sini \u00e7ox maraqla oxuyub m\u00fczakir\u0259 edirik. D\u0259rc olunan materiallar T\u0259rt\u0259r rayonunun b\u00fct\u00fcn sah\u0259l\u0259rini \u0259hat\u0259 etdiyind\u0259n biz d\u0259 geni\u015f m\u0259lumat al\u0131r\u0131q.<br \/>\nBu bayram m\u00fcnasib\u0259ti il\u0259 bir daha Sizi v\u0259 kollektivinizi t\u0259brik edir, yeni-yeni yarad\u0131c\u0131l\u0131q u\u011furlar\u0131 arzulay\u0131ram.<\/p>\n<p style=\"text-align: right;\"><em><strong>H\u00f6rm\u0259tl\u0259: Rasim Axundov,<\/strong><\/em><br \/>\n<em><strong>texnika elml\u0259ri doktoru, professor<\/strong><\/em><\/p>\n<p style=\"text-align: left;\">H\u00f6rm\u0259tli Tofiq m\u00fc\u0259llim! Sizi v\u0259 ba\u015f\u00e7\u0131l\u0131q etdiyiniz kollektivi \u0259lam\u0259tdar tarix\u2013M\u0259tbuat G\u00fcn\u00fc m\u00fcnasib\u0259ti il\u0259 \u00fcr\u0259kd\u0259n t\u0259brik edir\u0259m.<br \/>\nQ\u0259zet b\u00fct\u00fcn d\u00f6vrl\u0259rd\u0259 c\u0259miyy\u0259tin qar\u015f\u0131s\u0131nda duran v\u0259zif\u0259l\u0259rin yerin\u0259 yetirilm\u0259sind\u0259 m\u00fch\u00fcm rol oynay\u0131b.<br \/>\nBug\u00fcnk\u00fc informasiya bollu\u011funda is\u0259 d\u0259qiq v\u0259 q\u0259r\u0259zsiz informasiyaya ehtiyac daha da art\u0131b. Siz\u0259 \u015f\u0259r\u0259fli i\u015finizd\u0259 u\u011furlar arzulay\u0131r\u0131q.<\/p>\n<p style=\"text-align: right;\"><strong><em>Ruslan Zeynalov,<\/em><\/strong><br \/>\n<strong><em>F\u00f6vq\u0259lad\u0259 Hallar Nazirliyinin Qaraba\u011f Regional M\u0259rk\u0259zi<\/em><\/strong><\/p>\n<p style=\"text-align: left;\">\u00c7oxh\u00f6rm\u0259tli \u201cYeni T\u0259rt\u0259r\u201d\u00e7il\u0259r Sizi milli m\u0259tbuat\u0131m\u0131z\u0131n 142-ci ild\u00f6n\u00fcm\u00fc m\u00fcnasib\u0259til\u0259 \u00fcr\u0259kd\u0259n t\u0259brik edir\u0259m. Uzun ill\u0259rdir ki, m\u0259n bu q\u0259zetin oxucusuyam. Burada d\u0259rc olunan materiallar \u0259halinin b\u00fct\u00fcn t\u0259b\u0259q\u0259l\u0259ri \u00fc\u00e7\u00fcn maraql\u0131d\u0131r. M\u0259n x\u00fcsusil\u0259 istirah\u0259t s\u0259hif\u0259l\u0259rini, satirik q\u0259l\u0259ml\u0259 yaz\u0131lm\u0131\u015f m\u0259qal\u0259l\u0259ri h\u0259v\u0259sl\u0259 oxuyuram.<br \/>\nH\u0259yatda sizl\u0259r\u0259 uzun \u00f6m\u00fcr, cansa\u011fl\u0131\u011f\u0131 dil\u0259yir\u0259m. H\u0259r zaman q\u0259l\u0259miniz iti, s\u00f6z\u00fcn\u00fcz k\u0259s\u0259rli olsun.<\/p>\n<p style=\"text-align: right;\"><strong><em>H\u00f6rm\u0259tl\u0259: Filyar Atayeva ,<\/em><\/strong><\/p>\n<p style=\"text-align: right;\"><strong><em> \u201cYeni T\u0259rt\u0259r\u201d q\u0259zetinin daimi oxucusu, A\u011fk\u0259nd k\u0259ndinin sakini<\/em><\/strong><\/p>\n","protected":false},"excerpt":{"rendered":"<p>T\u018fBR\u0130KL\u018fR TELEFONOQRAM H\u00f6rm\u0259tli \u201cYeni T\u0259rt\u0259r\u201d\u00e7il\u0259r! Sizi Az\u0259rbaycan Milli M\u0259tbuat\u0131 v\u0259 Jurnalistika G\u00fcn\u00fc m\u00fcnasib\u0259ti il\u0259 s\u0259mimi t\u0259brik edir\u0259m! M\u00fcst\u0259qil Az\u0259rbaycanda m\u0259tbuata v\u0259 m\u0259tbuat i\u015f\u00e7il\u0259rin\u0259 b\u00f6y\u00fck \u00f6n\u0259m verilir. M\u0259tbuat c\u0259miyy\u0259timizi daim ir\u0259li aparan bir q\u00fcvv\u0259 hesab olunur. Rayon icra hakimiyy\u0259ti aparat\u0131n\u0131n yax\u0131n k\u00f6m\u0259k\u00e7isi olan \u201cYeni T\u0259rt\u0259r\u201d q\u0259zeti d\u0259 haz\u0131rda T\u0259rt\u0259rd\u0259 h\u0259yata ke\u00e7iril\u0259n u\u011furlu iqtisadi islahatlar\u0131n, quruculuq i\u015fl\u0259rinin, [&hellip;]<\/p>\n","protected":false},"author":2,"featured_media":0,"comment_status":"closed","ping_status":"closed","sticky":false,"template":"","format":"standard","meta":[],"categories":[10],"tags":[20],"_links":{"self":[{"href":"https:\/\/yeniterter.az\/index.php?rest_route=\/wp\/v2\/posts\/7087"}],"collection":[{"href":"https:\/\/yeniterter.az\/index.php?rest_route=\/wp\/v2\/posts"}],"about":[{"href":"https:\/\/yeniterter.az\/index.php?rest_route=\/wp\/v2\/types\/post"}],"author":[{"embeddable":true,"href":"https:\/\/yeniterter.az\/index.php?rest_route=\/wp\/v2\/users\/2"}],"replies":[{"embeddable":true,"href":"https:\/\/yeniterter.az\/index.php?rest_route=%2Fwp%2Fv2%2Fcomments&post=7087"}],"version-history":[{"count":0,"href":"https:\/\/yeniterter.az\/index.php?rest_route=\/wp\/v2\/posts\/7087\/revisions"}],"wp:attachment":[{"href":"https:\/\/yeniterter.az\/index.php?rest_route=%2Fwp%2Fv2%2Fmedia&parent=7087"}],"wp:term":[{"taxonomy":"category","embeddable":true,"href":"https:\/\/yeniterter.az\/index.php?rest_route=%2Fwp%2Fv2%2Fcategories&post=7087"},{"taxonomy":"post_tag","embeddable":true,"href":"https:\/\/yeniterter.az\/index.php?rest_route=%2Fwp%2Fv2%2Ftags&post=7087"}],"curies":[{"name":"wp","href":"https:\/\/api.w.org\/{rel}","templated":true}]}}