{"id":7084,"date":"2017-07-28T12:34:57","date_gmt":"2017-07-28T09:34:57","guid":{"rendered":"http:\/\/www.yeniterter.az\/?p=7084"},"modified":"2017-07-29T09:32:17","modified_gmt":"2017-07-29T06:32:17","slug":"yap-t%c9%99rt%c9%99r-rayon-t%c9%99skilatinin-24-cu-ildonumu","status":"publish","type":"post","link":"https:\/\/yeniterter.az\/?p=7084","title":{"rendered":"YAP T\u0259rt\u0259r Rayon T\u0259\u015fkilat\u0131n\u0131n 24-c\u00fc ild\u00f6n\u00fcm\u00fc"},"content":{"rendered":"<p><strong><img decoding=\"async\" loading=\"lazy\" class=\" wp-image-7085 alignleft\" src=\"http:\/\/www.yeniterter.az\/wp-content\/uploads\/\u0418\u0437\u043e\u0431\u0440\u0430\u0436\u0435\u043d\u0438\u0435-104-6-300x200.jpg\" alt=\"\u0418\u0437\u043e\u0431\u0440\u0430\u0436\u0435\u043d\u0438\u0435 104\" width=\"171\" height=\"114\" srcset=\"https:\/\/yeniterter.az\/wp-content\/uploads\/\u0418\u0437\u043e\u0431\u0440\u0430\u0436\u0435\u043d\u0438\u0435-104-6-300x200.jpg 300w, https:\/\/yeniterter.az\/wp-content\/uploads\/\u0418\u0437\u043e\u0431\u0440\u0430\u0436\u0435\u043d\u0438\u0435-104-6-768x512.jpg 768w, https:\/\/yeniterter.az\/wp-content\/uploads\/\u0418\u0437\u043e\u0431\u0440\u0430\u0436\u0435\u043d\u0438\u0435-104-6-1024x683.jpg 1024w, https:\/\/yeniterter.az\/wp-content\/uploads\/\u0418\u0437\u043e\u0431\u0440\u0430\u0436\u0435\u043d\u0438\u0435-104-6.jpg 1500w\" sizes=\"(max-width: 171px) 100vw, 171px\" \/><img decoding=\"async\" loading=\"lazy\" class=\" wp-image-7109 alignright\" src=\"http:\/\/www.yeniterter.az\/wp-content\/uploads\/\u0418\u0437\u043e\u0431\u0440\u0430\u0436\u0435\u043d\u0438\u0435-055-4-300x201.jpg\" alt=\"\u0418\u0437\u043e\u0431\u0440\u0430\u0436\u0435\u043d\u0438\u0435 055\" width=\"164\" height=\"110\" srcset=\"https:\/\/yeniterter.az\/wp-content\/uploads\/\u0418\u0437\u043e\u0431\u0440\u0430\u0436\u0435\u043d\u0438\u0435-055-4-300x201.jpg 300w, https:\/\/yeniterter.az\/wp-content\/uploads\/\u0418\u0437\u043e\u0431\u0440\u0430\u0436\u0435\u043d\u0438\u0435-055-4-768x514.jpg 768w, https:\/\/yeniterter.az\/wp-content\/uploads\/\u0418\u0437\u043e\u0431\u0440\u0430\u0436\u0435\u043d\u0438\u0435-055-4-1024x685.jpg 1024w, https:\/\/yeniterter.az\/wp-content\/uploads\/\u0418\u0437\u043e\u0431\u0440\u0430\u0436\u0435\u043d\u0438\u0435-055-4.jpg 1500w\" sizes=\"(max-width: 164px) 100vw, 164px\" \/>\u00d6NC\u00dcL Q\u00dcVV\u018f<\/strong><\/p>\n<p>YAP T\u0259rt\u0259r Rayon T\u0259\u015fkilat\u0131n\u0131n yarad\u0131lmas\u0131n\u0131n 24-c\u00fc ild\u00f6n\u00fcm\u00fcn\u0259 h\u0259sr olunmu\u015f t\u0259dbir ke\u00e7irildi. T\u0259dbir istirak\u00e7\u0131lar\u0131 h\u00f6rm\u0259t \u0259lam\u0259ti olaraq Ulu \u00d6nd\u0259r Heyd\u0259r \u018fliyevin b\u00fcst\u00fcn\u00fc ziyar\u0259t ed\u0259r\u0259k \u00f6n\u00fcn\u0259 g\u00fcll\u0259r qoydular.<br \/>\nT\u0259dbir rayon icra hakimiyy\u0259tinin iclas zal\u0131nda davam etdirildi. \u00dcmummilli Lider Heyd\u0259r \u018fliyevin v\u0259 YAP s\u0131ralar\u0131ndan d\u00fcnyas\u0131n\u0131 d\u0259yi\u015f\u0259nl\u0259rin xatir\u0259si 1 d\u0259qiq\u0259lik s\u00fckutla yad edildi.<br \/>\nSonra YAP T\u0259rt\u0259r Rayon T\u0259\u015fkilat\u0131n\u0131n s\u0259dri Ramiz \u015eabanov geni\u015f m\u0259ruz\u0259 etdi. Bildirdi ki, bu g\u00fcn yaranmas\u0131n\u0131n 24-c\u00fc ild\u00f6n\u00fcm\u00fcn\u00fc qeyd etdiyimiz YAP T\u0259rt\u0259r Rayon T\u0259\u015fkilat\u0131n\u0131n t\u0259sis konfrans\u0131 1993-c\u00fc ilin iyul ay\u0131n\u0131n 25-d\u0259 ke\u00e7iril\u0259r\u0259k rayon t\u0259\u015fkilat\u0131 yarad\u0131ld\u0131. T\u0259\u015fkilat\u0131m\u0131z yarand\u0131\u011f\u0131 vaxt onun \u00fczvl\u0259rinin say\u0131 c\u0259mi 88 n\u0259f\u0259r idis\u0259, indi 83 \u0259razi ilk t\u0259\u015fkilat\u0131 \u00f6z\u00fcnd\u0259 6073 n\u0259f\u0259r partiya \u00fczv\u00fcn\u00fc birl\u0259\u015fdirir. Partiya \u00fczvl\u0259rinin 3312 n\u0259f\u0259ri v\u0259 ya 52%-i qad\u0131n, 48%-i is\u0259 ki\u015fidir.<!--more--> Onlardan 3 n\u0259f\u0259ri elml\u0259r namiz\u0259didir. Haz\u0131rda partiya \u00fczvl\u0259rind\u0259n 1395 n\u0259f\u0259rini g\u0259ncl\u0259r t\u0259\u015fkil edir. 2017-ci ilin bu g\u00fcn\u00fcn\u0259d\u0259k 195 n\u0259f\u0259r YAP s\u0131ralar\u0131na q\u0259bul olunmu\u015fdur ki, onlar\u0131n da 110 n\u0259f\u0259ri v\u0259 ya 73%-i g\u0259ncl\u0259r, 98%-i is\u0259 qad\u0131nlard\u0131r. Partiyam\u0131z\u0131n rayon t\u0259\u015fkilat\u0131 24 il \u0259rzind\u0259 b\u00f6y\u00fcmu\u015f, m\u0259tinl\u0259\u015fmi\u015f, ideyasiyas\u0131 t\u0259rbiy\u0259 v\u0259 t\u0259\u015fkilat\u00e7\u0131l\u0131q t\u0259cr\u00fcb\u0259si il\u0259 daha da z\u0259nginl\u0259\u015fmi\u015fdir. YAP \u00fczvl\u0259ri \u00f6lk\u0259mizin v\u0259 rayonumuzun sosial-iqtisadi inki\u015faf\u0131 istiqam\u0259tind\u0259 f\u0259all\u0131q g\u00f6st\u0259rir, h\u0259yata ke\u00e7iril\u0259n b\u00fct\u00fcn i\u015fl\u0259rd\u0259 \u00f6nc\u00fcll\u00fckl\u0259ri il\u0259 f\u0259rql\u0259nirl\u0259r.<br \/>\nM\u00f6ht\u0259r\u0259m Prezidentimiz \u0130lham \u018fliyevin T\u0259rt\u0259r v\u0259 t\u0259rt\u0259rlil\u0259r\u0259 b\u00f6y\u00fck diqq\u0259t v\u0259 qay\u011f\u0131s\u0131, rayon r\u0259hb\u0259rliyinin, h\u00f6rm\u0259tli icra ba\u015f\u00e7\u0131m\u0131z M\u00fcst\u0259qim M\u0259mm\u0259dovun t\u0259\u015fkilat\u00e7\u0131l\u0131\u011f\u0131 v\u0259 g\u0259rgin \u0259m\u0259yi say\u0259sind\u0259 rayonda b\u00f6y\u00fck tikinti, abadl\u0131q v\u0259 quruculuq i\u015fl\u0259ri g\u00f6r\u00fcl\u00fcr. \u00d6t\u0259n il partiyam\u0131z\u0131n s\u0259dri, m\u00f6ht\u0259r\u0259m Prezident c\u0259nab \u0130lham \u018fliyevin 2 d\u0259f\u0259 rayonumuza s\u0259f\u0259r etm\u0259si, m\u0259lum aprel hadis\u0259l\u0259rind\u0259n sonra rayonun ya\u015fay\u0131\u015f m\u0259nt\u0259q\u0259l\u0259rin\u0259, infrastruktura d\u0259ymi\u015f z\u0259r\u0259rin aradan qald\u0131r\u0131lmas\u0131 \u00fc\u00e7\u00fcn ay\u0131rd\u0131\u011f\u0131 v\u0259sait, sonuncu s\u0259f\u0259ri zaman\u0131 b\u0259rpa olunmu\u015f evl\u0259rin v\u0259 binalar\u0131n a\u00e7\u0131l\u0131\u015flar\u0131nda, x\u00fcsusi il\u0259 d\u0259 YAP rayon t\u0259\u015fkilat\u0131 \u00fc\u00e7\u00fcn in\u015fa olunmu\u015f yeni binan\u0131n a\u00e7\u0131l\u0131\u015f\u0131ndak\u0131 i\u015ftirak\u0131 h\u0259r bir t\u0259rt\u0259rlid\u0259 b\u00f6y\u00fck q\u00fcrur v\u0259 iftixar hissi yaratm\u0131\u015fd\u0131r.<br \/>\nYAP rayon t\u0259\u015fkilat\u0131n\u0131n \u00fczvl\u0259rinin d\u0259 g\u0259rgin \u0259m\u0259yi say\u0259-sind\u0259 rayonumuz g\u00fcnb\u0259g\u00fcn, anbaan yenil\u0259\u015fir. G\u00f6r\u00fcl\u0259n i\u015fl\u0259r insanlar\u0131m\u0131z\u0131n d\u00f6vl\u0259t\u0259 v\u0259 d\u00f6vl\u0259t\u00e7iliy\u0259, d\u00f6vl\u0259t ba\u015f\u00e7\u0131m\u0131za olan inam\u0131n\u0131 durmadan art\u0131r\u0131r.<br \/>\nM\u0259ruz\u0259 \u0259traf\u0131nda t\u0259hsil ilk partiya t\u0259\u015fkilat\u0131n\u0131n s\u0259dri \u0130ntiqam Nuruyev, Qapanl\u0131 \u0259razi ilk partiya t\u0259\u015fkilat\u0131n\u0131n s\u0259dri Rizvan \u018fzimov, n\u0259zar\u0259t-t\u0259fti\u015f qrupunun s\u0259dri H\u0259c\u0259r Xeyri, \u015fura \u00fczvl\u0259ri Az\u0259r A\u011fayev, G\u00fclar\u0259 \u018fhm\u0259dova, Qapanl\u0131 k\u0259nd tam orta m\u0259kt\u0259bin direktoru Fitat \u018fliyeva \u00e7\u0131x\u0131\u015f ed\u0259r\u0259k YAP-\u0131n uzun\u00f6m\u00fcrl\u00fc bir partiya olmas\u0131n\u0131, bildirdil\u0259r.<br \/>\nSonda YAP s\u0131ralar\u0131na yeni daxil olan g\u0259ncl\u0259r\u0259 uzvl\u00fck v\u0259siq\u0259si t\u0259qdim olundu.<\/p>\n<p style=\"text-align: right;\"><strong><em>\u201cYeni T\u0259rt\u0259r\u201d<\/em><\/strong><\/p>\n","protected":false},"excerpt":{"rendered":"<p>\u00d6NC\u00dcL Q\u00dcVV\u018f YAP T\u0259rt\u0259r Rayon T\u0259\u015fkilat\u0131n\u0131n yarad\u0131lmas\u0131n\u0131n 24-c\u00fc ild\u00f6n\u00fcm\u00fcn\u0259 h\u0259sr olunmu\u015f t\u0259dbir ke\u00e7irildi. T\u0259dbir istirak\u00e7\u0131lar\u0131 h\u00f6rm\u0259t \u0259lam\u0259ti olaraq Ulu \u00d6nd\u0259r Heyd\u0259r \u018fliyevin b\u00fcst\u00fcn\u00fc ziyar\u0259t ed\u0259r\u0259k \u00f6n\u00fcn\u0259 g\u00fcll\u0259r qoydular. T\u0259dbir rayon icra hakimiyy\u0259tinin iclas zal\u0131nda davam etdirildi. \u00dcmummilli Lider Heyd\u0259r \u018fliyevin v\u0259 YAP s\u0131ralar\u0131ndan d\u00fcnyas\u0131n\u0131 d\u0259yi\u015f\u0259nl\u0259rin xatir\u0259si 1 d\u0259qiq\u0259lik s\u00fckutla yad edildi. Sonra YAP T\u0259rt\u0259r Rayon [&hellip;]<\/p>\n","protected":false},"author":2,"featured_media":0,"comment_status":"closed","ping_status":"closed","sticky":false,"template":"","format":"standard","meta":[],"categories":[1],"tags":[13],"_links":{"self":[{"href":"https:\/\/yeniterter.az\/index.php?rest_route=\/wp\/v2\/posts\/7084"}],"collection":[{"href":"https:\/\/yeniterter.az\/index.php?rest_route=\/wp\/v2\/posts"}],"about":[{"href":"https:\/\/yeniterter.az\/index.php?rest_route=\/wp\/v2\/types\/post"}],"author":[{"embeddable":true,"href":"https:\/\/yeniterter.az\/index.php?rest_route=\/wp\/v2\/users\/2"}],"replies":[{"embeddable":true,"href":"https:\/\/yeniterter.az\/index.php?rest_route=%2Fwp%2Fv2%2Fcomments&post=7084"}],"version-history":[{"count":0,"href":"https:\/\/yeniterter.az\/index.php?rest_route=\/wp\/v2\/posts\/7084\/revisions"}],"wp:attachment":[{"href":"https:\/\/yeniterter.az\/index.php?rest_route=%2Fwp%2Fv2%2Fmedia&parent=7084"}],"wp:term":[{"taxonomy":"category","embeddable":true,"href":"https:\/\/yeniterter.az\/index.php?rest_route=%2Fwp%2Fv2%2Fcategories&post=7084"},{"taxonomy":"post_tag","embeddable":true,"href":"https:\/\/yeniterter.az\/index.php?rest_route=%2Fwp%2Fv2%2Ftags&post=7084"}],"curies":[{"name":"wp","href":"https:\/\/api.w.org\/{rel}","templated":true}]}}