{"id":7080,"date":"2017-07-28T12:27:58","date_gmt":"2017-07-28T09:27:58","guid":{"rendered":"http:\/\/www.yeniterter.az\/?p=7080"},"modified":"2017-07-29T09:30:29","modified_gmt":"2017-07-29T06:30:29","slug":"q%c9%99r%c9%99zsiz-saglam-v%c9%99-maraqli-q%c9%99zet","status":"publish","type":"post","link":"https:\/\/yeniterter.az\/?p=7080","title":{"rendered":"Q\u018fR\u018fZS\u0130Z, SA\u011eLAM V\u018f MARAQLI Q\u018fZET"},"content":{"rendered":"<p><img decoding=\"async\" loading=\"lazy\" class=\" wp-image-7081 alignleft\" src=\"http:\/\/www.yeniterter.az\/wp-content\/uploads\/\u0418\u0437\u043e\u0431\u0440\u0430\u0436\u0435\u043d\u0438\u0435-055-3-300x201.jpg\" alt=\"\u0418\u0437\u043e\u0431\u0440\u0430\u0436\u0435\u043d\u0438\u0435 055\" width=\"177\" height=\"118\" srcset=\"https:\/\/yeniterter.az\/wp-content\/uploads\/\u0418\u0437\u043e\u0431\u0440\u0430\u0436\u0435\u043d\u0438\u0435-055-3-300x201.jpg 300w, https:\/\/yeniterter.az\/wp-content\/uploads\/\u0418\u0437\u043e\u0431\u0440\u0430\u0436\u0435\u043d\u0438\u0435-055-3-768x514.jpg 768w, https:\/\/yeniterter.az\/wp-content\/uploads\/\u0418\u0437\u043e\u0431\u0440\u0430\u0436\u0435\u043d\u0438\u0435-055-3-1024x685.jpg 1024w, https:\/\/yeniterter.az\/wp-content\/uploads\/\u0418\u0437\u043e\u0431\u0440\u0430\u0436\u0435\u043d\u0438\u0435-055-3.jpg 1500w\" sizes=\"(max-width: 177px) 100vw, 177px\" \/><img decoding=\"async\" loading=\"lazy\" class=\" wp-image-7107 alignright\" src=\"http:\/\/www.yeniterter.az\/wp-content\/uploads\/\u0418\u0437\u043e\u0431\u0440\u0430\u0436\u0435\u043d\u0438\u0435-024-3-300x201.jpg\" alt=\"\u0418\u0437\u043e\u0431\u0440\u0430\u0436\u0435\u043d\u0438\u0435 024\" width=\"168\" height=\"113\" srcset=\"https:\/\/yeniterter.az\/wp-content\/uploads\/\u0418\u0437\u043e\u0431\u0440\u0430\u0436\u0435\u043d\u0438\u0435-024-3-300x201.jpg 300w, https:\/\/yeniterter.az\/wp-content\/uploads\/\u0418\u0437\u043e\u0431\u0440\u0430\u0436\u0435\u043d\u0438\u0435-024-3-768x514.jpg 768w, https:\/\/yeniterter.az\/wp-content\/uploads\/\u0418\u0437\u043e\u0431\u0440\u0430\u0436\u0435\u043d\u0438\u0435-024-3-1024x685.jpg 1024w, https:\/\/yeniterter.az\/wp-content\/uploads\/\u0418\u0437\u043e\u0431\u0440\u0430\u0436\u0435\u043d\u0438\u0435-024-3.jpg 1500w\" sizes=\"(max-width: 168px) 100vw, 168px\" \/>M\u0259tbuata qay\u011f\u0131 v\u0259 diqq\u0259t Ulu \u00d6nd\u0259r Heyd\u0259r \u018fliyevin v\u0259 onun layiqli davam\u00e7\u0131s\u0131 Prezident \u0130lham \u018fliyevin h\u0259yata ke\u00e7irdikl\u0259ri siyas\u0259tin \u0259sas x\u0259ttini t\u0259\u015fkil edir. Milli M\u0259tbuat G\u00fcn\u00fc \u0259r\u0259f\u0259sind\u0259 v\u0259 bayram g\u00fcn\u00fcnd\u0259 jurnalistl\u0259rimiz \u00f6lk\u0259 ba\u015f\u00e7\u0131s\u0131n\u0131n qay\u011f\u0131s\u0131n\u0131 x\u00fcsusil\u0259 hiss etdil\u0259r. Prezidentin s\u0259r\u0259ncam\u0131 il\u0259 media n\u00fcmay\u0259nd\u0259l\u0259rin\u0259 pulsuz m\u0259nzill\u0259rin paylanmas\u0131, Az\u0259rbaycan Respublikas\u0131 Prezidenti yan\u0131nda K\u0130VDF-y\u0259 m\u0259tbu orqanlara k\u00f6m\u0259klik m\u0259qs\u0259di il\u0259 1 milyon manat pul ayr\u0131lmas\u0131, bir qrup jurnalistin diplom v\u0259 m\u00fckafata layiq g\u00f6-r\u00fclm\u0259si c\u0259miyy\u0259timizd\u0259 m\u00fcsb\u0259t qar\u015f\u0131land\u0131.<br \/>\nBayram g\u00fcn\u00fcnd\u0259 bizim redaksiyam\u0131zda da y\u00fcks\u0259k \u0259hval-ruhiyy\u0259 h\u00f6km s\u00fcr\u00fcrd\u00fc. Kollektivimizi t\u0259brik etm\u0259y\u0259 T\u0259rt\u0259r Rayon \u0130cra Hakimiyy\u0259ti ba\u015f\u00e7\u0131s\u0131n\u0131n v\u0259zif\u0259sini icra ed\u0259n Ramiz \u015eabanov, ictimai-siyasi v\u0259 humanitar m\u0259s\u0259l\u0259l\u0259r \u015f\u00f6b\u0259sinin m\u00fcdir m\u00fcavinidini qurumlarla i\u015fin t\u0259\u015fkilat\u00e7\u0131s\u0131 Elvin Umudov v\u0259 aparat\u0131n i\u015f\u00e7isi F\u0259rid\u0259 Qurbanzad\u0259 g\u0259lmi\u015fdil\u0259r.<!--more--><br \/>\nRayon icra hakimiyy\u0259tinin ba\u015f\u00e7\u0131s\u0131 M\u00fcst\u0259qim M\u0259mm\u0259dovun v\u0259 icra aparat\u0131n\u0131n ad\u0131ndan kollektivimizi t\u0259brik ed\u0259n Ra-miz \u015eabanov m\u0259tbuat\u0131n m\u00fcst\u0259qil Az\u0259rbaycan\u0131n h\u0259yat\u0131nda oynad\u0131\u011f\u0131 roldan dan\u0131\u015fd\u0131, \u201cYeni T\u0259rt\u0259r\u201din f\u0259aliyy\u0259tini y\u00fcks\u0259k qiym\u0259tl\u0259ndir\u0259r\u0259k \u0259m\u0259kda\u015flar\u0131m\u0131za yeni yarad\u0131c\u0131l\u0131q u\u011furlar\u0131 arzulad\u0131.<br \/>\nQ\u0259zetin ba\u015f redaktoru Tofiq Yusif milli m\u0259tbuat\u0131n \u201c\u018fkin\u00e7i\u201dd\u0259n ba\u015flayan \u00e7\u0259tin v\u0259 \u015f\u0259r\u0259fli yolundan dan\u0131\u015fd\u0131. Q\u0259zetimizin f\u0259aliyy\u0259tind\u0259 biz\u0259 d\u0259st\u0259k olan rayon r\u0259hb\u0259rliyin\u0259 kollektivin minn\u0259tdarl\u0131\u011f\u0131n\u0131 \u00e7atd\u0131rd\u0131.<br \/>\nElvin Umudov rayon icra hakimiyy\u0259ti ad\u0131ndan \u201cYeni T\u0259rt\u0259r\u201din \u0259m\u0259kda\u015flar\u0131na pul m\u00fckafat\u0131 t\u0259qdim etdi. H\u0259m\u00e7inin redaksiyan\u0131n m\u00fchasibi B\u0259xtil\u0259 \u018fliyeva, ba\u015f redaktorun k\u00f6m\u0259k\u00e7isi Nigar \u018fmrahova v\u0259 komp\u00fcter\u00e7i Aysel H\u00fcseynova q\u0259zetin f\u0259aliyy\u0259tind\u0259ki xidm\u0259tl\u0259rin\u0259 v\u0259 M\u0259tbuat G\u00fcn\u00fc m\u00fcnasib\u0259ti il\u0259 \u201cYeni T\u0259rt\u0259r\u201din f\u0259xri diplomlar\u0131 il\u0259 t\u0259ltif olundular.<br \/>\nQ\u0259zetin \u0259m\u0259kda\u015flar\u0131ndan \u018fv\u0259z N\u0259sirov, B\u0259xtil\u0259 \u018fliyeva, K\u0259nan H\u00fcseynzad\u0259 t\u0259dbird\u0259 \u00e7\u0131x\u0131\u015f etdil\u0259r.<br \/>\n\u00c7ay s\u00fcfr\u0259si arxas\u0131nda ke\u00e7\u0259n s\u0259mimi t\u0259dbirin sonunda xatir\u0259 \u015f\u0259kli \u00e7\u0259kildi.<\/p>\n<p style=\"text-align: right;\"><em><strong>\u201cYeni T\u0259rt\u0259r\u201d<\/strong><\/em><\/p>\n","protected":false},"excerpt":{"rendered":"<p>M\u0259tbuata qay\u011f\u0131 v\u0259 diqq\u0259t Ulu \u00d6nd\u0259r Heyd\u0259r \u018fliyevin v\u0259 onun layiqli davam\u00e7\u0131s\u0131 Prezident \u0130lham \u018fliyevin h\u0259yata ke\u00e7irdikl\u0259ri siyas\u0259tin \u0259sas x\u0259ttini t\u0259\u015fkil edir. Milli M\u0259tbuat G\u00fcn\u00fc \u0259r\u0259f\u0259sind\u0259 v\u0259 bayram g\u00fcn\u00fcnd\u0259 jurnalistl\u0259rimiz \u00f6lk\u0259 ba\u015f\u00e7\u0131s\u0131n\u0131n qay\u011f\u0131s\u0131n\u0131 x\u00fcsusil\u0259 hiss etdil\u0259r. Prezidentin s\u0259r\u0259ncam\u0131 il\u0259 media n\u00fcmay\u0259nd\u0259l\u0259rin\u0259 pulsuz m\u0259nzill\u0259rin paylanmas\u0131, Az\u0259rbaycan Respublikas\u0131 Prezidenti yan\u0131nda K\u0130VDF-y\u0259 m\u0259tbu orqanlara k\u00f6m\u0259klik m\u0259qs\u0259di il\u0259 1 [&hellip;]<\/p>\n","protected":false},"author":2,"featured_media":0,"comment_status":"closed","ping_status":"closed","sticky":false,"template":"","format":"standard","meta":[],"categories":[1],"tags":[13],"_links":{"self":[{"href":"https:\/\/yeniterter.az\/index.php?rest_route=\/wp\/v2\/posts\/7080"}],"collection":[{"href":"https:\/\/yeniterter.az\/index.php?rest_route=\/wp\/v2\/posts"}],"about":[{"href":"https:\/\/yeniterter.az\/index.php?rest_route=\/wp\/v2\/types\/post"}],"author":[{"embeddable":true,"href":"https:\/\/yeniterter.az\/index.php?rest_route=\/wp\/v2\/users\/2"}],"replies":[{"embeddable":true,"href":"https:\/\/yeniterter.az\/index.php?rest_route=%2Fwp%2Fv2%2Fcomments&post=7080"}],"version-history":[{"count":0,"href":"https:\/\/yeniterter.az\/index.php?rest_route=\/wp\/v2\/posts\/7080\/revisions"}],"wp:attachment":[{"href":"https:\/\/yeniterter.az\/index.php?rest_route=%2Fwp%2Fv2%2Fmedia&parent=7080"}],"wp:term":[{"taxonomy":"category","embeddable":true,"href":"https:\/\/yeniterter.az\/index.php?rest_route=%2Fwp%2Fv2%2Fcategories&post=7080"},{"taxonomy":"post_tag","embeddable":true,"href":"https:\/\/yeniterter.az\/index.php?rest_route=%2Fwp%2Fv2%2Ftags&post=7080"}],"curies":[{"name":"wp","href":"https:\/\/api.w.org\/{rel}","templated":true}]}}