{"id":7077,"date":"2017-07-28T12:23:52","date_gmt":"2017-07-28T09:23:52","guid":{"rendered":"http:\/\/www.yeniterter.az\/?p=7077"},"modified":"2017-07-28T12:23:52","modified_gmt":"2017-07-28T09:23:52","slug":"erm%c9%99ni-vandalizminin-daha-bir-t%c9%99zahuru","status":"publish","type":"post","link":"https:\/\/yeniterter.az\/?p=7077","title":{"rendered":"ERM\u018fN\u0130 VANDAL\u0130ZM\u0130N\u0130N DAHA B\u0130R T\u018fZAH\u00dcR\u00dc"},"content":{"rendered":"<p><img decoding=\"async\" loading=\"lazy\" class=\" wp-image-7078 alignleft\" src=\"http:\/\/www.yeniterter.az\/wp-content\/uploads\/zehra_32458575_1499590754-300x225.jpg\" alt=\"zehra_32458575_1499590754\" width=\"165\" height=\"124\" srcset=\"https:\/\/yeniterter.az\/wp-content\/uploads\/zehra_32458575_1499590754-300x225.jpg 300w, https:\/\/yeniterter.az\/wp-content\/uploads\/zehra_32458575_1499590754.jpg 700w\" sizes=\"(max-width: 165px) 100vw, 165px\" \/>\u0130yul ay\u0131n\u0131n 4-d\u0259 erm\u0259ni vandallar\u0131n\u0131n F\u00fczuli rayonunun Alxanl\u0131 k\u0259ndini q\u0259fl\u0259t\u0259n iri\u00e7apl\u0131 silahlardan at\u0259\u015f\u0259 tutmas\u0131 n\u0259tic\u0259sind\u0259 k\u0259nd sakinl\u0259ri 1967-ci il t\u0259v\u0259ll\u00fcdl\u00fc Allahverdiyeva Sahib\u0259 \u0130dris q\u0131z\u0131 v\u0259 onun n\u0259v\u0259si, 2 ya\u015fl\u0131 Z\u0259hra Elnur q\u0131z\u0131 Quliyevan\u0131n, h\u0259lak olmas\u0131 k\u0259ndin dig\u0259r bir sakini, 1965-ci il t\u0259v\u0259ll\u00fcdl\u00fc S\u0259lvinaz Quliyevan\u0131n yaralanma x\u0259b\u0259rini televiziya ekranlar\u0131ndan e\u015fitdik. Bu ac\u0131, d\u00f6z\u00fclm\u0259z hadis\u0259 erm\u0259ni vandallar\u0131n\u0131n insanl\u0131\u011fa s\u0131\u011fmayan h\u0259r\u0259k\u0259tl\u0259rinin davam\u0131d\u0131r. M\u0259n v\u0259 ail\u0259miz bu hadis\u0259ni \u00fcr\u0259k a\u011fr\u0131s\u0131 il\u0259 qar\u015f\u0131lad\u0131q.<br \/>\n2 ya\u015fl\u0131 Z\u0259hran\u0131n v\u0259 onun n\u0259n\u0259sinin q\u0259tl\u0259 yetirilm\u0259si x\u0259b\u0259ri h\u0259r k\u0259si hidd\u0259tl\u0259ndirir.<\/p>\n<p style=\"text-align: right;\"><strong><em>\u018fyyam \u018fliyev,<\/em><\/strong><br \/>\n<strong><em>D\u0259mir\u00e7il\u0259r k\u0259ndinin sakini<\/em><\/strong><\/p>\n","protected":false},"excerpt":{"rendered":"<p>\u0130yul ay\u0131n\u0131n 4-d\u0259 erm\u0259ni vandallar\u0131n\u0131n F\u00fczuli rayonunun Alxanl\u0131 k\u0259ndini q\u0259fl\u0259t\u0259n iri\u00e7apl\u0131 silahlardan at\u0259\u015f\u0259 tutmas\u0131 n\u0259tic\u0259sind\u0259 k\u0259nd sakinl\u0259ri 1967-ci il t\u0259v\u0259ll\u00fcdl\u00fc Allahverdiyeva Sahib\u0259 \u0130dris q\u0131z\u0131 v\u0259 onun n\u0259v\u0259si, 2 ya\u015fl\u0131 Z\u0259hra Elnur q\u0131z\u0131 Quliyevan\u0131n, h\u0259lak olmas\u0131 k\u0259ndin dig\u0259r bir sakini, 1965-ci il t\u0259v\u0259ll\u00fcdl\u00fc S\u0259lvinaz Quliyevan\u0131n yaralanma x\u0259b\u0259rini televiziya ekranlar\u0131ndan e\u015fitdik. Bu ac\u0131, d\u00f6z\u00fclm\u0259z hadis\u0259 erm\u0259ni vandallar\u0131n\u0131n [&hellip;]<\/p>\n","protected":false},"author":2,"featured_media":0,"comment_status":"closed","ping_status":"closed","sticky":false,"template":"","format":"standard","meta":[],"categories":[10],"tags":[20],"_links":{"self":[{"href":"https:\/\/yeniterter.az\/index.php?rest_route=\/wp\/v2\/posts\/7077"}],"collection":[{"href":"https:\/\/yeniterter.az\/index.php?rest_route=\/wp\/v2\/posts"}],"about":[{"href":"https:\/\/yeniterter.az\/index.php?rest_route=\/wp\/v2\/types\/post"}],"author":[{"embeddable":true,"href":"https:\/\/yeniterter.az\/index.php?rest_route=\/wp\/v2\/users\/2"}],"replies":[{"embeddable":true,"href":"https:\/\/yeniterter.az\/index.php?rest_route=%2Fwp%2Fv2%2Fcomments&post=7077"}],"version-history":[{"count":0,"href":"https:\/\/yeniterter.az\/index.php?rest_route=\/wp\/v2\/posts\/7077\/revisions"}],"wp:attachment":[{"href":"https:\/\/yeniterter.az\/index.php?rest_route=%2Fwp%2Fv2%2Fmedia&parent=7077"}],"wp:term":[{"taxonomy":"category","embeddable":true,"href":"https:\/\/yeniterter.az\/index.php?rest_route=%2Fwp%2Fv2%2Fcategories&post=7077"},{"taxonomy":"post_tag","embeddable":true,"href":"https:\/\/yeniterter.az\/index.php?rest_route=%2Fwp%2Fv2%2Ftags&post=7077"}],"curies":[{"name":"wp","href":"https:\/\/api.w.org\/{rel}","templated":true}]}}