{"id":7026,"date":"2017-07-20T11:26:28","date_gmt":"2017-07-20T08:26:28","guid":{"rendered":"http:\/\/www.yeniterter.az\/?p=7026"},"modified":"2017-07-20T11:26:28","modified_gmt":"2017-07-20T08:26:28","slug":"7026","status":"publish","type":"post","link":"https:\/\/yeniterter.az\/?p=7026","title":{"rendered":""},"content":{"rendered":"<p><img decoding=\"async\" loading=\"lazy\" class=\"size-medium wp-image-7027 alignleft\" src=\"http:\/\/www.yeniterter.az\/wp-content\/uploads\/Ilham-Aliyev_Azerbaycan-qezeti-oxuyarken-1_1-300x196.jpg\" alt=\"Ilham Aliyev_Azerbaycan qezeti oxuyarken 1_1\" width=\"300\" height=\"196\" srcset=\"https:\/\/yeniterter.az\/wp-content\/uploads\/Ilham-Aliyev_Azerbaycan-qezeti-oxuyarken-1_1-300x196.jpg 300w, https:\/\/yeniterter.az\/wp-content\/uploads\/Ilham-Aliyev_Azerbaycan-qezeti-oxuyarken-1_1.jpg 387w\" sizes=\"(max-width: 300px) 100vw, 300px\" \/><em><strong>Biz f\u0259xr ed\u0259 bil\u0259rik ki, milli m\u0259tbuat\u0131m\u0131z\u0131n b\u00f6y\u00fck tarixi var. Bu, bizim b\u00f6y\u00fck s\u0259rv\u0259timizdir, d\u0259y\u0259rimizdir. Ancaq bu da h\u0259qiq\u0259tdir ki, m\u00fcst\u0259qillik d\u00f6vr\u00fcnd\u0259 Az\u0259rbaycan m\u0259tbuat\u0131 tam azad v\u0259 m\u00fcst\u0259qil m\u0259tbuat kimi f\u0259aliyy\u0259t g\u00f6st\u0259rm\u0259y\u0259 ba\u015flam\u0131\u015fd\u0131r.<\/strong> <\/em><\/p>\n<p style=\"text-align: right;\"><strong><em>\u0130lham \u018fliyev,<\/em><\/strong><br \/>\n<strong><em> Az\u0259rbaycan Respublikas\u0131n\u0131n Prezidenti<\/em><\/strong><\/p>\n","protected":false},"excerpt":{"rendered":"<p>Biz f\u0259xr ed\u0259 bil\u0259rik ki, milli m\u0259tbuat\u0131m\u0131z\u0131n b\u00f6y\u00fck tarixi var. Bu, bizim b\u00f6y\u00fck s\u0259rv\u0259timizdir, d\u0259y\u0259rimizdir. Ancaq bu da h\u0259qiq\u0259tdir ki, m\u00fcst\u0259qillik d\u00f6vr\u00fcnd\u0259 Az\u0259rbaycan m\u0259tbuat\u0131 tam azad v\u0259 m\u00fcst\u0259qil m\u0259tbuat kimi f\u0259aliyy\u0259t g\u00f6st\u0259rm\u0259y\u0259 ba\u015flam\u0131\u015fd\u0131r. \u0130lham \u018fliyev, Az\u0259rbaycan Respublikas\u0131n\u0131n Prezidenti<\/p>\n","protected":false},"author":2,"featured_media":0,"comment_status":"closed","ping_status":"closed","sticky":false,"template":"","format":"standard","meta":[],"categories":[10],"tags":[20],"_links":{"self":[{"href":"https:\/\/yeniterter.az\/index.php?rest_route=\/wp\/v2\/posts\/7026"}],"collection":[{"href":"https:\/\/yeniterter.az\/index.php?rest_route=\/wp\/v2\/posts"}],"about":[{"href":"https:\/\/yeniterter.az\/index.php?rest_route=\/wp\/v2\/types\/post"}],"author":[{"embeddable":true,"href":"https:\/\/yeniterter.az\/index.php?rest_route=\/wp\/v2\/users\/2"}],"replies":[{"embeddable":true,"href":"https:\/\/yeniterter.az\/index.php?rest_route=%2Fwp%2Fv2%2Fcomments&post=7026"}],"version-history":[{"count":0,"href":"https:\/\/yeniterter.az\/index.php?rest_route=\/wp\/v2\/posts\/7026\/revisions"}],"wp:attachment":[{"href":"https:\/\/yeniterter.az\/index.php?rest_route=%2Fwp%2Fv2%2Fmedia&parent=7026"}],"wp:term":[{"taxonomy":"category","embeddable":true,"href":"https:\/\/yeniterter.az\/index.php?rest_route=%2Fwp%2Fv2%2Fcategories&post=7026"},{"taxonomy":"post_tag","embeddable":true,"href":"https:\/\/yeniterter.az\/index.php?rest_route=%2Fwp%2Fv2%2Ftags&post=7026"}],"curies":[{"name":"wp","href":"https:\/\/api.w.org\/{rel}","templated":true}]}}