{"id":7019,"date":"2017-07-20T11:21:10","date_gmt":"2017-07-20T08:21:10","guid":{"rendered":"http:\/\/www.yeniterter.az\/?p=7019"},"modified":"2017-07-20T11:21:10","modified_gmt":"2017-07-20T08:21:10","slug":"22-iyul-milli-m%c9%99tbuat-v%c9%99-jurnalistika-gunudur","status":"publish","type":"post","link":"https:\/\/yeniterter.az\/?p=7019","title":{"rendered":"22 \u0130YUL M\u0130LL\u0130 M\u018fTBUAT V\u018f JURNAL\u0130ST\u0130KA  G\u00dcN\u00dcD\u00dcR"},"content":{"rendered":"<p><strong>M\u018fNALI \u0130NK\u0130\u015eAF YOLU<\/strong><\/p>\n<p><img decoding=\"async\" loading=\"lazy\" class=\" wp-image-7020 alignleft\" src=\"http:\/\/www.yeniterter.az\/wp-content\/uploads\/Zerdabi-Hesen-Bey-1-Esassan-202x300.jpg\" alt=\"Zerdabi Hesen Bey 1 Esassan\" width=\"125\" height=\"185\" srcset=\"https:\/\/yeniterter.az\/wp-content\/uploads\/Zerdabi-Hesen-Bey-1-Esassan-202x300.jpg 202w, https:\/\/yeniterter.az\/wp-content\/uploads\/Zerdabi-Hesen-Bey-1-Esassan.jpg 331w\" sizes=\"(max-width: 125px) 100vw, 125px\" \/><img decoding=\"async\" loading=\"lazy\" class=\" wp-image-7021 alignright\" src=\"http:\/\/www.yeniterter.az\/wp-content\/uploads\/Ekinci-qezeti-1-Qezet_0-268x300.jpg\" alt=\"Ekinci qezeti 1 Qezet_0\" width=\"147\" height=\"164\" srcset=\"https:\/\/yeniterter.az\/wp-content\/uploads\/Ekinci-qezeti-1-Qezet_0-268x300.jpg 268w, https:\/\/yeniterter.az\/wp-content\/uploads\/Ekinci-qezeti-1-Qezet_0.jpg 378w\" sizes=\"(max-width: 147px) 100vw, 147px\" \/>Az\u0259rbaycan milli m\u0259tbuat\u0131n\u0131n \u0259sas\u0131 \u00f6z d\u00f6vr\u00fcn\u00fcn g\u00f6rk\u0259mli ziyal\u0131s\u0131 olan H\u0259s\u0259n b\u0259y Z\u0259rdabinin 22 iyul 1875-ci ild\u0259 n\u0259\u015fr etdirdiyi \u201c\u018fkin\u00e7i\u201d q\u0259zeti il\u0259 qoyulub. Bu m\u0259tbu orqan xalq\u0131m\u0131z\u0131n maarifl\u0259nm\u0259sind\u0259, milli v\u0259 b\u0259\u015f\u0259ri ideyalar\u0131n t\u0259bli\u011find\u0259 m\u00fcst\u0259sna rol oynay\u0131b. Q\u0259zetin \u0259sas m\u0259qs\u0259di xalq aras\u0131nda c\u0259hal\u0259ti aradan qald\u0131rmaq, onun elmi-m\u0259d\u0259ni s\u0259viyy\u0259sini y\u00fcks\u0259ltm\u0259k olub.<br \/>\n\u201c\u018fkin\u00e7i\u201d q\u0259zetinin n\u0259\u015fri b\u00fct\u00fcn Qafqazda \u0259ks-s\u0259da do\u011furmu\u015fdu. 1875-1877-ci ill\u0259r \u0259rzind\u0259 onun 56 n\u00f6mr\u0259si i\u015f\u0131q \u00fcz\u00fc g\u00f6rm\u00fc\u015fd\u00fc. Q\u0259zetin n\u0259\u015frin\u0259 qada\u011fa qoyulmas\u0131na \u0259sas s\u0259b\u0259b kimi Rusiya-T\u00fcrkiy\u0259 m\u00fcharib\u0259sinin ba\u015flanmas\u0131 v\u0259 q\u0259zetin siyasi m\u00f6vzulara da toxunmas\u0131 olub.<br \/>\n\u201c\u018fkin\u00e7i\u201d q\u0259zeti ba\u011flansa da, onun Az\u0259rbaycan c\u0259miyy\u0259tind\u0259 s\u0259pdiyi toxumlar c\u00fcc\u0259rm\u0259y\u0259 ba\u015flay\u0131b. XX \u0259srin sonlar\u0131nda \u201cZiya\u201d (1879), \u201cK\u0259\u015fk\u00fcl (1880), \u201cKaspi (80-90-c\u0131 ill\u0259r) q\u0259zetl\u0259ri n\u0259\u015fr\u0259 ba\u015flam\u0131\u015fd\u0131.<!--more--><br \/>\nXX \u0259srin \u0259vv\u0259ll\u0259rind\u0259 C. M\u0259mm\u0259dquluzad\u0259, M.\u015eahtaxtinski, S. H\u00fcseyn, \u00d6. Faiq Nemanzad\u0259, \u00dc. Hac\u0131b\u0259yov v\u0259 ba\u015f-qalar\u0131 yeni demokratik m\u0259tbuat\u0131n yaranmas\u0131 u\u011frunda m\u00fcbariz\u0259 apar\u0131blar. Bu d\u00f6vrd\u0259 \u201c\u015e\u0259rqi-rus\u201d (1903), \u201cH\u0259yat\u201d (1905), \u201cA\u00e7\u0131q s\u00f6z\u201d (1915), \u201cAz\u0259rbaycan\u201d (1918) kimi demokratik, milli ruhlu q\u0259zetl\u0259r meydana \u00e7\u0131x\u0131b.<br \/>\nSovet hakimiyy\u0259ti ill\u0259rind\u0259 m\u0259tbuat \u00fcz\u0259rind\u0259 ciddi senzura qoyulsa da, Az\u0259rbaycan m\u0259tbuat\u0131 yen\u0259 d\u0259 \u00f6z milli varl\u0131\u011f\u0131n\u0131 qoruyub saxlaya bilib.<br \/>\nAz\u0259rbaycan ikinci d\u0259f\u0259 \u00f6z m\u00fcst\u0259qilliyini b\u0259rpa etdikd\u0259n sonra, dig\u0259r sah\u0259l\u0259r kimi, m\u0259tbuat\u0131n da inki\u015faf\u0131nda yeni d\u00f6vr ba\u015flay\u0131b. Az\u0259rbaycan Respublikas\u0131 Prezidentinin 5 iyul 1991-ci il tarixli f\u0259rman\u0131 il\u0259 Az\u0259rbaycan\u0131n ilk milli q\u0259zeti olan \u201c\u018fkin\u00e7i\u201d q\u0259zetinin birinci n\u00f6mr\u0259sinin \u00e7apdan \u00e7\u0131xd\u0131\u011f\u0131 g\u00fcn\u201322 iyul Az\u0259rbaycan Jurnalistikas\u0131 G\u00fcn\u00fc elan edilib. Bir \u00e7ox demokratik \u00f6lk\u0259l\u0259rd\u0259 oldu\u011fu kimi, Az\u0259rbaycanda da M\u0259tbuat \u015euras\u0131 yarad\u0131l\u0131b v\u0259 M\u0259tbuat haqq\u0131nda Qanun q\u0259bul olunub. Az\u0259rbaycan Respublikas\u0131n\u0131n 1995-ci ild\u0259 q\u0259bul edilmi\u015f Konstitusiyas\u0131nda s\u00f6z, azad m\u0259lumat toplamaq azad-l\u0131qlar\u0131 v\u0259 dig\u0259r azadl\u0131qlar m\u00f6hk\u0259ml\u0259ndirilib.<br \/>\n\u00dcmummilli Lider Heyd\u0259r \u018fliyevin 1998-ci il 16 avqust tarixli f\u0259rman\u0131 il\u0259 \u00f6lk\u0259d\u0259 k\u00fctl\u0259vi informasiya vasit\u0259l\u0259ri \u00fcz\u0259rind\u0259 senzura l\u0259\u011fv edilib.<br \/>\nAz\u0259rbaycan Prezidenti \u0130lham \u018fliyevin 2009-cu ild\u0259 imzalad\u0131\u011f\u0131 s\u0259r\u0259ncamla Prezident yan\u0131nda K\u00fctl\u0259vi \u0130nformasiya Vasit\u0259l\u0259rin\u0259 D\u00f6vl\u0259t D\u0259st\u0259yi Fondunun yarad\u0131lmas\u0131 milli m\u0259tbuat\u0131m\u0131z\u0131n inki\u015faf\u0131na yeni t\u0259kan verib.<br \/>\nFondun ke\u00e7irdiyi f\u0259rdi jurnalist yaz\u0131 m\u00fcsabiq\u0259l\u0259ri h\u0259r bir jurnalist\u0259 \u00f6z yarad\u0131c\u0131l\u0131\u011f\u0131na daha m\u0259suliyy\u0259tl\u0259 yana\u015fma\u011fa k\u00f6m\u0259k edir, h\u0259m\u00e7inin v\u0259t\u0259np\u0259rv\u0259rlik hissl\u0259rinin a\u015f\u0131lanmas\u0131nda, milli nailiyy\u0259tl\u0259rimizin t\u0259bli\u011find\u0259 m\u00fcst\u0259sna rol oynay\u0131r.<br \/>\nAz\u0259rbaycan Respublikas\u0131 Prezidentinin S\u0259r\u0259ncam\u0131 \u0259sas\u0131nda K\u0130V n\u00fcmay\u0259nd\u0259l\u0259rinin pulsuz m\u0259nzill\u0259rl\u0259 t\u0259min olunmas\u0131, onlar\u0131n d\u00f6vl\u0259timizin \u0259n y\u00fcks\u0259k m\u00fckafatlar\u0131na layiq g\u00f6r\u00fclm\u0259si respublikam\u0131zda m\u0259tbuata v\u0259 onu t\u0259msil ed\u0259n insanlara d\u00f6vl\u0259t qay\u011f\u0131s\u0131n\u0131n n\u00fcmun\u0259sidir.<br \/>\nAz\u0259rbaycan m\u0259tbuat\u0131n\u0131n bir qolu kimi \u00f6t\u0259n \u0259srin 30-cu ill\u0259rind\u0259n ba\u015flayaraq formala\u015fm\u0131\u015f rayon q\u0259zetl\u0259ri bu g\u00fcn d\u0259 \u00f6z f\u0259aliyy\u0259tl\u0259rini davam etdirir. M\u00fc\u0259yy\u0259n maddi \u00e7\u0259tinlikl\u0259r\u0259 baxmayaraq, rayon q\u0259zetl\u0259ri m\u00fcasir informasiya bollu\u011fu \u015f\u0259raitind\u0259 \u00f6z v\u0259zif\u0259l\u0259rini layiqinc\u0259 yerin\u0259 yetir\u0259r\u0259k, xalq\u0131m\u0131z\u0131n \u0259ld\u0259 etdiyi nailiyy\u0259tl\u0259rin t\u0259bli\u011find\u0259, milli ad\u0259t-\u0259n\u0259n\u0259l\u0259rimizin ya\u015fad\u0131lmas\u0131nda, g\u0259nc n\u0259slin v\u0259t\u0259np\u0259rv\u0259rlik t\u0259rbiy\u0259sind\u0259 \u00e7ox i\u015f g\u00f6r\u00fcr.<\/p>\n<p style=\"text-align: right;\"><strong><em>Svetlana Ba\u011f\u0131rova<\/em><\/strong><\/p>\n","protected":false},"excerpt":{"rendered":"<p>M\u018fNALI \u0130NK\u0130\u015eAF YOLU Az\u0259rbaycan milli m\u0259tbuat\u0131n\u0131n \u0259sas\u0131 \u00f6z d\u00f6vr\u00fcn\u00fcn g\u00f6rk\u0259mli ziyal\u0131s\u0131 olan H\u0259s\u0259n b\u0259y Z\u0259rdabinin 22 iyul 1875-ci ild\u0259 n\u0259\u015fr etdirdiyi \u201c\u018fkin\u00e7i\u201d q\u0259zeti il\u0259 qoyulub. Bu m\u0259tbu orqan xalq\u0131m\u0131z\u0131n maarifl\u0259nm\u0259sind\u0259, milli v\u0259 b\u0259\u015f\u0259ri ideyalar\u0131n t\u0259bli\u011find\u0259 m\u00fcst\u0259sna rol oynay\u0131b. Q\u0259zetin \u0259sas m\u0259qs\u0259di xalq aras\u0131nda c\u0259hal\u0259ti aradan qald\u0131rmaq, onun elmi-m\u0259d\u0259ni s\u0259viyy\u0259sini y\u00fcks\u0259ltm\u0259k olub. \u201c\u018fkin\u00e7i\u201d q\u0259zetinin n\u0259\u015fri b\u00fct\u00fcn [&hellip;]<\/p>\n","protected":false},"author":2,"featured_media":0,"comment_status":"closed","ping_status":"closed","sticky":false,"template":"","format":"standard","meta":[],"categories":[10],"tags":[20],"_links":{"self":[{"href":"https:\/\/yeniterter.az\/index.php?rest_route=\/wp\/v2\/posts\/7019"}],"collection":[{"href":"https:\/\/yeniterter.az\/index.php?rest_route=\/wp\/v2\/posts"}],"about":[{"href":"https:\/\/yeniterter.az\/index.php?rest_route=\/wp\/v2\/types\/post"}],"author":[{"embeddable":true,"href":"https:\/\/yeniterter.az\/index.php?rest_route=\/wp\/v2\/users\/2"}],"replies":[{"embeddable":true,"href":"https:\/\/yeniterter.az\/index.php?rest_route=%2Fwp%2Fv2%2Fcomments&post=7019"}],"version-history":[{"count":0,"href":"https:\/\/yeniterter.az\/index.php?rest_route=\/wp\/v2\/posts\/7019\/revisions"}],"wp:attachment":[{"href":"https:\/\/yeniterter.az\/index.php?rest_route=%2Fwp%2Fv2%2Fmedia&parent=7019"}],"wp:term":[{"taxonomy":"category","embeddable":true,"href":"https:\/\/yeniterter.az\/index.php?rest_route=%2Fwp%2Fv2%2Fcategories&post=7019"},{"taxonomy":"post_tag","embeddable":true,"href":"https:\/\/yeniterter.az\/index.php?rest_route=%2Fwp%2Fv2%2Ftags&post=7019"}],"curies":[{"name":"wp","href":"https:\/\/api.w.org\/{rel}","templated":true}]}}