{"id":7005,"date":"2017-07-20T11:01:48","date_gmt":"2017-07-20T08:01:48","guid":{"rendered":"http:\/\/www.yeniterter.az\/?p=7005"},"modified":"2017-07-20T11:01:48","modified_gmt":"2017-07-20T08:01:48","slug":"redaksiyada-xatir%c9%99-gunu","status":"publish","type":"post","link":"https:\/\/yeniterter.az\/?p=7005","title":{"rendered":"Redaksiyada xatir\u0259 g\u00fcn\u00fc"},"content":{"rendered":"<p><strong>UNUTSAQ, UNUDULARIQ<\/strong><\/p>\n<p><img decoding=\"async\" loading=\"lazy\" class=\" wp-image-7006 alignleft\" src=\"http:\/\/www.yeniterter.az\/wp-content\/uploads\/\u0418\u0437\u043e\u0431\u0440\u0430\u0436\u0435\u043d\u0438\u0435-082-1-300x201.jpg\" alt=\"\u0418\u0437\u043e\u0431\u0440\u0430\u0436\u0435\u043d\u0438\u0435 082\" width=\"134\" height=\"90\" srcset=\"https:\/\/yeniterter.az\/wp-content\/uploads\/\u0418\u0437\u043e\u0431\u0440\u0430\u0436\u0435\u043d\u0438\u0435-082-1-300x201.jpg 300w, https:\/\/yeniterter.az\/wp-content\/uploads\/\u0418\u0437\u043e\u0431\u0440\u0430\u0436\u0435\u043d\u0438\u0435-082-1-768x514.jpg 768w, https:\/\/yeniterter.az\/wp-content\/uploads\/\u0418\u0437\u043e\u0431\u0440\u0430\u0436\u0435\u043d\u0438\u0435-082-1-1024x685.jpg 1024w, https:\/\/yeniterter.az\/wp-content\/uploads\/\u0418\u0437\u043e\u0431\u0440\u0430\u0436\u0435\u043d\u0438\u0435-082-1.jpg 1500w\" sizes=\"(max-width: 134px) 100vw, 134px\" \/>Milli M\u0259tbuat v\u0259 Jurnalistika G\u00fcn\u00fc \u0259r\u0259f\u0259sind\u0259 redaksiyam\u0131zda m\u0259rhum jurnalist, \u201cT\u0259r\u0259qqi\u201d medal\u0131 m\u00fckafat\u00e7\u0131s\u0131, bir \u00e7ox kitab\u0131n m\u00fc\u0259llifi, \u201cXocal\u0131n\u0131n s\u0259si\u201d q\u0259zetinin ke\u00e7mi\u015f redaktoru Qas\u0131m Q\u0131rxq\u0131zl\u0131n\u0131n xatir\u0259sin\u0259 h\u0259sr olunmu\u015f t\u0259dbir ke\u00e7irildi. Q\u0259zetimizin ba\u015f redaktoru Tofiq Yusifin t\u0259klifi il\u0259 d\u00fcnyas\u0131n\u0131 d\u0259yi\u015fmi\u015f milli m\u0259tbuat f\u0259dail\u0259rinin, h\u0259m\u00e7inin Qas\u0131m Q\u0131rxq\u0131zl\u0131n\u0131n xatir\u0259si bir d\u0259qiq\u0259lik s\u00fckutla yad olundu. Sonra Tofiq Yusif unudulmaz q\u0259l\u0259m dostunun yarad\u0131c\u0131l\u0131\u011f\u0131ndan, onun v\u0259t\u0259n h\u0259sr\u0259tind\u0259n, \u201cXocal\u0131n\u0131n s\u0259si\u201d il\u0259 birlikd\u0259 ya\u015fad\u0131\u011f\u0131 did\u0259rginlik h\u0259yat\u0131ndan b\u0259hs etdi.<br \/>\nT\u0259dbird\u0259 i\u015ftirak ed\u0259n \u201cXocal\u0131n\u0131n s\u0259si\u201d q\u0259zetinin ke\u00e7mi\u015f m\u0259sul katibi, Az\u0259rbaycan Jurnalistl\u0259r \u0130ttifaq\u0131n\u0131n v\u0259 M\u0259tbuat \u015euras\u0131n\u0131n \u00fczv\u00fc, \u201cQ\u0131z\u0131l Q\u0259l\u0259m\u201d m\u00fckafat\u0131 laureat\u0131, g\u00f6z\u0259l \u015fair\u0259 Mahir\u0259 \u0130sbiq\u0131z\u0131 m\u0259rhum jurnalistin milli jurnalistikam\u0131z\u0131n inki\u015faf\u0131ndak\u0131 xidm\u0259tl\u0259rind\u0259n dan\u0131\u015fd\u0131. Qas\u0131m Q\u0131rxq\u0131zl\u0131n\u0131n g\u00f6z\u0259l insan, pe\u015f\u0259kar jurnalist, i\u015f\u0131ql\u0131 ziyal\u0131 oldu\u011funu qeyd etdi.<!--more--><br \/>\n\u201cYeni T\u0259rt\u0259r\u201din \u0259m\u0259kda\u015flar\u0131ndan \u018fv\u0259z N\u0259sirov, Elfuz\u0259 V\u0259liyeva, B\u0259xtil\u0259 \u018fliyeva, \u015e\u0259han\u0259 \u0130smay\u0131ll\u0131 bildirdil\u0259r ki, yarad\u0131c\u0131 insan\u0131n \u00f6mr\u00fc \u00f6l\u00fcm\u00fc il\u0259 bitmir. \u018fg\u0259r onun yaz\u0131b-yaratd\u0131qlar\u0131 bu g\u00fcn d\u0259 insanlar\u0131 d\u00fc\u015f\u00fcnd\u00fcr\u00fcrs\u0259, dem\u0259li, h\u0259yat davam edir&#8230;<br \/>\nBiz d\u0259 h\u0259mkar\u0131m\u0131z\u0131 yad et-dik ki, \u00f6z\u00fcm\u00fcz d\u0259 unudulma-yaq&#8230;<\/p>\n<p style=\"text-align: right;\"><em><strong>Svetlana Ba\u011f\u0131rova<\/strong><\/em><\/p>\n","protected":false},"excerpt":{"rendered":"<p>UNUTSAQ, UNUDULARIQ Milli M\u0259tbuat v\u0259 Jurnalistika G\u00fcn\u00fc \u0259r\u0259f\u0259sind\u0259 redaksiyam\u0131zda m\u0259rhum jurnalist, \u201cT\u0259r\u0259qqi\u201d medal\u0131 m\u00fckafat\u00e7\u0131s\u0131, bir \u00e7ox kitab\u0131n m\u00fc\u0259llifi, \u201cXocal\u0131n\u0131n s\u0259si\u201d q\u0259zetinin ke\u00e7mi\u015f redaktoru Qas\u0131m Q\u0131rxq\u0131zl\u0131n\u0131n xatir\u0259sin\u0259 h\u0259sr olunmu\u015f t\u0259dbir ke\u00e7irildi. Q\u0259zetimizin ba\u015f redaktoru Tofiq Yusifin t\u0259klifi il\u0259 d\u00fcnyas\u0131n\u0131 d\u0259yi\u015fmi\u015f milli m\u0259tbuat f\u0259dail\u0259rinin, h\u0259m\u00e7inin Qas\u0131m Q\u0131rxq\u0131zl\u0131n\u0131n xatir\u0259si bir d\u0259qiq\u0259lik s\u00fckutla yad olundu. Sonra Tofiq Yusif unudulmaz [&hellip;]<\/p>\n","protected":false},"author":2,"featured_media":0,"comment_status":"closed","ping_status":"closed","sticky":false,"template":"","format":"standard","meta":[],"categories":[1],"tags":[13],"_links":{"self":[{"href":"https:\/\/yeniterter.az\/index.php?rest_route=\/wp\/v2\/posts\/7005"}],"collection":[{"href":"https:\/\/yeniterter.az\/index.php?rest_route=\/wp\/v2\/posts"}],"about":[{"href":"https:\/\/yeniterter.az\/index.php?rest_route=\/wp\/v2\/types\/post"}],"author":[{"embeddable":true,"href":"https:\/\/yeniterter.az\/index.php?rest_route=\/wp\/v2\/users\/2"}],"replies":[{"embeddable":true,"href":"https:\/\/yeniterter.az\/index.php?rest_route=%2Fwp%2Fv2%2Fcomments&post=7005"}],"version-history":[{"count":0,"href":"https:\/\/yeniterter.az\/index.php?rest_route=\/wp\/v2\/posts\/7005\/revisions"}],"wp:attachment":[{"href":"https:\/\/yeniterter.az\/index.php?rest_route=%2Fwp%2Fv2%2Fmedia&parent=7005"}],"wp:term":[{"taxonomy":"category","embeddable":true,"href":"https:\/\/yeniterter.az\/index.php?rest_route=%2Fwp%2Fv2%2Fcategories&post=7005"},{"taxonomy":"post_tag","embeddable":true,"href":"https:\/\/yeniterter.az\/index.php?rest_route=%2Fwp%2Fv2%2Ftags&post=7005"}],"curies":[{"name":"wp","href":"https:\/\/api.w.org\/{rel}","templated":true}]}}