{"id":7001,"date":"2017-07-20T10:58:54","date_gmt":"2017-07-20T07:58:54","guid":{"rendered":"http:\/\/www.yeniterter.az\/?p=7001"},"modified":"2017-07-20T10:58:54","modified_gmt":"2017-07-20T07:58:54","slug":"23-iyul-1993-cu-il-agdamin-isgali-gunudur","status":"publish","type":"post","link":"https:\/\/yeniterter.az\/?p=7001","title":{"rendered":"23 \u0130yul 1993-c\u00fc il A\u011fdam\u0131n i\u015f\u011fal\u0131 g\u00fcn\u00fcd\u00fcr"},"content":{"rendered":"<p><strong>DO\u011eMA YURDUN H\u018fSR\u018fT\u0130<\/strong><\/p>\n<p><img decoding=\"async\" loading=\"lazy\" class=\" wp-image-7002 alignleft\" src=\"http:\/\/www.yeniterter.az\/wp-content\/uploads\/\u0418\u0437\u043e\u0431\u0440\u0430\u0436\u0435\u043d\u0438\u0435-002-2-300x201.jpg\" alt=\"\u0418\u0437\u043e\u0431\u0440\u0430\u0436\u0435\u043d\u0438\u0435 002\" width=\"122\" height=\"82\" srcset=\"https:\/\/yeniterter.az\/wp-content\/uploads\/\u0418\u0437\u043e\u0431\u0440\u0430\u0436\u0435\u043d\u0438\u0435-002-2-300x201.jpg 300w, https:\/\/yeniterter.az\/wp-content\/uploads\/\u0418\u0437\u043e\u0431\u0440\u0430\u0436\u0435\u043d\u0438\u0435-002-2-768x514.jpg 768w, https:\/\/yeniterter.az\/wp-content\/uploads\/\u0418\u0437\u043e\u0431\u0440\u0430\u0436\u0435\u043d\u0438\u0435-002-2-1024x685.jpg 1024w, https:\/\/yeniterter.az\/wp-content\/uploads\/\u0418\u0437\u043e\u0431\u0440\u0430\u0436\u0435\u043d\u0438\u0435-002-2.jpg 1500w\" sizes=\"(max-width: 122px) 100vw, 122px\" \/><img decoding=\"async\" loading=\"lazy\" class=\" wp-image-7003 alignright\" src=\"http:\/\/www.yeniterter.az\/wp-content\/uploads\/aghdam-p1-01-300x189.jpg\" alt=\"aghdam-p1-01\" width=\"159\" height=\"100\" srcset=\"https:\/\/yeniterter.az\/wp-content\/uploads\/aghdam-p1-01-300x189.jpg 300w, https:\/\/yeniterter.az\/wp-content\/uploads\/aghdam-p1-01.jpg 750w\" sizes=\"(max-width: 159px) 100vw, 159px\" \/>\u2013Az\u0259rbaycan tarixin\u0259 qara h\u0259rfl\u0259rl\u0259 yaz\u0131lan g\u00fcnl\u0259rd\u0259n biri d\u0259 23 iyul 1993-c\u00fc il \u2013A\u011fdam\u0131n Erm\u0259nistan silahl\u0131 q\u00fcvv\u0259l\u0259ri t\u0259r\u0259find\u0259n i\u015f\u011fal olundu\u011fu g\u00fcnd\u00fcr.<br \/>\nBu s\u00f6zl\u0259ri redaksiyada m\u0259niml\u0259 \u00fczb\u0259\u00fcz s\u00f6hb\u0259t ed\u0259n A\u011fdam rayonu \u015eotlanl\u0131 k\u0259nd sakini N\u0259z\u0259rov M\u00f6hl\u0259t Salman o\u011flu dedi. O, 1966-c\u0131 ild\u0259 anadan olub. M\u00f6hl\u0259tgil ail\u0259d\u0259 10 u\u015faq olublar \u20138 qarda\u015f, 2 bac\u0131. M\u00f6hl\u0259t ail\u0259nin b\u00f6y\u00fck o\u011fludur. G\u0259nc\u0259 K\u0259nd T\u0259-s\u0259rr\u00fcfat\u0131 \u0130nstitutunun mexanikl\u0259\u015fdirm\u0259 fak\u00fclt\u0259sini bitirib. Ail\u0259lidir, 3 o\u011flu var. H\u0259r \u00fc\u00e7\u00fc d\u0259 ali t\u0259hsil al\u0131b.<br \/>\nM\u00f6hl\u0259t N\u0259z\u0259rov haz\u0131rda T\u0259rt\u0259r rayonunun Q\u0131z\u0131loba k\u0259nd \u0130nzibati \u018frazi Dair\u0259si \u00fczr\u0259 icra n\u00fcmay\u0259nd\u0259si i\u015fl\u0259yir. Deyir ki, erm\u0259nil\u0259r k\u0259ndimizi v\u0259 biz\u0259 qon\u015fu olan \u0130lx\u0131\u00e7\u0131, G\u00fcll\u00fcc\u0259, Paprav\u0259nd k\u0259ndl\u0259rini tez-tez at\u0259\u015f\u0259 tuturdular. M\u0259cbur qalaraq k\u0259ndd\u0259n ax\u015fam saat 5 rad\u0259l\u0259rind\u0259 \u00e7\u0131x\u0131b, A\u011fd\u0259r\u0259nin Seysulan k\u0259ndin\u0259 g\u0259ldik. Orada 10-15 g\u00fcn qald\u0131q. <!--more-->Erm\u0259nil\u0259r bu k\u0259ndi i\u015f\u011fal ed\u0259nd\u0259, T\u0259rt\u0259r rayonunun Qaraqoyunlu me\u015f\u0259sind\u0259 \u201cAeroport\u201d deyil\u0259n \u0259razid\u0259 m\u0259skunla\u015f-d\u0131q. Atam Salman ki\u015fi el\u0259: \u201cA\u011fdam!\u201d\u2013dey\u0259-dey\u0259 2003-c\u00fc ild\u0259 d\u00fcnyas\u0131n\u0131 d\u0259yi\u015fdi. Anam Q\u0259ndab indi d\u0259 biziml\u0259 ya\u015fay\u0131r.<br \/>\nM\u00f6hl\u0259t m\u00fc\u0259llim q\u0259ddini d\u00fcz\u0259ld\u0259r\u0259k d\u0259rind\u0259n ah \u00e7\u0259kib dedi:<br \/>\n\u2013Bizim indiki v\u0259ziyy\u0259timizi v\u0259t\u0259n h\u0259sr\u0259ti il\u0259 ya\u015fayanlar, do\u011fma elind\u0259n, obas\u0131ndan uzaq d\u00fc\u015f\u0259nl\u0259r, can\u0131ndan \u00e7ox sevdiyin torpa\u011f\u0131 ya\u011f\u0131lar tapda\u011f\u0131nda qalanlar bil\u0259r. \u201cAl\u0131nmaz qala\u201d\u2013dey\u0259rdil\u0259r A\u011fdama. Amma \u0259fsuslar olsun ki&#8230;<br \/>\nH\u0259yatda itirdikl\u0259rim qazand\u0131qlar\u0131mdan \u00e7oxdur. Amma ham\u0131s\u0131ndan bet\u0259ri v\u0259 nisgilli olan\u0131 i\u015f\u011fal olunmu\u015f A\u011fdam\u0131n itkisidir. H\u0259r \u00e7\u0259tinliy\u0259 d\u00f6zm\u0259k olar, amma v\u0259t\u0259nin ya\u011f\u0131 d\u00fc\u015fm\u0259n \u0259sar\u0259tind\u0259 qalmas\u0131na yox!&#8230;<br \/>\n&#8230;B\u00fct\u00fcn bunlarla yana\u015f\u0131 yen\u0259 d\u0259 \u00fcmidimizi itirmirik. Dig\u0259r i\u015f\u011falda qalan rayonlar\u0131m\u0131z kimi A\u011fdam\u0131n da azad olunaca\u011f\u0131 g\u00fcn uzaqda deyil! \u2013dedi M\u00f6hl\u0259t m\u00fc\u0259llim.<\/p>\n<p style=\"text-align: right;\"><strong><em>\u018fv\u0259z N\u0259sirov<\/em><\/strong><\/p>\n","protected":false},"excerpt":{"rendered":"<p>DO\u011eMA YURDUN H\u018fSR\u018fT\u0130 \u2013Az\u0259rbaycan tarixin\u0259 qara h\u0259rfl\u0259rl\u0259 yaz\u0131lan g\u00fcnl\u0259rd\u0259n biri d\u0259 23 iyul 1993-c\u00fc il \u2013A\u011fdam\u0131n Erm\u0259nistan silahl\u0131 q\u00fcvv\u0259l\u0259ri t\u0259r\u0259find\u0259n i\u015f\u011fal olundu\u011fu g\u00fcnd\u00fcr. Bu s\u00f6zl\u0259ri redaksiyada m\u0259niml\u0259 \u00fczb\u0259\u00fcz s\u00f6hb\u0259t ed\u0259n A\u011fdam rayonu \u015eotlanl\u0131 k\u0259nd sakini N\u0259z\u0259rov M\u00f6hl\u0259t Salman o\u011flu dedi. O, 1966-c\u0131 ild\u0259 anadan olub. M\u00f6hl\u0259tgil ail\u0259d\u0259 10 u\u015faq olublar \u20138 qarda\u015f, 2 bac\u0131. M\u00f6hl\u0259t [&hellip;]<\/p>\n","protected":false},"author":2,"featured_media":0,"comment_status":"closed","ping_status":"closed","sticky":false,"template":"","format":"standard","meta":[],"categories":[10],"tags":[20],"_links":{"self":[{"href":"https:\/\/yeniterter.az\/index.php?rest_route=\/wp\/v2\/posts\/7001"}],"collection":[{"href":"https:\/\/yeniterter.az\/index.php?rest_route=\/wp\/v2\/posts"}],"about":[{"href":"https:\/\/yeniterter.az\/index.php?rest_route=\/wp\/v2\/types\/post"}],"author":[{"embeddable":true,"href":"https:\/\/yeniterter.az\/index.php?rest_route=\/wp\/v2\/users\/2"}],"replies":[{"embeddable":true,"href":"https:\/\/yeniterter.az\/index.php?rest_route=%2Fwp%2Fv2%2Fcomments&post=7001"}],"version-history":[{"count":0,"href":"https:\/\/yeniterter.az\/index.php?rest_route=\/wp\/v2\/posts\/7001\/revisions"}],"wp:attachment":[{"href":"https:\/\/yeniterter.az\/index.php?rest_route=%2Fwp%2Fv2%2Fmedia&parent=7001"}],"wp:term":[{"taxonomy":"category","embeddable":true,"href":"https:\/\/yeniterter.az\/index.php?rest_route=%2Fwp%2Fv2%2Fcategories&post=7001"},{"taxonomy":"post_tag","embeddable":true,"href":"https:\/\/yeniterter.az\/index.php?rest_route=%2Fwp%2Fv2%2Ftags&post=7001"}],"curies":[{"name":"wp","href":"https:\/\/api.w.org\/{rel}","templated":true}]}}