{"id":6987,"date":"2017-07-20T10:39:14","date_gmt":"2017-07-20T07:39:14","guid":{"rendered":"http:\/\/www.yeniterter.az\/?p=6987"},"modified":"2017-07-20T10:39:14","modified_gmt":"2017-07-20T07:39:14","slug":"erm%c9%99ni-vandalizmi-alcaqliq-v%c9%99-s%c9%99r%c9%99fsizlik","status":"publish","type":"post","link":"https:\/\/yeniterter.az\/?p=6987","title":{"rendered":"ERM\u018fN\u0130 VANDAL\u0130ZM\u0130: AL\u00c7AQLIQ V\u018f \u015e\u018fR\u018fFS\u0130ZL\u0130K"},"content":{"rendered":"<p><strong>AZ\u018fRBAYCAN M\u018fTBUAT \u015eURASI ALXANLIDA YA\u015eANAN FAC\u0130\u018f \u0130L\u018f BA\u011eLI B\u018fYANAT YAYIB<\/strong><\/p>\n<p><strong><em>\u015eura d\u00fcnyan\u0131n media ictimaiyy\u0259tin\u0259 \u00e7a\u011f\u0131r\u0131\u015f edib<\/em><\/strong><\/p>\n<p>Az\u0259rbaycan M\u0259tbuat \u015euras\u0131 4 iyul 2017-ci il tarixd\u0259 Erm\u0259nistan silahl\u0131 q\u00fcvv\u0259l\u0259rinin F\u00fczuli rayonunun Alxanl\u0131 k\u0259ndini at\u0259\u015f\u0259 tutmas\u0131 n\u0259tic\u0259sind\u0259 m\u00fclki \u015f\u0259xsl\u0259rin &#8211; Allahverdiyeva Sahib\u0259 \u0130dris q\u0131z\u0131n\u0131n, onun n\u0259v\u0259si 2 ya\u015fl\u0131 Quliyeva Z\u0259hra Elnur q\u0131z\u0131n\u0131n h\u0259lak olmas\u0131, Quliyeva S\u0259rvinaz \u0130ltifat q\u0131z\u0131n\u0131n is\u0259 yaralanmas\u0131 fakt\u0131 il\u0259 ba\u011fl\u0131 b\u0259yanat yay\u0131b. D\u00fcnyan\u0131n me-dia ictimaiyy\u0259tin\u0259 \u00fcnvanlanm\u0131\u015f b\u0259yanatda bildirilir:<br \/>\n\u201cAz\u0259rbaycan v\u0259 Erm\u0259nistan aras\u0131nda at\u0259\u015fk\u0259s m\u00fcqavil\u0259sinin imzaland\u0131\u011f\u0131 1994-c\u00fc ild\u0259n bu g\u00fcn\u0259d\u0259k erm\u0259ni t\u0259r\u0259fi bu raz\u0131la\u015fman\u0131 daim pozub, \u00fcz\u0259rin\u0259 g\u00f6t\u00fcrd\u00fcy\u00fc \u00f6hd\u0259likl\u0259ri yerin\u0259 yetirm\u0259yib. Az\u0259rbaycan-Erm\u0259nistan qo\u015funlar\u0131n\u0131n t\u0259mas x\u0259ttind\u0259ki g\u0259rginlik hallar\u0131, at\u0259\u015fk\u0259sin pozulmas\u0131 faktlar\u0131 zaman-zaman d\u00fcnyan\u0131n media ictimaiyy\u0259tinin d\u0259 diqq\u0259t m\u0259rk\u0259zind\u0259 olub.<br \/>\nErm\u0259nistan silahl\u0131 q\u00fcvv\u0259l\u0259rinin h\u00fccumlar\u0131 n\u0259tic\u0259sind\u0259 az\u0259rbaycanl\u0131 m\u00fclki \u015f\u0259xsl\u0259r q\u0259tl\u0259 yetirilib, x\u0259sar\u0259tl\u0259r al\u0131b, onlar\u0131n \u0259mlaklar\u0131 da\u011f\u0131d\u0131l\u0131b, bir s\u00f6zl\u0259 insan faci\u0259l\u0259ri ya\u015fan\u0131b.<br \/>\nBel\u0259 faci\u0259l\u0259rd\u0259n biri iyulun 4-d\u0259 erm\u0259ni h\u0259rbi birl\u0259\u015fm\u0259l\u0259rinin F\u00fczuli rayonunun Alxanl\u0131 k\u0259ndini at\u0259\u015f\u0259 tutmas\u0131 n\u0259tic\u0259sind\u0259 bir daha ya\u015fand\u0131. Allahverdiyeva Sahib\u0259 \u0130dris q\u0131z\u0131, onun n\u0259v\u0259si 2 ya\u015fl\u0131 Quliyeva Z\u0259hra Elnur q\u0131z\u0131 h\u0259lak oldular, daha bir m\u00fclki v\u0259t\u0259nda\u015f Quliyeva S\u0259rvinaz \u0130ltifat q\u0131z\u0131 yaraland\u0131. <!--more--><br \/>\nG\u00f6r\u00fcnd\u00fcy\u00fc kimi, Erm\u0259nistan \u00f6z terror\u00e7u m\u00f6vqeyinin n\u00fcmayi\u015find\u0259n \u00e7\u0259kinmir, g\u00fcnahs\u0131z insanlar\u0131n, \u0259l\u0259lx\u00fcsus u\u015faqlar\u0131n qan\u0131n\u0131 t\u00f6km\u0259kd\u0259 davam edir. S\u0131ralar\u0131nda Az\u0259rbaycan\u0131n apar\u0131c\u0131 k\u00fctl\u0259vi informasiya vasit\u0259l\u0259rini, jurnalist t\u0259\u015fkilatlar\u0131n\u0131 birl\u0259\u015fdir\u0259n M\u0259tbuat \u015euras\u0131 bu vandalizm akt\u0131n\u0131 q\u0259tiyy\u0259tl\u0259 pisl\u0259yir, d\u00fcnyan\u0131n media ictimaiyy\u0259tini Erm\u0259nistan\u0131n i\u015f\u011fal\u00e7\u0131 v\u0259 terror\u00e7u mahiyy\u0259tini bir daha s\u00fcbut etm\u0259y\u0259 \u00e7a\u011f\u0131r\u0131r.<br \/>\nErm\u0259nistan\u0131n \u0259haliy\u0259 v\u0259 m\u00fclki obyektl\u0259r\u0259 birba\u015fa v\u0259 q\u0259sd\u0259n h\u00fccumlar\u0131 beyn\u0259lxalq humanitar h\u00fcquqa, insan haqlar\u0131na v\u0259 fundamental azadl\u0131qlara a\u00e7\u0131q h\u0259qar\u0259tdir, Da\u011fl\u0131q Qaraba\u011f m\u00fcnaqi\u015f\u0259si \u00fczr\u0259 s\u00fclh prosesin\u0259 z\u0259rb\u0259dir. Azya\u015fl\u0131 u\u015fa\u011f\u0131n partlay\u0131c\u0131 qur\u011fu il\u0259 q\u0259tl\u0259 yetirilm\u0259si birba\u015fa terror \u0259m\u0259lidir. M\u0259tbuat \u015euras\u0131 \u00fczv oldu\u011fu D\u00fcnya M\u0259tbuat \u015euralar\u0131 Assosiasiyas\u0131n\u0131, Avropa M\u0259tbuat \u015euralar\u0131 Alyans\u0131n\u0131, dig\u0259r beyn\u0259lxalq t\u0259\u015fkilatlar\u0131, o c\u00fcml\u0259d\u0259n jurnalistika sah\u0259sind\u0259 ixtisasla\u015fm\u0131\u015f b\u00fct\u00fcn xarici qurumlar\u0131 Erm\u0259nistan\u0131n minl\u0259rl\u0259 m\u0259sum az\u0259rbaycanl\u0131 u\u015fa\u011f\u0131n q\u0259tlin\u0259 s\u0259b\u0259b olmu\u015f i\u015f\u011fal\u00e7\u0131l\u0131q siyas\u0259tin\u0259 bigan\u0259 qalmama\u011fa s\u0259sl\u0259yir. \u015eura hesab edir ki, d\u00fcnyan\u0131n media ictimaiyy\u0259tinin hadis\u0259 il\u0259 ba\u011fl\u0131 y\u00fcks\u0259k h\u0259ssasl\u0131\u011f\u0131 yeni insan faci\u0259l\u0259rinin ya\u015fanmas\u0131n\u0131n qar\u015f\u0131s\u0131n\u0131 ala bil\u0259r. M\u0259tbuat \u015euras\u0131 h\u0259m\u00e7inin yerli k\u00fctl\u0259vi informasiya vasit\u0259l\u0259rin\u0259 d\u0259 \u00fcz tutaraq bu vandalizm akt\u0131n\u0131 geni\u015f, pe\u015f\u0259karl\u0131qla i\u015f\u0131qland\u0131rma\u011fa, onun miqyas\u0131n\u0131 \u00f6zl\u0259rinin beyn\u0259lxalq t\u0259r\u0259fda\u015flar\u0131 il\u0259 b\u00f6l\u00fc\u015fm\u0259y\u0259, m\u00f6vcud istiqam\u0259td\u0259 daha f\u0259al m\u00f6vqe tutma\u011fa \u00e7a\u011f\u0131r\u0131r\u201d.<\/p>\n","protected":false},"excerpt":{"rendered":"<p>AZ\u018fRBAYCAN M\u018fTBUAT \u015eURASI ALXANLIDA YA\u015eANAN FAC\u0130\u018f \u0130L\u018f BA\u011eLI B\u018fYANAT YAYIB \u015eura d\u00fcnyan\u0131n media ictimaiyy\u0259tin\u0259 \u00e7a\u011f\u0131r\u0131\u015f edib Az\u0259rbaycan M\u0259tbuat \u015euras\u0131 4 iyul 2017-ci il tarixd\u0259 Erm\u0259nistan silahl\u0131 q\u00fcvv\u0259l\u0259rinin F\u00fczuli rayonunun Alxanl\u0131 k\u0259ndini at\u0259\u015f\u0259 tutmas\u0131 n\u0259tic\u0259sind\u0259 m\u00fclki \u015f\u0259xsl\u0259rin &#8211; Allahverdiyeva Sahib\u0259 \u0130dris q\u0131z\u0131n\u0131n, onun n\u0259v\u0259si 2 ya\u015fl\u0131 Quliyeva Z\u0259hra Elnur q\u0131z\u0131n\u0131n h\u0259lak olmas\u0131, Quliyeva S\u0259rvinaz \u0130ltifat q\u0131z\u0131n\u0131n [&hellip;]<\/p>\n","protected":false},"author":2,"featured_media":0,"comment_status":"closed","ping_status":"closed","sticky":false,"template":"","format":"standard","meta":[],"categories":[10],"tags":[20],"_links":{"self":[{"href":"https:\/\/yeniterter.az\/index.php?rest_route=\/wp\/v2\/posts\/6987"}],"collection":[{"href":"https:\/\/yeniterter.az\/index.php?rest_route=\/wp\/v2\/posts"}],"about":[{"href":"https:\/\/yeniterter.az\/index.php?rest_route=\/wp\/v2\/types\/post"}],"author":[{"embeddable":true,"href":"https:\/\/yeniterter.az\/index.php?rest_route=\/wp\/v2\/users\/2"}],"replies":[{"embeddable":true,"href":"https:\/\/yeniterter.az\/index.php?rest_route=%2Fwp%2Fv2%2Fcomments&post=6987"}],"version-history":[{"count":0,"href":"https:\/\/yeniterter.az\/index.php?rest_route=\/wp\/v2\/posts\/6987\/revisions"}],"wp:attachment":[{"href":"https:\/\/yeniterter.az\/index.php?rest_route=%2Fwp%2Fv2%2Fmedia&parent=6987"}],"wp:term":[{"taxonomy":"category","embeddable":true,"href":"https:\/\/yeniterter.az\/index.php?rest_route=%2Fwp%2Fv2%2Fcategories&post=6987"},{"taxonomy":"post_tag","embeddable":true,"href":"https:\/\/yeniterter.az\/index.php?rest_route=%2Fwp%2Fv2%2Ftags&post=6987"}],"curies":[{"name":"wp","href":"https:\/\/api.w.org\/{rel}","templated":true}]}}