{"id":6985,"date":"2017-07-20T10:34:59","date_gmt":"2017-07-20T07:34:59","guid":{"rendered":"http:\/\/www.yeniterter.az\/?p=6985"},"modified":"2017-07-20T10:34:59","modified_gmt":"2017-07-20T07:34:59","slug":"t%c9%99rt%c9%99rli-dindarlar-dunya-ictimaiyy%c9%99tini-erm%c9%99ni-vandalizmin%c9%99-yox-dem%c9%99y%c9%99-cagirirlar","status":"publish","type":"post","link":"https:\/\/yeniterter.az\/?p=6985","title":{"rendered":"T\u018fRT\u018fRL\u0130 D\u0130NDARLAR D\u00dcNYA \u0130CT\u0130MA\u0130YY\u018fT\u0130N\u0130 ERM\u018fN\u0130 VANDAL\u0130ZM\u0130N\u018f YOX DEM\u018fY\u018f \u00c7A\u011eIRIRLAR"},"content":{"rendered":"<p>T\u0259rt\u0259r rayon dindarlar\u0131 iyulun 4-d\u0259 Erm\u0259nistan silahl\u0131 q\u00fcvv\u0259l\u0259ri t\u0259r\u0259find\u0259n Az\u0259rbaycan\u0131n F\u00fczuli rayonunun Alxanl\u0131 k\u0259ndinin at\u0259\u015f\u0259 tutulmas\u0131 n\u0259tic\u0259sind\u0259 m\u00fclki \u015f\u0259xsl\u0259rin h\u0259lak olmas\u0131 il\u0259 \u0259laq\u0259dar b\u0259yanat verib.<br \/>\nT\u0259rt\u0259r C\u00fcm\u0259 M\u0259scidi Dini \u0130cmas\u0131ndan AZ\u018fRTAC-a daxil olan b\u0259yanatda deyilir: \u201c\u0130yulun 4-\u00fc ax\u015fam erm\u0259ni silahl\u0131 b\u00f6lm\u0259l\u0259rinin F\u00fczuli rayonunun Alxanl\u0131 k\u0259ndini at\u0259\u015f\u0259 tutmas\u0131 n\u0259tic\u0259sind\u0259 iki ya\u015fl\u0131 Z\u0259hra Quliyevan\u0131n v\u0259 onun n\u0259n\u0259si Sahib\u0259 Allahverdiyevan\u0131n h\u0259lak olmas\u0131 b\u00fct\u00fcn Az\u0259rbaycan xalq\u0131 kimi biz c\u0259bh\u0259 b\u00f6lg\u0259sind\u0259 ya\u015fayan sakinl\u0259rin, el\u0259c\u0259 d\u0259 T\u0259rt\u0259r dindarlar\u0131n\u0131n da etiraz\u0131na s\u0259b\u0259b olub.<br \/>\nErm\u0259nistan silahl\u0131 b\u00f6lm\u0259l\u0259ri at\u0259\u015fk\u0259s rejimini m\u00fct\u0259madi olaraq pozur, t\u0259mas x\u0259ttin\u0259 yax\u0131n ya\u015fay\u0131\u015f m\u0259nt\u0259q\u0259l\u0259rini at\u0259\u015f alt\u0131nda saxlay\u0131r. Erm\u0259nistan ordusunun \u00f6t\u0259n ilin aprel ay\u0131nda T\u0259rt\u0259r rayonunun ya\u015fay\u0131\u015f m\u0259nt\u0259q\u0259l\u0259rini at\u0259\u015f\u0259 tutmas\u0131 n\u0259tic\u0259sind\u0259 H\u0259s\u0259nqaya k\u0259ndind\u0259 ya\u015fayan 16 ya\u015fl\u0131 Turan\u0259 H\u0259s\u0259nova da h\u0259lak olmu\u015fdu. N\u0259 2 ya\u015fl\u0131 Z\u0259hra, n\u0259 d\u0259 16 ya\u015fl\u0131 Turan\u0259 d\u00f6y\u00fc\u015f\u0259n \u0259sg\u0259r deyildil\u0259r. G\u00f6r\u00fcnd\u00fcy\u00fc kimi, Erm\u0259nistan ordusu vandalizm n\u00fcmayi\u015f etdirir, g\u00fcnahs\u0131z insanlar\u0131n, qad\u0131nlar\u0131n, u\u015faqlar\u0131n qan\u0131n\u0131 t\u00f6km\u0259kd\u0259n \u00e7\u0259kinmirl\u0259r.<!--more--><br \/>\nT\u0259rt\u0259r C\u00fcm\u0259 M\u0259scidi Dini \u0130cmas\u0131n\u0131n dindarlar\u0131 erm\u0259ni vandalizmini q\u0259tiyy\u0259tl\u0259 pisl\u0259yir, b\u00fct\u00fcn d\u00fcnya ictimaiyy\u0259tinin diqq\u0259tini Erm\u0259nistan\u0131n i\u015f\u011fal\u00e7\u0131 siyas\u0259tin\u0259 etiraz etm\u0259y\u0259 s\u0259sl\u0259yir. T\u0259rt\u0259rli dindarlar d\u00fcnya ictimaiyy\u0259tini hadis\u0259l\u0259r\u0259 d\u00fczg\u00fcn qiym\u0259t verm\u0259y\u0259, erm\u0259ni vandalizmin\u0259 yox dem\u0259y\u0259 \u00e7a\u011f\u0131r\u0131r.<\/p>\n","protected":false},"excerpt":{"rendered":"<p>T\u0259rt\u0259r rayon dindarlar\u0131 iyulun 4-d\u0259 Erm\u0259nistan silahl\u0131 q\u00fcvv\u0259l\u0259ri t\u0259r\u0259find\u0259n Az\u0259rbaycan\u0131n F\u00fczuli rayonunun Alxanl\u0131 k\u0259ndinin at\u0259\u015f\u0259 tutulmas\u0131 n\u0259tic\u0259sind\u0259 m\u00fclki \u015f\u0259xsl\u0259rin h\u0259lak olmas\u0131 il\u0259 \u0259laq\u0259dar b\u0259yanat verib. T\u0259rt\u0259r C\u00fcm\u0259 M\u0259scidi Dini \u0130cmas\u0131ndan AZ\u018fRTAC-a daxil olan b\u0259yanatda deyilir: \u201c\u0130yulun 4-\u00fc ax\u015fam erm\u0259ni silahl\u0131 b\u00f6lm\u0259l\u0259rinin F\u00fczuli rayonunun Alxanl\u0131 k\u0259ndini at\u0259\u015f\u0259 tutmas\u0131 n\u0259tic\u0259sind\u0259 iki ya\u015fl\u0131 Z\u0259hra Quliyevan\u0131n v\u0259 onun n\u0259n\u0259si [&hellip;]<\/p>\n","protected":false},"author":2,"featured_media":0,"comment_status":"closed","ping_status":"closed","sticky":false,"template":"","format":"standard","meta":[],"categories":[10],"tags":[20],"_links":{"self":[{"href":"https:\/\/yeniterter.az\/index.php?rest_route=\/wp\/v2\/posts\/6985"}],"collection":[{"href":"https:\/\/yeniterter.az\/index.php?rest_route=\/wp\/v2\/posts"}],"about":[{"href":"https:\/\/yeniterter.az\/index.php?rest_route=\/wp\/v2\/types\/post"}],"author":[{"embeddable":true,"href":"https:\/\/yeniterter.az\/index.php?rest_route=\/wp\/v2\/users\/2"}],"replies":[{"embeddable":true,"href":"https:\/\/yeniterter.az\/index.php?rest_route=%2Fwp%2Fv2%2Fcomments&post=6985"}],"version-history":[{"count":0,"href":"https:\/\/yeniterter.az\/index.php?rest_route=\/wp\/v2\/posts\/6985\/revisions"}],"wp:attachment":[{"href":"https:\/\/yeniterter.az\/index.php?rest_route=%2Fwp%2Fv2%2Fmedia&parent=6985"}],"wp:term":[{"taxonomy":"category","embeddable":true,"href":"https:\/\/yeniterter.az\/index.php?rest_route=%2Fwp%2Fv2%2Fcategories&post=6985"},{"taxonomy":"post_tag","embeddable":true,"href":"https:\/\/yeniterter.az\/index.php?rest_route=%2Fwp%2Fv2%2Ftags&post=6985"}],"curies":[{"name":"wp","href":"https:\/\/api.w.org\/{rel}","templated":true}]}}