{"id":6983,"date":"2017-07-20T10:32:31","date_gmt":"2017-07-20T07:32:31","guid":{"rendered":"http:\/\/www.yeniterter.az\/?p=6983"},"modified":"2017-07-20T10:32:31","modified_gmt":"2017-07-20T07:32:31","slug":"az%c9%99rbaycan-evinin-b%c9%99yanati","status":"publish","type":"post","link":"https:\/\/yeniterter.az\/?p=6983","title":{"rendered":"AZ\u018fRBAYCAN EV\u0130N\u0130N B\u018fYANATI"},"content":{"rendered":"<p>Parisd\u0259ki Az\u0259rbaycan Evi Erm\u0259nistan Respublikas\u0131n\u0131n silahl\u0131 q\u00fcvv\u0259l\u0259rinin iyulun 4-d\u0259 Az\u0259rbaycan\u0131n F\u00fczuli rayo-nunun Alxanl\u0131 k\u0259ndinin m\u00fclki \u0259halisin\u0259 qar\u015f\u0131 t\u00f6r\u0259tdiyi qanl\u0131 h\u0259rbi provokasiyan\u0131 q\u0259tiyy\u0259tl\u0259 pisl\u0259yir. Bu h\u0259rbi m\u00fcdaxil\u0259 n\u0259tic\u0259sind\u0259 Sahib\u0259 Allahverdiyeva v\u0259 onun n\u0259v\u0259si, 2 ya\u015fl\u0131 Z\u0259hra Quliyeva h\u0259lak olmu\u015f, ba\u015fqa bir dinc sakin, S\u0259rvinaz Quliyeva yaralanm\u0131\u015f v\u0259 h\u0259m\u00e7inin, \u00e7oxsayl\u0131 m\u00fclki infrastruktura ziyan d\u0259ymi\u015fdir.<br \/>\nAssosiasiyan\u0131n \u00fczvl\u0259ri faci\u0259 qurbanlar\u0131n\u0131n ail\u0259l\u0259rin\u0259 v\u0259 yax\u0131nlar\u0131na ba\u015fsa\u011fl\u0131\u011f\u0131 verir v\u0259 yaralanan qad\u0131n\u0131n tezlikl\u0259 sa\u011falmas\u0131n\u0131 arzu edir.<br \/>\nXat\u0131rladaq ki, 1988-ci ild\u0259n ba\u015flayan Erm\u0259nistan-Az\u0259rbaycan m\u00fcnaqi\u015f\u0259si n\u0259tic\u0259sind\u0259 Da\u011fl\u0131q Qaraba\u011f b\u00f6lg\u0259si v\u0259 onun \u0259traf\u0131ndak\u0131, az\u0259rbaycanl\u0131lar\u0131n ya\u015fad\u0131\u011f\u0131 7 rayon da daxil olmaqla Az\u0259rbaycan \u0259razisinin t\u0259xmin\u0259n 20%-i Erm\u0259nistan ordusu t\u0259r\u0259find\u0259n i\u015f\u011fal edilmi\u015fdir. T\u0259xmin\u0259n 1 milyon Az\u0259rbaycanl\u0131 d\u00f6\u011fma yurdundan qovulmu\u015f, 20 min n\u0259f\u0259r \u00f6ld\u00fcr\u00fclm\u00fc\u015f, 50 min n\u0259f\u0259rd\u0259n \u00e7ox insan \u015fik\u0259st edilmi\u015fdir. Erm\u0259nistan\u0131n h\u0259bs d\u00fc\u015f\u0259rg\u0259l\u0259rind\u0259 i\u015fg\u0259nc\u0259 v\u0259 t\u0259zyiql\u0259r\u0259 m\u0259ruz qalm\u0131\u015f d\u00f6rd mind\u0259n (4000) \u00e7ox az\u0259rbaycanl\u0131n\u0131n taleyi bar\u0259d\u0259 bu g\u00fcn\u0259 q\u0259d\u0259r m\u0259lumat yoxdur. <!--more--><br \/>\nBeyn\u0259lxalq Birlik Erm\u0259nistan\u0131n Az\u0259rbaycana qar\u015f\u0131 t\u0259cav\u00fczkar siyas\u0259tini pisl\u0259s\u0259 d\u0259 o, \u00e7a\u011f\u0131r\u0131\u015flara v\u0259 beyn\u0259lxalq t\u0259\u015fki-latlar\u0131n q\u0259tnam\u0259l\u0259rin\u0259 m\u0259h\u0259l qoymamaqda davam edir. BMT-nin T\u0259hl\u00fck\u0259sizlik \u015euras\u0131n\u0131n Az\u0259rbaycan \u0259razil\u0259rinin d\u0259rhal azad edilm\u0259sini v\u0259 k\u00f6\u00e7k\u00fcnl\u0259rin \u00f6z do\u011fma yurd-yuvalar\u0131na qaytar\u0131lmas\u0131n\u0131 t\u0259l\u0259b ed\u0259n 822, 853, 874, 884 sayl\u0131 q\u0259tnam\u0259l\u0259ri bu g\u00fcn\u0259 q\u0259d\u0259r cavabs\u0131z qalm\u0131\u015fd\u0131r.<br \/>\nAT\u018fT-in 2005 v\u0259 2010-cu ill\u0259rd\u0259 h\u0259yata ke\u00e7irdiyi missiyalar\u0131n hesabatlar\u0131 Erm\u0259nistan\u0131n i\u015f\u011fal olunmu\u015f Az\u0259rbaycan \u0259razil\u0259rind\u0259ki qeyri-qanuni f\u0259aliyy\u0259tini, o c\u00fcml\u0259d\u0259n, qeyri-qanuni m\u0259skunla\u015fma t\u0259cr\u00fcb\u0259sini, bu \u0259razil\u0259rd\u0259 Az\u0259rbaycan xalq\u0131na m\u0259xsus tarixi v\u0259 m\u0259d\u0259ni irsin m\u0259hv edilm\u0259sini t\u0259sdiq edir.<br \/>\nErm\u0259nistan silahl\u0131 q\u00fcvv\u0259l\u0259rinin i\u015f\u011fal olunmu\u015f Az\u0259rbaycan \u0259razil\u0259rind\u0259 m\u00f6vcudlu\u011fu v\u0259ziyy\u0259tin g\u0259rginl\u0259\u015fm\u0259sinin v\u0259 m\u00fcnaqi\u015f\u0259 zonas\u0131ndak\u0131 insidentl\u0259rin \u0259sas s\u0259b\u0259bidir v\u0259 m\u00fcnaqi\u015f\u0259nin dinc yolla h\u0259llind\u0259 \u0259sas mane\u0259dir.<br \/>\nDid\u0259rgin d\u00fc\u015fm\u00fc\u015f h\u0259r bir az\u0259rbaycanl\u0131 arzu edir ki, \u00f6z do\u011fma yurduna qay\u0131ts\u0131n. Bu i\u015f\u011fal uzun s\u00fcr\u0259 bim\u0259z.<br \/>\nBiz Az\u0259rbaycan icmas\u0131 ad\u0131ndan AT\u018fT-in Minsk qrupunun h\u0259ms\u0259dri kimi v\u0259t\u0259nimiz Fransadan v\u0259 el\u0259c\u0259 d\u0259 beyn\u0259lxalq ictimaiyy\u0259td\u0259n xahi\u015f edirik ki, bu t\u0259cav\u00fcz\u0259 qar\u015f\u0131 s\u0259sini qald\u0131rs\u0131n v\u0259 Az\u0259rbaycan\u0131n \u0259razi b\u00fct\u00f6vl\u00fcy\u00fcn\u00fcn b\u0259rpa olunmas\u0131na yard\u0131m etsin.<\/p>\n<p style=\"text-align: right;\"><strong><em>Mirvari F\u018fT\u018fL\u0130YEVA<\/em><\/strong><br \/>\n<strong><em>Parisd\u0259ki Az\u0259rbaycan Evinin Prezidenti<\/em><\/strong><\/p>\n","protected":false},"excerpt":{"rendered":"<p>Parisd\u0259ki Az\u0259rbaycan Evi Erm\u0259nistan Respublikas\u0131n\u0131n silahl\u0131 q\u00fcvv\u0259l\u0259rinin iyulun 4-d\u0259 Az\u0259rbaycan\u0131n F\u00fczuli rayo-nunun Alxanl\u0131 k\u0259ndinin m\u00fclki \u0259halisin\u0259 qar\u015f\u0131 t\u00f6r\u0259tdiyi qanl\u0131 h\u0259rbi provokasiyan\u0131 q\u0259tiyy\u0259tl\u0259 pisl\u0259yir. Bu h\u0259rbi m\u00fcdaxil\u0259 n\u0259tic\u0259sind\u0259 Sahib\u0259 Allahverdiyeva v\u0259 onun n\u0259v\u0259si, 2 ya\u015fl\u0131 Z\u0259hra Quliyeva h\u0259lak olmu\u015f, ba\u015fqa bir dinc sakin, S\u0259rvinaz Quliyeva yaralanm\u0131\u015f v\u0259 h\u0259m\u00e7inin, \u00e7oxsayl\u0131 m\u00fclki infrastruktura ziyan d\u0259ymi\u015fdir. Assosiasiyan\u0131n \u00fczvl\u0259ri faci\u0259 [&hellip;]<\/p>\n","protected":false},"author":2,"featured_media":0,"comment_status":"closed","ping_status":"closed","sticky":false,"template":"","format":"standard","meta":[],"categories":[10],"tags":[20],"_links":{"self":[{"href":"https:\/\/yeniterter.az\/index.php?rest_route=\/wp\/v2\/posts\/6983"}],"collection":[{"href":"https:\/\/yeniterter.az\/index.php?rest_route=\/wp\/v2\/posts"}],"about":[{"href":"https:\/\/yeniterter.az\/index.php?rest_route=\/wp\/v2\/types\/post"}],"author":[{"embeddable":true,"href":"https:\/\/yeniterter.az\/index.php?rest_route=\/wp\/v2\/users\/2"}],"replies":[{"embeddable":true,"href":"https:\/\/yeniterter.az\/index.php?rest_route=%2Fwp%2Fv2%2Fcomments&post=6983"}],"version-history":[{"count":0,"href":"https:\/\/yeniterter.az\/index.php?rest_route=\/wp\/v2\/posts\/6983\/revisions"}],"wp:attachment":[{"href":"https:\/\/yeniterter.az\/index.php?rest_route=%2Fwp%2Fv2%2Fmedia&parent=6983"}],"wp:term":[{"taxonomy":"category","embeddable":true,"href":"https:\/\/yeniterter.az\/index.php?rest_route=%2Fwp%2Fv2%2Fcategories&post=6983"},{"taxonomy":"post_tag","embeddable":true,"href":"https:\/\/yeniterter.az\/index.php?rest_route=%2Fwp%2Fv2%2Ftags&post=6983"}],"curies":[{"name":"wp","href":"https:\/\/api.w.org\/{rel}","templated":true}]}}