{"id":6980,"date":"2017-07-20T10:28:15","date_gmt":"2017-07-20T07:28:15","guid":{"rendered":"http:\/\/www.yeniterter.az\/?p=6980"},"modified":"2017-07-20T10:29:01","modified_gmt":"2017-07-20T07:29:01","slug":"muharib%c9%99ni-ist%c9%99m%c9%99s%c9%99k-d%c9%99","status":"publish","type":"post","link":"https:\/\/yeniterter.az\/?p=6980","title":{"rendered":"M\u00dcHAR\u0130B\u018fN\u0130 \u0130ST\u018fM\u018fS\u018fK D\u018f&#8230;"},"content":{"rendered":"<p>Bu g\u00fcnl\u0259rd\u0259 \u201cAz\u0259rbaycan\u201d q\u0259zetind\u0259 tan\u0131nm\u0131\u015f rusiyal\u0131 ictimai xadim, \u201cZavtra\u201d q\u0259zetinin ba\u015f redaktoru, yaz\u0131\u00e7\u0131 Aleksandr Proxanovun \u201cBak\u0131\u2013h\u0259yat a\u011fac\u0131\u201d m\u0259qal\u0259sini oxudum. Vaxtil\u0259 onun xalq\u0131n\u0131 t\u0259msil ed\u0259nl\u0259r erm\u0259nil\u0259rl\u0259 birlikd\u0259 Bak\u0131da yanvar q\u0131r\u011f\u0131n\u0131n\u0131 t\u00f6r\u0259tmi\u015fl\u0259r. Indi is\u0259 Aleksand\u0131r Proxanov m\u00fcasir az\u0259rbaycanl\u0131lar haqq\u0131nda bel\u0259 deyir: \u201cAz\u0259rbaycanl\u0131lar t\u0259bi\u0259t etibaril\u0259 m\u00fcharib\u0259y\u0259 deyil, ticar\u0259t\u0259, vuru\u015fma\u011fa deyil, dostlu\u011fa v\u0259 bar\u0131\u015f\u0131\u011fa meyl g\u00f6st\u0259r\u0259n s\u00fclhsev\u0259r v\u0259 \u015f\u0259n xalqd\u0131r. Indi is\u0259 yeni \u00f6lk\u0259d\u0259 avanqard arxitekturan\u0131n \u0259hat\u0259sind\u0259, yeni tarixi v\u0259 m\u0259d\u0259ni v\u0259zif\u0259l\u0259rin t\u0259siri, daim s\u0259f\u0259rb\u0259rliyin t\u0259yziqi alt\u0131nda \u00e7oxmill\u0259tli, yarad\u0131c\u0131, \u015f\u00fcurunda \u00f6z xalq\u0131n\u0131n misilsizliyi ideyas\u0131 olan, b\u0259xtin\u0259 par\u00e7alanm\u0131\u015f s\u0259rs\u0259m d\u00fcnyaya harmoniya v\u0259 h\u0259mr\u0259ylik \u00f6rn\u0259yi n\u00fcmayi\u015f etdirm\u0259k kimi tarixi missiya d\u00fc\u015fm\u00fc\u015f yeni Az\u0259rbaycan mill\u0259ti yaran\u0131r.\u201d<br \/>\nB\u0259li, Az\u0259rbaycan bu s\u0259rs\u0259m d\u00fcnyada harmoniya yaratma\u011fa \u00e7al\u0131\u015f\u0131r. Amma h\u0259r k\u0259s bilm\u0259lidir ki, az\u0259rbaycanl\u0131lar m\u00fcharib\u0259ni sevm\u0259s\u0259l\u0259r d\u0259, laz\u0131m g\u0259ldikd\u0259, \u0259ll\u0259rind\u0259 silah \u00f6z v\u0259t\u0259nda\u015flar\u0131n\u0131, \u00f6z torpaqlar\u0131n\u0131 qoruma\u011fa qadirdirl\u0259r. K\u00f6rp\u0259 Z\u0259hran\u0131n v\u0259 onun n\u0259n\u0259sinin erm\u0259nil\u0259r t\u0259r\u0259find\u0259n v\u0259h\u015fic\u0259sin\u0259 q\u0259tl\u0259 yetirilm\u0259si, g\u00fcnahs\u0131z dinc sakinin yaralanmas\u0131 h\u0259r k\u0259sd\u0259 q\u0259z\u0259b v\u0259 nifr\u0259t hissi oyad\u0131b.<!--more--><br \/>\nM\u0259kt\u0259b direktoru i\u015fl\u0259diyim Qapanl\u0131 k\u0259ndi c\u0259bh\u0259 x\u0259tdinin bir ne\u00e7\u0259 y\u00fcz metrliyind\u0259 yerl\u0259\u015fir. Bu k\u0259ndin v\u0259 ona qon\u015fu olan dig\u0259r ya\u015fay\u0131\u015f m\u0259nt\u0259q\u0259l\u0259rinin d\u0259 dinc sakinl\u0259ri tez-tez erm\u0259ni vandalizmin\u0259 v\u0259 g\u00fc\u00e7l\u00fc at\u0259\u015f\u0259 m\u0259ruz qal\u0131rlar. Burada da erm\u0259ni quldurlar\u0131n\u0131n a\u00e7d\u0131qlar\u0131 at\u0259\u015f n\u0259tic\u0259sind\u0259 vaxta\u015f\u0131r\u0131 \u00f6l\u00fcm v\u0259 yaralanma hallar\u0131 ba\u015f verir, \u0259halinin rahatl\u0131\u011f\u0131 pozulur, evl\u0259r\u0259 v\u0259 t\u0259s\u0259rr\u00fcfatlara ciddi ziyan d\u0259yir.<br \/>\nBu v\u0259h\u015filikl\u0259r\u0259 son qoyulmas\u0131n\u0131n vaxt\u0131 \u00e7oxdan \u00e7at\u0131b. B\u00fct\u00fcn d\u00fcnya ictimaiyy\u0259tinin diqq\u0259ti erm\u0259nil\u0259rin al\u00e7aq v\u0259 \u015f\u0259r\u0259fsiz \u0259m\u0259ll\u0259rin\u0259 y\u00f6n\u0259ldilm\u0259lidir.<\/p>\n<p style=\"text-align: right;\"><em><strong>Fitat \u018fliyeva, <\/strong><\/em><\/p>\n<p style=\"text-align: right;\"><em><strong>Qapanl\u0131 k\u0259nd tam orta m\u0259kt\u0259binin direktoru<\/strong> <\/em><\/p>\n","protected":false},"excerpt":{"rendered":"<p>Bu g\u00fcnl\u0259rd\u0259 \u201cAz\u0259rbaycan\u201d q\u0259zetind\u0259 tan\u0131nm\u0131\u015f rusiyal\u0131 ictimai xadim, \u201cZavtra\u201d q\u0259zetinin ba\u015f redaktoru, yaz\u0131\u00e7\u0131 Aleksandr Proxanovun \u201cBak\u0131\u2013h\u0259yat a\u011fac\u0131\u201d m\u0259qal\u0259sini oxudum. Vaxtil\u0259 onun xalq\u0131n\u0131 t\u0259msil ed\u0259nl\u0259r erm\u0259nil\u0259rl\u0259 birlikd\u0259 Bak\u0131da yanvar q\u0131r\u011f\u0131n\u0131n\u0131 t\u00f6r\u0259tmi\u015fl\u0259r. Indi is\u0259 Aleksand\u0131r Proxanov m\u00fcasir az\u0259rbaycanl\u0131lar haqq\u0131nda bel\u0259 deyir: \u201cAz\u0259rbaycanl\u0131lar t\u0259bi\u0259t etibaril\u0259 m\u00fcharib\u0259y\u0259 deyil, ticar\u0259t\u0259, vuru\u015fma\u011fa deyil, dostlu\u011fa v\u0259 bar\u0131\u015f\u0131\u011fa meyl g\u00f6st\u0259r\u0259n s\u00fclhsev\u0259r v\u0259 \u015f\u0259n [&hellip;]<\/p>\n","protected":false},"author":2,"featured_media":0,"comment_status":"closed","ping_status":"closed","sticky":false,"template":"","format":"standard","meta":[],"categories":[10],"tags":[20],"_links":{"self":[{"href":"https:\/\/yeniterter.az\/index.php?rest_route=\/wp\/v2\/posts\/6980"}],"collection":[{"href":"https:\/\/yeniterter.az\/index.php?rest_route=\/wp\/v2\/posts"}],"about":[{"href":"https:\/\/yeniterter.az\/index.php?rest_route=\/wp\/v2\/types\/post"}],"author":[{"embeddable":true,"href":"https:\/\/yeniterter.az\/index.php?rest_route=\/wp\/v2\/users\/2"}],"replies":[{"embeddable":true,"href":"https:\/\/yeniterter.az\/index.php?rest_route=%2Fwp%2Fv2%2Fcomments&post=6980"}],"version-history":[{"count":0,"href":"https:\/\/yeniterter.az\/index.php?rest_route=\/wp\/v2\/posts\/6980\/revisions"}],"wp:attachment":[{"href":"https:\/\/yeniterter.az\/index.php?rest_route=%2Fwp%2Fv2%2Fmedia&parent=6980"}],"wp:term":[{"taxonomy":"category","embeddable":true,"href":"https:\/\/yeniterter.az\/index.php?rest_route=%2Fwp%2Fv2%2Fcategories&post=6980"},{"taxonomy":"post_tag","embeddable":true,"href":"https:\/\/yeniterter.az\/index.php?rest_route=%2Fwp%2Fv2%2Ftags&post=6980"}],"curies":[{"name":"wp","href":"https:\/\/api.w.org\/{rel}","templated":true}]}}