{"id":6975,"date":"2017-07-20T10:25:55","date_gmt":"2017-07-20T07:25:55","guid":{"rendered":"http:\/\/www.yeniterter.az\/?p=6975"},"modified":"2017-07-20T10:25:55","modified_gmt":"2017-07-20T07:25:55","slug":"z%c9%99hra-laylasi","status":"publish","type":"post","link":"https:\/\/yeniterter.az\/?p=6975","title":{"rendered":"Z\u018fHRA LAYLASI"},"content":{"rendered":"<p><img decoding=\"async\" loading=\"lazy\" class=\" wp-image-6976 alignleft\" src=\"http:\/\/www.yeniterter.az\/wp-content\/uploads\/ermeni-vandalizmi-3-2-180x300.jpg\" alt=\"ermeni-vandalizmi-3-2\" width=\"100\" height=\"167\" srcset=\"https:\/\/yeniterter.az\/wp-content\/uploads\/ermeni-vandalizmi-3-2-180x300.jpg 180w, https:\/\/yeniterter.az\/wp-content\/uploads\/ermeni-vandalizmi-3-2.jpg 480w\" sizes=\"(max-width: 100px) 100vw, 100px\" \/><img decoding=\"async\" loading=\"lazy\" class=\" wp-image-6977 alignright\" src=\"http:\/\/www.yeniterter.az\/wp-content\/uploads\/b7190ba274b8e35378d09f2ebf884dea-200x300.jpg\" alt=\"b7190ba274b8e35378d09f2ebf884dea\" width=\"107\" height=\"161\" \/>\u015e\u0259r vaxt\u0131 \u00f6z\u00fcyl\u0259 \u015f\u0259r g\u0259tirdi. Bir h\u0259y\u0259tin, bir k\u0259ndin, bir elin, k\u00fclli\u2013 Qaraba\u011f\u0131n, n\u0259hay\u0259td\u0259 Ulu v\u0259t\u0259nin\u2013Az\u0259rbaycan\u0131n dincliyi, sakitliyi g\u00fcll\u0259l\u0259ndi. Eyni b\u0259\u015f\u0259r \u00f6vlad\u0131 olaraq insan\u0131n insa-na inam\u0131, etibar\u0131 g\u00fcll\u0259l\u0259ndi. B\u0259\u015f\u0259riyy\u0259tin onsuz da laxlam\u0131\u015f m\u00f6vqeyi bir az da a\u015fa\u011f\u0131land\u0131. Haqqa, \u0259dal\u0259t\u0259 olan inam bir az da q\u0131r\u0131ld\u0131.<br \/>\n\u201cMe\u015f\u0259y\u0259 insan<br \/>\ng\u0259lmi\u015fdi&#8230;\u201d<br \/>\nAt\u0131lan m\u0259rmil\u0259r bir dinc h\u0259y\u0259ti \u00fc\u00e7 g\u00fcnahs\u0131z insan\u0131n qan\u0131yla al q\u0131rm\u0131z\u0131 r\u0259ng\u0259 boyad\u0131. O r\u0259ng\u0259 ki, d\u00f6vl\u0259tl\u0259rin \u015f\u0259r\u0259f r\u0259mzi olan bayraqlar\u0131n bir \u00e7oxu \u00f6z r\u0259ngini m\u0259hz ondan alm\u0131\u015fd\u0131r.<br \/>\nN\u0259 yaz\u0131qlar ki, bu m\u0259qamda o \u015f\u0259r\u0259f deyil, anti\u015f\u0259r\u0259f r\u0259mzi, b\u0259\u015f\u0259r vicdan\u0131na bir l\u0259k\u0259 idi. \u0130nsana g\u00fcll\u0259 atmaq olmaz. (humanizm, xeyir \u00f6l\u00fcbm\u00fc?), qad\u0131na g\u00fcll\u0259 atmaq olmaz (\u015f\u0259rin t\u0259nt\u0259n\u0259sidirmi?). N\u0259hay\u0259td\u0259 u\u015fa\u011fa (k\u00f6rp\u0259y\u0259) g\u00fcll\u0259 atmaq olmaz (z\u00fclm\u00fcn, haqs\u0131zl\u0131\u011f\u0131n, varvarl\u0131\u011f\u0131n, manqurtlu\u011fun son n\u00f6qt\u0259si budur, daha bundan o yanas\u0131 yoxdur!!!&#8230;)<br \/>\n\u2013B\u0259s kim\u0259 at\u0131lm\u0131\u015fd\u0131 bu g\u00fcll\u0259l\u0259r? <!--more--><br \/>\n<img decoding=\"async\" loading=\"lazy\" class=\" wp-image-6978 alignleft\" src=\"http:\/\/www.yeniterter.az\/wp-content\/uploads\/ermeni-vandalizmi-9-2-225x300.jpg\" alt=\"ermeni-vandalizmi-9-2\" width=\"98\" height=\"131\" srcset=\"https:\/\/yeniterter.az\/wp-content\/uploads\/ermeni-vandalizmi-9-2-225x300.jpg 225w, https:\/\/yeniterter.az\/wp-content\/uploads\/ermeni-vandalizmi-9-2.jpg 750w\" sizes=\"(max-width: 98px) 100vw, 98px\" \/>\u2013 Qad\u0131na v\u0259 u\u015fa\u011fa (k\u00f6rp\u0259y\u0259). N\u0259n\u0259\u2013Sahib\u0259 Allahverdiyeva n\u0259v\u0259si\u2013iki ya\u015fl\u0131 Z\u0259hra (ad\u0131n g\u00f6z\u0259lliyin\u0259, simvolikas\u0131na bax\u0131n) h\u0259yatlar\u0131n\u0131 itirdi, S\u0259rvinaz Quliyeva a\u011f\u0131r yaraland\u0131.<br \/>\n\u2013B\u0259s kim atm\u0131\u015fd\u0131 bu g\u00fcll\u0259l\u0259ri?<br \/>\n\u2013Qatil, vandal, antib\u0259\u015f\u0259r erm\u0259nil\u0259r. \u00d6z\u00fc d\u0259 bu \u0259m\u0259ll\u0259ri t\u00f6r\u0259d\u0259nl\u0259r yerli erm\u0259nil\u0259r deyil, yerlil\u0259rin \u201csaqqall\u0131lar\u201d adland\u0131rd\u0131qlar\u0131 g\u0259lm\u0259l\u0259r, da\u015fnak emissarlar\u0131d\u0131r.<br \/>\n\u2013B\u0259s n\u0259 m\u0259qs\u0259dl\u0259 edirl\u0259r onlar bu cinay\u0259tl\u0259ri?<br \/>\n\u2013Az\u0259rbaycanl\u0131larla Da\u011fl\u0131q Qaraba\u011f erm\u0259nil\u0259ri aras\u0131nda bar\u0131\u015fmaz d\u00fc\u015fm\u0259n\u00e7ilik, qar\u015f\u0131l\u0131ql\u0131 kin-k\u00fcdur\u0259t, nifr\u0259t v\u0259 \u0259dav\u0259t yaratmaq; s\u00fclh\u0259, bar\u0131\u015f\u0131\u011fa, v\u0259t\u0259nda\u015f h\u0259mr\u0259yliyi v\u0259 birg\u0259ya\u015fay\u0131\u015f\u0131na aparan k\u00f6rp\u00fcl\u0259ri yand\u0131rmaq \u00fc\u00e7\u00fcn.<br \/>\nDa\u011fl\u0131q Qaraba\u011f\u0131n bir yerli sakini kimi tam m\u0259suliyy\u0259timl\u0259 deyir\u0259m: Da\u011fl\u0131q Qaraba\u011f erm\u0259nil\u0259ri aras\u0131nda Respub-likam\u0131za b\u00f6y\u00fck r\u0259\u011fb\u0259t v\u0259 inam var. Onlar bizim m\u0259d\u0259niyy\u0259timizi sevirl\u0259r. Orda bizim dayaqlar\u0131m\u0131z g\u00fccl\u00fcd\u00fcr. \u018fg\u0259r hakim dair\u0259l\u0259rin t\u0259zyiqi, inkvizisiyasi olmasayd\u0131 Da\u011fl\u0131q Qaraba\u011f \u0259halisi \u00e7oxdan Az\u0259rbaycan bay-ra\u011f\u0131 alt\u0131ndayd\u0131. (G\u0259l\u0259c\u0259k f\u0259aliyy\u0259timizd\u0259 biz bu amili unutmamal\u0131y\u0131q).<br \/>\nBu g\u00fcn \u015f\u0259hid\u0259rimizin an\u0131m g\u00fcn\u00fcd\u00fcr. B\u00fct\u00fcn Az\u0259rbaycan, b\u00fct\u00fcn t\u00fcrk d\u00fcnyas\u0131, b\u00fct\u00fcn m\u00fct\u0259r\u0259q-qi insanlar ayaq \u00fcst\u00fcn-d\u0259dir. Torpa\u011f\u0131 i\u015f\u011fal olunan da bizik, \u015f\u0259hid ver\u0259n d\u0259. Qoy d\u00fcnya d\u00f6vl\u0259tl\u0259ri d\u0259 n\u0259hay\u0259t ayr\u0131se\u00e7- kiliy\u0259, ikili standartlara son qoyaraq aya\u011fa qalxs\u0131n v\u0259 q\u0259ti \u015f\u0259kild\u0259 c\u0259lladlara, manqurtlara, anti-b\u0259\u015f\u0259rl\u0259r\u0259 yox!!! \u2013 desin. \u00c7\u00fcnki bu g\u00fcn bizim Z\u0259h-ram\u0131za at\u0131lan g\u00fcll\u0259 sabah ba\u015fqa bir xalq\u0131n Z\u0259hra-s\u0131na, birisig\u00fcn b\u0259\u015f\u0259riyy\u0259tin g\u0259l\u0259c\u0259yin\u0259 (ax\u0131, u\u015faqlar planetimizin sabah\u0131d\u0131r) at\u0131la bil\u0259r.<br \/>\nSon s\u00f6z \u0259v\u0259zi<br \/>\nU\u015faqlar na\u011f\u0131llar\u0131 sevirl\u0259r. Y\u0259qin o d\u00fcnyada da n\u0259n\u0259si Z\u0259hran\u0131 na\u011f\u0131ls\u0131z qoymayacaq. B\u00fct\u00fcn na\u011f\u0131llar is\u0259 xo\u015f sonluqla bitir. Bu is\u0259 h\u0259yat, xeyirin t\u0259nt\u0259n\u0259sin\u0259 inam dem\u0259kdir. V\u0259 ki\u00e7ik Z\u0259hran\u0131n \u015f\u0259hid m\u0259zar\u0131ndan al-\u0259lvan g\u00fcll\u0259r ba\u015f qald\u0131racaq. H\u0259yat, \u0259min-amanl\u0131q, g\u00f6z\u0259llik, insana v\u0259 t\u0259bi\u0259t\u0259 m\u0259h\u0259bb\u0259t r\u0259mzi olan bu heyr\u0259tamiz g\u00fcll\u0259r sabah b\u00f6y\u00fck qay\u0131d\u0131\u015fdan sonrak\u0131 b\u00fct\u00fcn torpaqlar\u0131m\u0131zda bit\u0259c\u0259k, insanlar\u0131 qar\u015f\u0131l\u0131ql\u0131 sevgiy\u0259, ke\u00e7mi\u015fi unutmama\u011f\u0131, g\u0259l\u0259c\u0259yi qurma\u011fa s\u0259sl\u0259y\u0259c\u0259k.<br \/>\n\u015e\u0259hid m\u0259zar\u0131n m\u00fcbar\u0259k, balaca Z\u0259hra!<br \/>\nQ\u0259d\u0259ml\u0259rin m\u00fcbar\u0259k, Z\u0259hra g\u00fcl\u00fc!<br \/>\nSabah\u0131n xeyir, b\u00fctov Az\u0259rbaycan!<\/p>\n<p style=\"text-align: right;\"><strong><em>Zabil Zeynalov,<\/em><\/strong><br \/>\n<strong><em>Umudlu k\u0259nd tam orta m\u0259kt\u0259binin direktoru<\/em><\/strong><\/p>\n","protected":false},"excerpt":{"rendered":"<p>\u015e\u0259r vaxt\u0131 \u00f6z\u00fcyl\u0259 \u015f\u0259r g\u0259tirdi. Bir h\u0259y\u0259tin, bir k\u0259ndin, bir elin, k\u00fclli\u2013 Qaraba\u011f\u0131n, n\u0259hay\u0259td\u0259 Ulu v\u0259t\u0259nin\u2013Az\u0259rbaycan\u0131n dincliyi, sakitliyi g\u00fcll\u0259l\u0259ndi. Eyni b\u0259\u015f\u0259r \u00f6vlad\u0131 olaraq insan\u0131n insa-na inam\u0131, etibar\u0131 g\u00fcll\u0259l\u0259ndi. B\u0259\u015f\u0259riyy\u0259tin onsuz da laxlam\u0131\u015f m\u00f6vqeyi bir az da a\u015fa\u011f\u0131land\u0131. Haqqa, \u0259dal\u0259t\u0259 olan inam bir az da q\u0131r\u0131ld\u0131. \u201cMe\u015f\u0259y\u0259 insan g\u0259lmi\u015fdi&#8230;\u201d At\u0131lan m\u0259rmil\u0259r bir dinc h\u0259y\u0259ti \u00fc\u00e7 g\u00fcnahs\u0131z [&hellip;]<\/p>\n","protected":false},"author":2,"featured_media":0,"comment_status":"closed","ping_status":"closed","sticky":false,"template":"","format":"standard","meta":[],"categories":[10],"tags":[20],"_links":{"self":[{"href":"https:\/\/yeniterter.az\/index.php?rest_route=\/wp\/v2\/posts\/6975"}],"collection":[{"href":"https:\/\/yeniterter.az\/index.php?rest_route=\/wp\/v2\/posts"}],"about":[{"href":"https:\/\/yeniterter.az\/index.php?rest_route=\/wp\/v2\/types\/post"}],"author":[{"embeddable":true,"href":"https:\/\/yeniterter.az\/index.php?rest_route=\/wp\/v2\/users\/2"}],"replies":[{"embeddable":true,"href":"https:\/\/yeniterter.az\/index.php?rest_route=%2Fwp%2Fv2%2Fcomments&post=6975"}],"version-history":[{"count":0,"href":"https:\/\/yeniterter.az\/index.php?rest_route=\/wp\/v2\/posts\/6975\/revisions"}],"wp:attachment":[{"href":"https:\/\/yeniterter.az\/index.php?rest_route=%2Fwp%2Fv2%2Fmedia&parent=6975"}],"wp:term":[{"taxonomy":"category","embeddable":true,"href":"https:\/\/yeniterter.az\/index.php?rest_route=%2Fwp%2Fv2%2Fcategories&post=6975"},{"taxonomy":"post_tag","embeddable":true,"href":"https:\/\/yeniterter.az\/index.php?rest_route=%2Fwp%2Fv2%2Ftags&post=6975"}],"curies":[{"name":"wp","href":"https:\/\/api.w.org\/{rel}","templated":true}]}}