{"id":6957,"date":"2017-07-20T09:54:02","date_gmt":"2017-07-20T06:54:02","guid":{"rendered":"http:\/\/www.yeniterter.az\/?p=6957"},"modified":"2017-07-20T09:57:49","modified_gmt":"2017-07-20T06:57:49","slug":"beyn%c9%99lxalq-muzeyl%c9%99r-gunu-munasib%c9%99ti-il%c9%99","status":"publish","type":"post","link":"https:\/\/yeniterter.az\/?p=6957","title":{"rendered":"Beyn\u0259lxalq Muzeyl\u0259r G\u00fcn\u00fc m\u00fcnasib\u0259ti il\u0259"},"content":{"rendered":"<p><strong>RAYONUMUZUN TAR\u0130X\u0130N\u0130 \u018fKS ETD\u0130R\u018fN Z\u018fNG\u0130N M\u018fKAN<\/strong><\/p>\n<p><img decoding=\"async\" loading=\"lazy\" class=\" wp-image-6958 alignleft\" src=\"http:\/\/www.yeniterter.az\/wp-content\/uploads\/\u043d\u043e\u0432\u044b\u0439-1-6-300x282.jpg\" alt=\"\u043d\u043e\u0432\u044b\u0439-1\" width=\"171\" height=\"161\" srcset=\"https:\/\/yeniterter.az\/wp-content\/uploads\/\u043d\u043e\u0432\u044b\u0439-1-6-300x282.jpg 300w, https:\/\/yeniterter.az\/wp-content\/uploads\/\u043d\u043e\u0432\u044b\u0439-1-6-768x723.jpg 768w, https:\/\/yeniterter.az\/wp-content\/uploads\/\u043d\u043e\u0432\u044b\u0439-1-6.jpg 969w\" sizes=\"(max-width: 171px) 100vw, 171px\" \/>Az\u0259rbaycan\u0131n ictimai-siyasi, m\u0259d\u0259ni h\u0259yat\u0131nda XIX \u0259srin ikinci yar\u0131s\u0131ndan etibar\u0259n s\u00fcr\u0259tl\u0259 c\u0259r\u0259yan ed\u0259n prosesl\u0259r muzey i\u015finin t\u0259\u015fkilin\u0259 t\u0259kan verib. \u0130lk bel\u0259 muzeyl\u0259rd\u0259n biri g\u00f6rk\u0259mli \u0259dib C\u0259lil M\u0259mm\u0259dquluzad\u0259nin t\u0259\u015f\u0259bb\u00fcs\u00fc v\u0259 yax\u0131ndan i\u015ftirak\u0131 il\u0259 XIX \u0259srin sonlar\u0131nda Nax\u00e7\u0131van\u0131n Nehr\u0259m k\u0259nd m\u0259kt\u0259bind\u0259 t\u0259\u015fkil olunub. \u00d6lk\u0259mizd\u0259 ne\u00e7\u0259-ne\u00e7\u0259 tarixi abid\u0259 v\u0259 muzeyl\u0259rimiz \u00f6t\u0259n \u0259srin 90-c\u0131 ill\u0259rind\u0259n indiy\u0259 q\u0259d\u0259r erm\u0259ni i\u015f\u011fal\u00e7\u0131lar\u0131 t\u0259r\u0259find\u0259n qar\u0259t olunur v\u0259 da\u011f\u0131d\u0131l\u0131r.<br \/>\nT\u0259rt\u0259r rayon Tarix-Diyar\u015f\u00fcnasl\u0131q Muzeyi ilk d\u0259f\u0259 1982-ci ild\u0259 \u015f\u0259h\u0259r m\u0259d\u0259niyy\u0259t evinin 1 ki\u00e7ik ota\u011f\u0131nda i\u015f\u0259 ba\u015flay\u0131b. M\u00fcdiri Allahyar Musayev, i\u015f\u00e7isi Z\u0259min\u0259 Kaz\u0131mova olub. Onlar k\u0259ndb\u0259k\u0259nd g\u0259z\u0259r\u0259k q\u0259dim \u0259\u015fyalar\u0131 toplay\u0131b y\u0131\u011f\u0131rd\u0131lar. Bir ne\u00e7\u0259 ild\u0259n sonra is\u0259 muzey oradan k\u00f6\u00e7\u00fcr\u00fcl\u00fcb, T\u0259rt\u0259r C\u00fcm\u0259 M\u0259scidinin 1-ci m\u0259rt\u0259b\u0259sind\u0259, 3 ild\u0259n sonra is\u0259 2-ci m\u0259rt\u0259b\u0259sind\u0259 f\u0259aliyy\u0259tini davam etdirib. Uzun m\u00fcdd\u0259td\u0259n sonra T\u0259rt\u0259r \u015f\u0259h\u0259r U\u015faq Musiqi M\u0259kt\u0259binin 1-ci m\u0259rt\u0259b\u0259sind\u0259 2 dar\u0131sqal otaqda yerl\u0259\u015fdirilib.<!--more--><br \/>\nRayon ziyal\u0131lar\u0131n\u0131n, m\u0259kt\u0259b, m\u0259d\u0259niyy\u0259t, b\u0259l\u0259diyy\u0259 i\u015f\u00e7il\u0259rinin s\u0259yi n\u0259tic\u0259sind\u0259 onun fondu z\u0259nginl\u0259\u015fdirilib. 2015-ci ild\u0259 1500 eksponat vard\u0131sa, 2017-ci ild\u0259 bunlar\u0131n say\u0131 2000-\u0259 yax\u0131n olub. Rayonumuzun qocaman m\u00fc\u0259llimi v\u0259 ham\u0131m\u0131z\u0131n \u015fair\u0259 kimi tan\u0131d\u0131\u011f\u0131m\u0131z N\u00fcbar M\u0259d\u0259tli t\u0259r\u0259find\u0259n muzey\u0259 g\u00f6z\u0259l bir xal\u00e7a, Az\u0259rbaycan\u0131n Milli Q\u0259hr\u0259man\u0131 Elman H\u00fcseynovun \u00e7oxlu \u015f\u0259xsi \u0259\u015fyalar\u0131 v\u0259 ona aid olan \u00e7oxlu \u015f\u0259kill\u0259r t\u0259hvil verilib. Muzeyimizd\u0259 ilk tunc v\u0259 d\u0259mir d\u00f6vr\u00fcn\u0259 aid II-III minillikl\u0259ri \u00f6z\u00fcnd\u0259 \u0259ks etdir\u0259n bir \u00e7ox nadir eksponatlar, Borsunlu k\u0259ndind\u0259 1981-ci ild\u0259 arxeoloji qaz\u0131nt\u0131lar zaman\u0131 tap\u0131lm\u0131\u015f tunc niz\u0259 uclu\u011fu v\u0259 muncuqlar, saxs\u0131 k\u00fcpl\u0259r, antik d\u00f6rv\u0259 aid qazan, bo\u015fqab v\u0259 s. toplan\u0131b qay\u011f\u0131 il\u0259 qorunur. \u015e\u0259h\u0259r v\u0259 k\u0259nd m\u0259kt\u0259b kollektivl\u0259ri t\u0259r\u0259find\u0259n k\u00f6n\u00fcll\u00fc olaraq toplanm\u0131\u015f \u0259\u015fyalar h\u0259diyy\u0259 olaraq muzeyimiz\u0259 t\u0259qdim olunub.<br \/>\nMuzey yeddi b\u00f6lm\u0259d\u0259n ibar\u0259tdir: r\u0259ssaml\u0131q, heyk\u0259lt\u0259ra\u015fl\u0131q, n\u0259qqa\u015fl\u0131q, t\u0259sviri inc\u0259s\u0259n\u0259t, arxeoloji qaz\u0131nt\u0131, memarl\u0131q abid\u0259l\u0259ri, foto montajlar.<br \/>\nHal-haz\u0131rda rayon m\u0259rk\u0259zind\u0259 Prezident \u0130lham \u018fliyevin diqq\u0259t v\u0259 qay\u011f\u0131s\u0131 il\u0259 tarix-diyar\u015f\u00fcnasl\u0131q muzeyi \u00fc\u00e7\u00fcn m\u00fcasir \u00fcslubda ikim\u0259rt\u0259b\u0259li bina tikilib. Burada son ta-mamlama i\u015fl\u0259ri gedir. D\u00fc\u015f\u00fcn\u00fcr\u0259m ki, \u0259z\u0259m\u0259tli binan\u0131n a\u00e7\u0131l\u0131\u015f\u0131ndan sonra bura rayon sakinl\u0259rinin v\u0259 el\u0259c\u0259 d\u0259 rayonumuza g\u0259l\u0259n turistl\u0259rin ziyar\u0259t ed\u0259 bil\u0259c\u0259yi bir m\u0259kana \u00e7evril\u0259c\u0259k.<\/p>\n<p style=\"text-align: right;\"><strong><em>Ayb\u0259niz M\u0259mm\u0259dova,<\/em><\/strong><br \/>\n<strong><em> T\u0259rt\u0259r Tarix-Diyar\u015f\u00fcnasl\u0131q Muzeyinin m\u00fcdir \u0259v\u0259zi<\/em><\/strong><\/p>\n","protected":false},"excerpt":{"rendered":"<p>RAYONUMUZUN TAR\u0130X\u0130N\u0130 \u018fKS ETD\u0130R\u018fN Z\u018fNG\u0130N M\u018fKAN Az\u0259rbaycan\u0131n ictimai-siyasi, m\u0259d\u0259ni h\u0259yat\u0131nda XIX \u0259srin ikinci yar\u0131s\u0131ndan etibar\u0259n s\u00fcr\u0259tl\u0259 c\u0259r\u0259yan ed\u0259n prosesl\u0259r muzey i\u015finin t\u0259\u015fkilin\u0259 t\u0259kan verib. \u0130lk bel\u0259 muzeyl\u0259rd\u0259n biri g\u00f6rk\u0259mli \u0259dib C\u0259lil M\u0259mm\u0259dquluzad\u0259nin t\u0259\u015f\u0259bb\u00fcs\u00fc v\u0259 yax\u0131ndan i\u015ftirak\u0131 il\u0259 XIX \u0259srin sonlar\u0131nda Nax\u00e7\u0131van\u0131n Nehr\u0259m k\u0259nd m\u0259kt\u0259bind\u0259 t\u0259\u015fkil olunub. \u00d6lk\u0259mizd\u0259 ne\u00e7\u0259-ne\u00e7\u0259 tarixi abid\u0259 v\u0259 muzeyl\u0259rimiz \u00f6t\u0259n \u0259srin 90-c\u0131 [&hellip;]<\/p>\n","protected":false},"author":2,"featured_media":0,"comment_status":"closed","ping_status":"closed","sticky":false,"template":"","format":"standard","meta":[],"categories":[30],"tags":[32],"_links":{"self":[{"href":"https:\/\/yeniterter.az\/index.php?rest_route=\/wp\/v2\/posts\/6957"}],"collection":[{"href":"https:\/\/yeniterter.az\/index.php?rest_route=\/wp\/v2\/posts"}],"about":[{"href":"https:\/\/yeniterter.az\/index.php?rest_route=\/wp\/v2\/types\/post"}],"author":[{"embeddable":true,"href":"https:\/\/yeniterter.az\/index.php?rest_route=\/wp\/v2\/users\/2"}],"replies":[{"embeddable":true,"href":"https:\/\/yeniterter.az\/index.php?rest_route=%2Fwp%2Fv2%2Fcomments&post=6957"}],"version-history":[{"count":0,"href":"https:\/\/yeniterter.az\/index.php?rest_route=\/wp\/v2\/posts\/6957\/revisions"}],"wp:attachment":[{"href":"https:\/\/yeniterter.az\/index.php?rest_route=%2Fwp%2Fv2%2Fmedia&parent=6957"}],"wp:term":[{"taxonomy":"category","embeddable":true,"href":"https:\/\/yeniterter.az\/index.php?rest_route=%2Fwp%2Fv2%2Fcategories&post=6957"},{"taxonomy":"post_tag","embeddable":true,"href":"https:\/\/yeniterter.az\/index.php?rest_route=%2Fwp%2Fv2%2Ftags&post=6957"}],"curies":[{"name":"wp","href":"https:\/\/api.w.org\/{rel}","templated":true}]}}