{"id":6948,"date":"2017-07-10T13:43:53","date_gmt":"2017-07-10T10:43:53","guid":{"rendered":"http:\/\/www.yeniterter.az\/?p=6948"},"modified":"2017-07-10T13:43:53","modified_gmt":"2017-07-10T10:43:53","slug":"2017-ci-il-islam-h%c9%99mr%c9%99yliyi-ilidir-4","status":"publish","type":"post","link":"https:\/\/yeniterter.az\/?p=6948","title":{"rendered":"2017-ci \u0130L \u201c\u0130SLAM H\u018fMR\u018fYL\u0130Y\u0130 \u0130L\u0130\u201dD\u0130R"},"content":{"rendered":"<p><strong>D\u0130N\u0130 V\u018f M\u018fD\u018fN\u0130 M\u00dcXT\u018fL\u0130FL\u0130Y\u0130N HARMON\u0130YASI<\/strong><\/p>\n<p><img decoding=\"async\" loading=\"lazy\" class=\" wp-image-6949 alignleft\" src=\"http:\/\/www.yeniterter.az\/wp-content\/uploads\/79FC9316-1F37-48C0-A6DB-7CD1DD03819E_w1023_r1_s-300x200.jpg\" alt=\"79FC9316-1F37-48C0-A6DB-7CD1DD03819E_w1023_r1_s\" width=\"134\" height=\"89\" srcset=\"https:\/\/yeniterter.az\/wp-content\/uploads\/79FC9316-1F37-48C0-A6DB-7CD1DD03819E_w1023_r1_s-300x200.jpg 300w, https:\/\/yeniterter.az\/wp-content\/uploads\/79FC9316-1F37-48C0-A6DB-7CD1DD03819E_w1023_r1_s-768x512.jpg 768w, https:\/\/yeniterter.az\/wp-content\/uploads\/79FC9316-1F37-48C0-A6DB-7CD1DD03819E_w1023_r1_s.jpg 829w\" sizes=\"(max-width: 134px) 100vw, 134px\" \/>Haz\u0131rda \u0130slam d\u00fcnyas\u0131 \u00e7ox a\u011f\u0131r bir d\u00f6vr\u00fcn\u00fc ya\u015fay\u0131r. Ayr\u0131-ayr\u0131 \u00f6lk\u0259l\u0259rd\u0259 ba\u015f ver\u0259n qanl\u0131 m\u00fcnaqi\u015f\u0259l\u0259r, terror aktlar\u0131 \u00e7oxlu sayda g\u00fcnahs\u0131z insanlar\u0131n \u00f6l\u00fcm\u00fcn\u0259 s\u0259b\u0259b olur. Bunlar azm\u0131\u015f kimi, b\u0259zi Avropa d\u00f6vl\u0259tl\u0259ri \u0130slam\u0131 terrorla \u0259laq\u0259l\u0259ndirm\u0259y\u0259 c\u0259hd g\u00f6st\u0259rirl\u0259r. Halbuki, bu fikirl\u0259r absurddur. \u00c7\u00fcnki \u0130slam dininin \u0259sas\u0131n\u0131 humanizm, insanlara \u00fcmumb\u0259\u015f\u0259ri sevgi hissl\u0259rinin a\u015f\u0131lanmas\u0131 t\u0259\u015fkil edir.<br \/>\nBel\u0259 bir v\u0259ziyy\u0259td\u0259 m\u00fcs\u0259lman d\u00f6vl\u0259tl\u0259rinin birl\u0259\u015fm\u0259si \u00e7ox b\u00f6y\u00fck \u0259h\u0259miyy\u0259t k\u0259sb edir. T\u0259sad\u00fcf\u00fc deyil ki, Az\u0259rbaycan Respublikas\u0131n\u0131n Prezidenti 2017-ci ili \u201c\u0130slam H\u0259mr\u0259yliyi ili\u201d elan edib.<br \/>\n\u00d6lk\u0259miz m\u00fcst\u0259qil d\u00f6vl\u0259t kimi g\u0259nc olsa da, tolerantl\u0131\u011f\u0131n, dini d\u00f6z\u00fcml\u00fcy\u00fcn n\u00fcmun\u0259si kimi onun t\u0259cr\u00fcb\u0259si b\u00fct\u00fcn d\u00fcnyada geni\u015f yay\u0131l\u0131r. \u0130slam h\u0259mr\u0259yliyinin m\u00f6hk\u0259ml\u0259ndirilm\u0259si sah\u0259sind\u0259 d\u0259 Az\u0259rbaycan\u0131n xidm\u0259tl\u0259ri b\u00f6y\u00fckd\u00fcr. \u00d6lk\u0259mizin xarici siyas\u0259tinin prioritet istiqam\u0259tl\u0259rind\u0259n biri \u0130slam al\u0259mi il\u0259 daha s\u0131x m\u00fcnasib\u0259tl\u0259r yaratmaq, z\u00fclm\u0259 m\u0259ruz qalan y\u00fcz milyonlarla m\u00fcs\u0259lman\u0131n d\u0259rdin\u0259 \u015f\u0259rik \u00e7\u0131xmaqd\u0131r.<!--more--><br \/>\nBel\u0259 ki, Az\u0259rbaycan \u0130slam \u018fm\u0259kda\u015fl\u0131\u011f\u0131 T\u0259\u015fkilat\u0131n\u0131n, \u0130SESKO-nun, el\u0259c\u0259 d\u0259 m\u00fcs\u0259lman \u00f6lk\u0259l\u0259rini birl\u0259\u015fdir\u0259n dig\u0259r m\u00f6t\u0259b\u0259r t\u0259\u015fkilatlar\u0131n \u00fczv\u00fc kimi \u00fcz\u0259rin\u0259 d\u00fc\u015f\u0259n missiyan\u0131 layiqinc\u0259 yerin\u0259 yetirir. \u00d6lk\u0259miz \u0130slam h\u0259mr\u0259yliyinin m\u00f6hk\u0259ml\u0259ndirilm\u0259sin\u0259 t\u00f6hf\u0259 ver\u0259n \u0130\u018fT G\u0259ncl\u0259r Forumu, \u0130\u018fT \u018fm\u0259k M\u0259rk\u0259zi, \u0130\u018fT \u00fczv D\u00f6vl\u0259tl\u0259rin Jurnalistl\u0259ri Assosiasiyas\u0131 kimi yeni qurumlar\u0131n yarad\u0131lmas\u0131n\u0131n t\u0259\u015f\u0259bb\u00fcskar\u0131 olub.<br \/>\n\u0130slam h\u0259mr\u0259yliyi namin\u0259 h\u0259yata ke\u00e7iril\u0259n t\u0259dbirl\u0259r davam edir. 2009-cu ild\u0259 Bak\u0131 v\u0259 2018-ci ild\u0259 Nax\u00e7\u0131van \u015f\u0259h\u0259rl\u0259ri \u0130slam m\u0259d\u0259niyy\u0259tinin paytaxt\u0131 se\u00e7ilmi\u015fdir. \u201c\u0130slam h\u0259mr\u0259yliyi ili\u201d \u00e7\u0259r\u00e7iv\u0259sind\u0259 Az\u0259rbaycanda v\u0259 xaricd\u0259 silsil\u0259 t\u0259dbirl\u0259r davam edir. 54 m\u00fcs\u0259lman \u00f6lk\u0259sinin idman\u00e7\u0131lar\u0131n\u0131 bir araya g\u0259tir\u0259n IV \u0130slam H\u0259mr\u0259yliyi Oyunlar\u0131 buna parlaq misald\u0131r.<br \/>\nAz\u0259rbaycan\u0131n siyas\u0259ti milli d\u0259y\u0259rl\u0259r \u00fcz\u0259rind\u0259 quruldu\u011fu \u00fc\u00e7\u00fcn, b\u0259zi m\u00fcs\u0259lman d\u00f6vl\u0259tl\u0259rind\u0259n f\u0259rqli olaraq, \u00f6lk\u0259miz xaricd\u0259n t\u0259hdidl\u0259r\u0259, t\u0259zyiql\u0259r\u0259 duru\u015f g\u0259tirib m\u00fcst\u0259qil h\u0259yat\u0131n\u0131 davam etdirm\u0259y\u0259 qadirdir. Asiya il\u0259 Avropan\u0131n qovu\u015fu\u011funda yerl\u0259\u015f\u0259n Az\u0259rbaycan d\u00fcnyan\u0131n multikulturalizm m\u0259kan\u0131 kimi tan\u0131n\u0131r. T\u0259sad\u00fcfi deyil ki, M\u0259d\u0259niyy\u0259tl\u0259raras\u0131 Dialoq, Qlobal, Humanitar forumlar, D\u00fcnya Dini Liderl\u0259rinin Sammiti kimi m\u00f6t\u0259b\u0259r t\u0259dbirl\u0259r\u0259 m\u0259hz Bak\u0131 evsahibliyi edir.<br \/>\nAz\u0259rbaycanda insanlar\u0131n dini hissl\u0259rin\u0259 x\u00fcsusi h\u0259ssasl\u0131qla yana\u015f\u0131l\u0131r. Bu i\u015fl\u0259rin \u0259sas\u0131 Ulu \u00d6nd\u0259r Heyd\u0259r \u018fliyev t\u0259r\u0259find\u0259n qoyulub v\u0259 bu g\u00fcn Az\u0259rbaycan Respublikas\u0131n\u0131n Prezidenti \u0130lham \u018fliyev t\u0259r\u0259find\u0259n layiqinc\u0259 davam etdirilir.<br \/>\nAz\u0259rbaycan\u0131n s\u00fcr\u0259tli inki\u015faf\u0131, \u0259ld\u0259 olunan u\u011furlar bir daha s\u00fcbut edir ki, dini v\u0259 m\u0259d\u0259ni m\u00fcxt\u0259lifliyin harmoniyas\u0131 \u0259sas\u0131nda el\u0259 bir c\u0259miyy\u0259t yaratmaq olar ki, burada insanlar dinc, s\u00fclh v\u0259 \u0259min-amanl\u0131q \u015f\u0259raitind\u0259 ya\u015fas\u0131nlar.<\/p>\n<p style=\"text-align: right;\"><em><strong>\u201cYeni T\u0259rt\u0259r\u201d<\/strong> <\/em><\/p>\n","protected":false},"excerpt":{"rendered":"<p>D\u0130N\u0130 V\u018f M\u018fD\u018fN\u0130 M\u00dcXT\u018fL\u0130FL\u0130Y\u0130N HARMON\u0130YASI Haz\u0131rda \u0130slam d\u00fcnyas\u0131 \u00e7ox a\u011f\u0131r bir d\u00f6vr\u00fcn\u00fc ya\u015fay\u0131r. Ayr\u0131-ayr\u0131 \u00f6lk\u0259l\u0259rd\u0259 ba\u015f ver\u0259n qanl\u0131 m\u00fcnaqi\u015f\u0259l\u0259r, terror aktlar\u0131 \u00e7oxlu sayda g\u00fcnahs\u0131z insanlar\u0131n \u00f6l\u00fcm\u00fcn\u0259 s\u0259b\u0259b olur. Bunlar azm\u0131\u015f kimi, b\u0259zi Avropa d\u00f6vl\u0259tl\u0259ri \u0130slam\u0131 terrorla \u0259laq\u0259l\u0259ndirm\u0259y\u0259 c\u0259hd g\u00f6st\u0259rirl\u0259r. Halbuki, bu fikirl\u0259r absurddur. \u00c7\u00fcnki \u0130slam dininin \u0259sas\u0131n\u0131 humanizm, insanlara \u00fcmumb\u0259\u015f\u0259ri sevgi hissl\u0259rinin a\u015f\u0131lanmas\u0131 t\u0259\u015fkil edir. [&hellip;]<\/p>\n","protected":false},"author":2,"featured_media":0,"comment_status":"closed","ping_status":"closed","sticky":false,"template":"","format":"standard","meta":[],"categories":[10],"tags":[20],"_links":{"self":[{"href":"https:\/\/yeniterter.az\/index.php?rest_route=\/wp\/v2\/posts\/6948"}],"collection":[{"href":"https:\/\/yeniterter.az\/index.php?rest_route=\/wp\/v2\/posts"}],"about":[{"href":"https:\/\/yeniterter.az\/index.php?rest_route=\/wp\/v2\/types\/post"}],"author":[{"embeddable":true,"href":"https:\/\/yeniterter.az\/index.php?rest_route=\/wp\/v2\/users\/2"}],"replies":[{"embeddable":true,"href":"https:\/\/yeniterter.az\/index.php?rest_route=%2Fwp%2Fv2%2Fcomments&post=6948"}],"version-history":[{"count":0,"href":"https:\/\/yeniterter.az\/index.php?rest_route=\/wp\/v2\/posts\/6948\/revisions"}],"wp:attachment":[{"href":"https:\/\/yeniterter.az\/index.php?rest_route=%2Fwp%2Fv2%2Fmedia&parent=6948"}],"wp:term":[{"taxonomy":"category","embeddable":true,"href":"https:\/\/yeniterter.az\/index.php?rest_route=%2Fwp%2Fv2%2Fcategories&post=6948"},{"taxonomy":"post_tag","embeddable":true,"href":"https:\/\/yeniterter.az\/index.php?rest_route=%2Fwp%2Fv2%2Ftags&post=6948"}],"curies":[{"name":"wp","href":"https:\/\/api.w.org\/{rel}","templated":true}]}}