{"id":6934,"date":"2017-07-10T13:29:02","date_gmt":"2017-07-10T10:29:02","guid":{"rendered":"http:\/\/www.yeniterter.az\/?p=6934"},"modified":"2017-07-10T13:29:02","modified_gmt":"2017-07-10T10:29:02","slug":"erm%c9%99nistan-in-t%c9%99xribatci-%c9%99m%c9%99ll%c9%99ri-il%c9%99-bagli-cinay%c9%99t-isi-baslanib","status":"publish","type":"post","link":"https:\/\/yeniterter.az\/?p=6934","title":{"rendered":"ERM\u018fN\u0130STAN IN  T\u018fXR\u0130BAT\u00c7I \u018fM\u018fLL\u018fR\u0130 \u0130L\u018f BA\u011eLI C\u0130NAY\u018fT \u0130\u015e\u0130 BA\u015eLANIB"},"content":{"rendered":"<p>Erm\u0259nistan Silahl\u0131 Q\u00fcvv\u0259l\u0259ri iyulun 4-d\u0259 saat 20 rad\u0259l\u0259rind\u0259 Az\u0259rbaycan\u0131n i\u015f\u011fal olunmu\u015f \u0259razil\u0259rind\u0259n F\u00fczuli rayonunun Alxanl\u0131 k\u0259ndinin m\u00fclki \u0259halisinin v\u0259 m\u00fclki obyektl\u0259rinin \u0259razil\u0259rini mina v\u0259 qumbaraatanlardan at\u0259\u015f\u0259 tutaraq m\u00fclki \u0259halinin q\u0259sd\u0259n \u00f6ld\u00fcr\u00fclm\u0259si v\u0259 v\u0259t\u0259nda\u015flar\u0131n \u015f\u0259xsi m\u00fclkiyy\u0259tind\u0259 olan \u0259mlaklar\u0131n\u0131n q\u0259sd\u0259n m\u0259hv edilm\u0259si m\u0259qs\u0259dil\u0259 n\u00f6vb\u0259ti t\u0259xribat t\u00f6r\u0259dibl\u0259r.<br \/>\nN\u0259tic\u0259d\u0259 Alxanl\u0131 k\u0259nd sakinl\u0259ri &#8211; 1966-c\u0131 il t\u0259v\u0259ll\u00fcdl\u00fc Allahverdiyeva Sahib\u0259 \u0130dris q\u0131z\u0131 v\u0259 onun n\u0259v\u0259si 2016-c\u0131 il t\u0259v\u0259ll\u00fcdl\u00fc Quliyeva Z\u0259hra Elnur q\u0131z\u0131 h\u0259lak olub, dig\u0259r m\u00fclki \u015f\u0259xs 1965-ci il t\u0259v\u0259ll\u00fcdl\u00fc Quliyeva S\u0259lminaz \u0130ltifat q\u0131z\u0131 is\u0259 a\u011f\u0131r b\u0259d\u0259n x\u0259sar\u0259tl\u0259ri alaraq x\u0259st\u0259xanaya yerl\u0259\u015fdirilib.<br \/>\nH\u0259min faktlarla ba\u011fl\u0131 F\u00fczuli rayon prokurorlu\u011funda cinay\u0259t i\u015fi ba\u015flan\u0131b, istintaq apar\u0131l\u0131r.<\/p>\n","protected":false},"excerpt":{"rendered":"<p>Erm\u0259nistan Silahl\u0131 Q\u00fcvv\u0259l\u0259ri iyulun 4-d\u0259 saat 20 rad\u0259l\u0259rind\u0259 Az\u0259rbaycan\u0131n i\u015f\u011fal olunmu\u015f \u0259razil\u0259rind\u0259n F\u00fczuli rayonunun Alxanl\u0131 k\u0259ndinin m\u00fclki \u0259halisinin v\u0259 m\u00fclki obyektl\u0259rinin \u0259razil\u0259rini mina v\u0259 qumbaraatanlardan at\u0259\u015f\u0259 tutaraq m\u00fclki \u0259halinin q\u0259sd\u0259n \u00f6ld\u00fcr\u00fclm\u0259si v\u0259 v\u0259t\u0259nda\u015flar\u0131n \u015f\u0259xsi m\u00fclkiyy\u0259tind\u0259 olan \u0259mlaklar\u0131n\u0131n q\u0259sd\u0259n m\u0259hv edilm\u0259si m\u0259qs\u0259dil\u0259 n\u00f6vb\u0259ti t\u0259xribat t\u00f6r\u0259dibl\u0259r. N\u0259tic\u0259d\u0259 Alxanl\u0131 k\u0259nd sakinl\u0259ri &#8211; 1966-c\u0131 il t\u0259v\u0259ll\u00fcdl\u00fc Allahverdiyeva Sahib\u0259 \u0130dris [&hellip;]<\/p>\n","protected":false},"author":2,"featured_media":0,"comment_status":"closed","ping_status":"closed","sticky":false,"template":"","format":"standard","meta":[],"categories":[1],"tags":[13],"_links":{"self":[{"href":"https:\/\/yeniterter.az\/index.php?rest_route=\/wp\/v2\/posts\/6934"}],"collection":[{"href":"https:\/\/yeniterter.az\/index.php?rest_route=\/wp\/v2\/posts"}],"about":[{"href":"https:\/\/yeniterter.az\/index.php?rest_route=\/wp\/v2\/types\/post"}],"author":[{"embeddable":true,"href":"https:\/\/yeniterter.az\/index.php?rest_route=\/wp\/v2\/users\/2"}],"replies":[{"embeddable":true,"href":"https:\/\/yeniterter.az\/index.php?rest_route=%2Fwp%2Fv2%2Fcomments&post=6934"}],"version-history":[{"count":0,"href":"https:\/\/yeniterter.az\/index.php?rest_route=\/wp\/v2\/posts\/6934\/revisions"}],"wp:attachment":[{"href":"https:\/\/yeniterter.az\/index.php?rest_route=%2Fwp%2Fv2%2Fmedia&parent=6934"}],"wp:term":[{"taxonomy":"category","embeddable":true,"href":"https:\/\/yeniterter.az\/index.php?rest_route=%2Fwp%2Fv2%2Fcategories&post=6934"},{"taxonomy":"post_tag","embeddable":true,"href":"https:\/\/yeniterter.az\/index.php?rest_route=%2Fwp%2Fv2%2Ftags&post=6934"}],"curies":[{"name":"wp","href":"https:\/\/api.w.org\/{rel}","templated":true}]}}